{"id":260771,"date":"2025-11-28T18:44:14","date_gmt":"2025-11-28T18:44:14","guid":{"rendered":"https:\/\/www.europesays.com\/es\/260771\/"},"modified":"2025-11-28T18:44:14","modified_gmt":"2025-11-28T18:44:14","slug":"doomsday-desata-todo-tipo-de-teorias","status":"publish","type":"post","link":"https:\/\/www.europesays.com\/es\/260771\/","title":{"rendered":"Doomsday&#8217; desata todo tipo de teor\u00edas"},"content":{"rendered":"<p>Con el <a href=\"https:\/\/hipertextual.com\/cine-television\/confirmada-fecha-primer-trailer-avengers-doomsday\/\" rel=\"nofollow noopener\" target=\"_blank\">estreno del primer tr\u00e1iler de <strong>Avengers: Doomsday<\/strong><\/a> a la vuelta de la esquina, <strong>Robert Downey Jr.<\/strong> acaba de publicar un mensaje de lo m\u00e1s misterioso en redes sociales. El actor de <strong>Doctor Doom<\/strong>, <a href=\"https:\/\/hipertextual.com\/cine-television\/avengers-doomsday-primera-imagen-doctor-doom-robert-downey-jr\/\" rel=\"nofollow noopener\" target=\"_blank\">el gran villano de la pel\u00edcula<\/a>, ha aprovechado Acci\u00f3n de Gracias para felicitar a sus seguidores y fans con una imagen, como m\u00ednimo, peculiar.<\/p>\n<p>En su cuenta de <a href=\"https:\/\/www.instagram.com\/robertdowneyjr\/\" target=\"_blank\" rel=\"noreferrer noopener nofollow\">Instagram<\/a>, <strong>Robert Downey Jr.<\/strong> public\u00f3, sin ning\u00fan tipo de texto para acompa\u00f1ar, los brazos de <strong>Doctor Doom<\/strong> y de <strong>Iron Man<\/strong>. Ambos tiran de la espoleta del pavo, tradici\u00f3n seg\u00fan la cual, cuando el hueso se parta, quien obtenga la parte grande ver\u00e1 cumplido su deseo. Por supuesto, esta publicaci\u00f3n ha desatado infinidad de comentarios entre los fans, muchos de los cuales quieren incluso <a href=\"https:\/\/hipertextual.com\/cine-television\/principales-teorias-nueva-imagen-de-avengers-doomsday-explicadas\/\" rel=\"nofollow noopener\" target=\"_blank\">ver un mensaje oculto sobre Avengers: Doomsday<\/a>.<\/p>\n<p>A simple vista puede entenderse sencillamente como una forma de celebrar Acci\u00f3n de Gracias con sus dos personajes de Marvel. Tambi\u00e9n podr\u00eda verse como una fuerte de escena en la que <strong>Iron Man<\/strong> le pasa el testigo a <strong>Doctor Doom<\/strong>, dado el cambio de personaje del actor a partir de ahora en el UCM. Pero ya hay quienes apuntan a que eso ser\u00eda una nueva pista de que el villano ser\u00e1 una variante multiversal malvada de <strong>Tony Stark<\/strong>.<\/p>\n<p>\u00bfSer\u00e1 Doctor Doom una variante de Iron Man?<\/p>\n<p>De cara a Avengers: Doomsday, la llegada de <strong>Robert Downey Jr.<\/strong> como un nuevo personaje, y m\u00e1s un villano tan infame como <strong>Doctor Doom<\/strong>, es lo que m\u00e1s interesa al p\u00fablico. En los c\u00f3mics hay universos paralelos en los que este maquiav\u00e9lico antagonista es una variante de <strong>Tony Stark<\/strong>, algo con lo que podr\u00edan jugar en la nueva pel\u00edcula de Marvel para justificar que ambos compartan rostro. Aunque la mayor\u00eda de rumores y presuntas filtraciones abogan porque ser\u00e1 un personaje totalmente diferente en la franquicia, el <strong>Victor Von Doom<\/strong> cl\u00e1sico.<\/p>\n<p>Sea como sea, lo cierto es que <strong>Robert Downey Jr.<\/strong> se ha tomado muy en serio su fichaje por Avengers: Doomsday y su cambio de registro en Marvel. Para pasar de h\u00e9roe a villano, el actor se ha preparado a conciencia. \u00abHa escrito la historia de fondo [del personaje], ha dado ideas para el vestuario&#8230; Le encantan los personajes tridimensionales y creo que ve una gran oportunidad aqu\u00ed\u00bb, asegur\u00f3 hace unos meses el codirector, <strong>Anthony Russo<\/strong>.<\/p>\n<p>Avengers: Doomsday se estrena en cines el 18 de diciembre de 2026.<\/p>\n<p><a href=\"https:\/\/geni.us\/disney-plus-footer\" target=\"_blank\" rel=\" noreferrer noopener nofollow\"><img loading=\"lazy\" decoding=\"async\" width=\"360\" height=\"197\" alt=\"\" class=\"wp-image-1840708 perfmatters-lazy\" style=\"width:100px\" src=\"https:\/\/www.europesays.com\/es\/wp-content\/uploads\/2025\/08\/1756350495_822_disney-logo.jpeg\"  data-\/><\/a><\/p>\n<p class=\"has-text-align-center\" style=\"padding-top:0;padding-right:0;padding-bottom:0;padding-left:0;font-size:18px\">Disfruta de las mejores historias, en cualquier momento y en cualquier lugar. Series, pel\u00edculas y originales que no encontrar\u00e1s en ninguna otra plataforma: cl\u00e1sicos de siempre y los \u00faltimos estrenos. <a href=\"https:\/\/geni.us\/disney-plus-footer\" target=\"_blank\" rel=\"noreferrer noopener nofollow\">M\u00e1s econ\u00f3mico que nunca<\/a> con el nuevo plan con anuncios.<\/p>\n<p class=\"has-text-align-center\">Consejo ofrecido por Disney+<\/p>\n<p>\t<script async src=\"\/\/www.instagram.com\/embed.js\"><\/script><\/p>\n","protected":false},"excerpt":{"rendered":"Con el estreno del primer tr\u00e1iler de Avengers: Doomsday a la vuelta de la esquina, Robert Downey Jr.&hellip;\n","protected":false},"author":2,"featured_media":260772,"comment_status":"","ping_status":"","sticky":false,"template":"","format":"standard","meta":{"footnotes":""},"categories":[169],"tags":[177,146,147,25,24,176,175,23],"class_list":{"0":"post-260771","1":"post","2":"type-post","3":"status-publish","4":"format-standard","5":"has-post-thumbnail","7":"category-cine","8":"tag-cine","9":"tag-entertainment","10":"tag-entretenimiento","11":"tag-es","12":"tag-espana","13":"tag-film","14":"tag-movies","15":"tag-spain"},"share_on_mastodon":{"url":"https:\/\/pubeurope.com\/@es\/115628806422823794","error":""},"_links":{"self":[{"href":"https:\/\/www.europesays.com\/es\/wp-json\/wp\/v2\/posts\/260771","targetHints":{"allow":["GET"]}}],"collection":[{"href":"https:\/\/www.europesays.com\/es\/wp-json\/wp\/v2\/posts"}],"about":[{"href":"https:\/\/www.europesays.com\/es\/wp-json\/wp\/v2\/types\/post"}],"author":[{"embeddable":true,"href":"https:\/\/www.europesays.com\/es\/wp-json\/wp\/v2\/users\/2"}],"replies":[{"embeddable":true,"href":"https:\/\/www.europesays.com\/es\/wp-json\/wp\/v2\/comments?post=260771"}],"version-history":[{"count":0,"href":"https:\/\/www.europesays.com\/es\/wp-json\/wp\/v2\/posts\/260771\/revisions"}],"wp:featuredmedia":[{"embeddable":true,"href":"https:\/\/www.europesays.com\/es\/wp-json\/wp\/v2\/media\/260772"}],"wp:attachment":[{"href":"https:\/\/www.europesays.com\/es\/wp-json\/wp\/v2\/media?parent=260771"}],"wp:term":[{"taxonomy":"category","embeddable":true,"href":"https:\/\/www.europesays.com\/es\/wp-json\/wp\/v2\/categories?post=260771"},{"taxonomy":"post_tag","embeddable":true,"href":"https:\/\/www.europesays.com\/es\/wp-json\/wp\/v2\/tags?post=260771"}],"curies":[{"name":"wp","href":"https:\/\/api.w.org\/{rel}","templated":true}]}}