{"id":260775,"date":"2025-11-28T18:46:08","date_gmt":"2025-11-28T18:46:08","guid":{"rendered":"https:\/\/www.europesays.com\/es\/260775\/"},"modified":"2025-11-28T18:46:08","modified_gmt":"2025-11-28T18:46:08","slug":"la-variante-k-de-la-epidemia-de-gripe-es-mas-contagiosa-y-resistente-a-las-vacunas","status":"publish","type":"post","link":"https:\/\/www.europesays.com\/es\/260775\/","title":{"rendered":"La variante K de la epidemia de gripe es m\u00e1s contagiosa y resistente a las vacunas"},"content":{"rendered":"<p style=\"\">La variante K del virus de la gripe, responsable del <a href=\"https:\/\/www.abc.es\/salud\/enfermedades\/gripe-adelanta-puede-ano-casos-20251027160456-nt.html\" target=\"_self\" data-voc-vtm-id=\"in-text-traffic\" title=\"adelanto de la temporada gripal\" rel=\"nofollow noopener\">adelanto de la temporada gripal<\/a> y del r\u00e1pido incremento de contagios en Espa\u00f1a, ya se ha convertido en la protagonista indiscutible de este inicio epidemiol\u00f3gico. Tras detectar un aumento sostenido de casos y un  &#8230; adelanto de entre tres y cuatro semanas respecto a temporadas anteriores, los expertos apuntan a que esta <strong>variante del H3N2<\/strong> re\u00fane las caracter\u00edsticas que explican su expansi\u00f3n acelerada: <strong>mayor capacidad de transmisi\u00f3n<\/strong> y un escape parcial a la inmunidad generada por infecciones previas o por la vacuna actual. <\/p>\n<p class=\"voc-p\" style=\"\">El vir\u00f3logo Estanislao Nistal, investigador y profesor de Microbiolog\u00eda en la Facultad de Farmacia de la Universidad CEU San Pablo, detalla que la variante K ha acumulado siete mutaciones que <strong>afectan a los anticuerpos encargados de bloquear la infecci\u00f3n<\/strong>. Estas alteraciones hacen que el virus \u00abse parezca menos a las cepas previas incluidas en la vacuna de esta temporada\u00bb, lo que <a href=\"https:\/\/www.abc.es\/sociedad\/sanidad-plantea-volver-mascarillas-interiores-ciertos-casos-20251128120748-nt.html\" target=\"_self\" data-voc-vtm-id=\"in-text-traffic\" title=\"le facilita esquivar parte de la inmunidad\" rel=\"nofollow noopener\">le facilita esquivar parte de la inmunidad<\/a> y aumentar su propagaci\u00f3n. Este comportamiento ya se ha observado tambi\u00e9n en Jap\u00f3n, Reino Unido y Norteam\u00e9rica, donde se han registrado incrementos an\u00f3malos de casos en fechas tempranas. <\/p>\n<p>\nS\u00edntomas: fiebre alta, dolores musculares o tos seca\n<\/p>\n<p class=\"voc-p\" style=\"\">En cuanto a los s\u00edntomas, Nistal aclara que \u00abno existen signos cl\u00ednicos\u00bb de esta variante. \u00abLos cuadros que provoca son los propios de la gripe. Fiebre alta y s\u00fabita, dolores musculares, cefalea, tos seca y cansancio intenso\u00bb, detalla el vir\u00f3logo. El tratamiento, insiste, es el habitual, <strong>guardar<\/strong>\u00a0<strong>reposo, hidratarse y tomar medicamentos antigripales<\/strong> para aliviar los s\u00edntomas desde su aparici\u00f3n. \u00abNo hay un f\u00e1rmaco que cure la gripe \u2014advierte\u2014, pero tratar los s\u00edntomas temprano contribuye a minimizar complicaciones\u00bb. <\/p>\n<p>\nPoblaci\u00f3n de riesgo\n<\/p>\n<p class=\"voc-p\" style=\"\">Sobre la poblaci\u00f3n de riesgo, deben extremar las precauciones los ni\u00f1os peque\u00f1os, mayores de 65 a\u00f1os, embarazadas y personas inmunodeprimidas. Y aunque esta variante <strong>no supone \u00abun salto pand\u00e9mico\u00bb<\/strong>, s\u00ed representa un cambio relevante dentro del linaje H3N2. \u00abLa nueva deriva podr\u00eda influir en la composici\u00f3n de las vacunas de la pr\u00f3xima temporada\u00bb, advierte Nistal. <\/p>\n<p>\nLa vacunaci\u00f3n sigue siendo \u00abesencial\u00bb\n<\/p>\n<p class=\"voc-p\" style=\"\">No obstante, el vir\u00f3logo puntualiza que \u00abla vacunaci\u00f3n sigue siendo esencial\u00bb. Aunque su capacidad para prevenir la infecci\u00f3n sea menor, \u00abcontin\u00faa protegiendo de forma muy eficaz frente a enfermedad grave, complicaciones y hospitalizaciones\u00bb. De hecho, recuerda que la evidencia acumulada demuestra reducciones de riesgo superiores al 70% en grupos vulnerables, incluso en temporadas con desajuste entre vacuna y variante circulante. <strong>\u00abUna cosa es que sea menos eficaz frente al contagio y otra que deje de proteger frente a los cuadros graves\u00bb<\/strong>, subraya. <\/p>\n<p class=\"voc-p\" style=\"\">Respecto al adelanto de la ola gripal, el experto se\u00f1ala una combinaci\u00f3n de factores: alta circulaci\u00f3n infantil tras la vuelta al colegio, una cobertura vacunal insuficiente y la propia capacidad de transmisi\u00f3n de la variante K. El patr\u00f3n espa\u00f1ol coincide con el del resto del hemisferio norte: Francia, Reino Unido y Jap\u00f3n registran un adelanto similar y un claro predominio de la variante K, acompa\u00f1ado de un aumento paralelo del virus respiratorio sincitial, que tambi\u00e9n est\u00e1 en ascenso.<\/p>\n","protected":false},"excerpt":{"rendered":"La variante K del virus de la gripe, responsable del adelanto de la temporada gripal y del r\u00e1pido&hellip;\n","protected":false},"author":2,"featured_media":260776,"comment_status":"","ping_status":"","sticky":false,"template":"","format":"standard","meta":{"footnotes":""},"categories":[92],"tags":[971,21303,25,24,7749,165,3257,166,23,1454,2271],"class_list":{"0":"post-260775","1":"post","2":"type-post","3":"status-publish","4":"format-standard","5":"has-post-thumbnail","7":"category-salud","8":"tag-contagiosa","9":"tag-epidemia","10":"tag-es","11":"tag-espana","12":"tag-gripe","13":"tag-health","14":"tag-resistente","15":"tag-salud","16":"tag-spain","17":"tag-vacunas","18":"tag-variante"},"share_on_mastodon":{"url":"https:\/\/pubeurope.com\/@es\/115628814207780906","error":""},"_links":{"self":[{"href":"https:\/\/www.europesays.com\/es\/wp-json\/wp\/v2\/posts\/260775","targetHints":{"allow":["GET"]}}],"collection":[{"href":"https:\/\/www.europesays.com\/es\/wp-json\/wp\/v2\/posts"}],"about":[{"href":"https:\/\/www.europesays.com\/es\/wp-json\/wp\/v2\/types\/post"}],"author":[{"embeddable":true,"href":"https:\/\/www.europesays.com\/es\/wp-json\/wp\/v2\/users\/2"}],"replies":[{"embeddable":true,"href":"https:\/\/www.europesays.com\/es\/wp-json\/wp\/v2\/comments?post=260775"}],"version-history":[{"count":0,"href":"https:\/\/www.europesays.com\/es\/wp-json\/wp\/v2\/posts\/260775\/revisions"}],"wp:featuredmedia":[{"embeddable":true,"href":"https:\/\/www.europesays.com\/es\/wp-json\/wp\/v2\/media\/260776"}],"wp:attachment":[{"href":"https:\/\/www.europesays.com\/es\/wp-json\/wp\/v2\/media?parent=260775"}],"wp:term":[{"taxonomy":"category","embeddable":true,"href":"https:\/\/www.europesays.com\/es\/wp-json\/wp\/v2\/categories?post=260775"},{"taxonomy":"post_tag","embeddable":true,"href":"https:\/\/www.europesays.com\/es\/wp-json\/wp\/v2\/tags?post=260775"}],"curies":[{"name":"wp","href":"https:\/\/api.w.org\/{rel}","templated":true}]}}