{"id":260777,"date":"2025-11-28T18:47:10","date_gmt":"2025-11-28T18:47:10","guid":{"rendered":"https:\/\/www.europesays.com\/es\/260777\/"},"modified":"2025-11-28T18:47:10","modified_gmt":"2025-11-28T18:47:10","slug":"denuncio-publicamente-la-estafa-no-decide-la-audiencia-deciden-los-directivos","status":"publish","type":"post","link":"https:\/\/www.europesays.com\/es\/260777\/","title":{"rendered":"Denuncio p\u00fablicamente la estafa. No decide la audiencia, deciden los directivos"},"content":{"rendered":"\n<p> <strong>A\u00edda N\u00edzar<\/strong> sigue fiel a su esencia y sin miedo a decir lo que piensa. Esta vez lo ha hecho a trav\u00e9s de varias historias de Instagram <strong>criticando duramente la actual edici\u00f3n de <\/strong><strong>Gran Hermano<\/strong>, el formato con el que salt\u00f3 a la fama en su quinta edici\u00f3n. <\/p>\n<p> La medi\u00e1tica colaboradora de televisi\u00f3n no se corta y mientras anoche ve\u00eda la nueva gala de GH 20, comentaba lo siguiente: <strong>\u00abEst\u00e1 hundido <\/strong><strong>Gran Hermano<\/strong>, \u00bfsab\u00e9is por qu\u00e9? Porque lo est\u00e1n guionizando para que nos entretenga, si es que esto entretiene algo. Hoy he preferido ver a Los Borbones que esta bazofia\u00bb <\/p>\n<p> \u00abNo hay autenticidad. De verdad, Jorge, \u00bfqu\u00e9 est\u00e1 pasando? Lo peor de GH, director, directora&#8230; Esto no es Gran Hermano. <strong>Esto es una manipulaci\u00f3n<\/strong>\u00ab, son sus palabras exactas mientras ve\u00eda c\u00f3mo \u00cd\u00f1igo era supuestamente expulsado. <\/p>\n<p> Y lo cierto es que Aida ya sab\u00eda lo que iba a pasar: <strong>\u00abDespu\u00e9s de esta pantomima&#8230; el p\u00fablico vota en tres minutos y para dentro de nuevo. <\/strong>Mareaos nos ten\u00e9is, por eso est\u00e1is en 500.000 <a href=\"https:\/\/www.elconfidencial.com\/television\/programas-tv\/2025-11-28\/audiencias-27-noviembre-2025-gran-hermano-20_4256391\/\" target=\"_blank\" rel=\"nofollow noopener\">espectadores<\/a>. Eso no lo hac\u00eda A\u00edda N\u00edzar ni en los anuncios. Como dec\u00eda Xavier Sard\u00e1, &#8216;no te pago para tanto\u00bb. <\/p>\n<p>                A\u00edda N\u00edzar en &#8216;GH VIP&#8217;. (Mediaset Espa\u00f1a)            <\/p>\n<p> La celebrity que levant\u00f3 la audiencia de la quinta edici\u00f3n de GH VIP en Telecinco, en el momento en el que el presentador iba a comunicar que los espectadores decid\u00edan que <a href=\"https:\/\/www.elconfidencial.com\/television\/programas-tv\/2025-11-28\/gran-hermano-expulsion-fulminante-inigo-audiencia_4256357\/\" target=\"_blank\" rel=\"nofollow noopener\">el concursante no fuera realmente expulsado<\/a>, dec\u00eda lo siguiente: \u00abLa esencia de GH era ser genuino, aut\u00e9ntico. <strong>S\u00ed, la audiencia ha decidido, los directivos&#8230;\u00bb.<\/strong> <\/p>\n<p> \u00abEstafa televisiva, \u00bfqui\u00e9n permite este enga\u00f1o? \u00bfQu\u00e9 pantomima es esta?, por favor. <strong>Denuncio p\u00fablicamente la estafa de <\/strong><strong>Gran Hermano<\/strong><strong>. <\/strong>El programa que me vio crecer&#8230; esto no pasar\u00eda con los grandes directivos que hab\u00eda antes y mira que me la han jugado un mont\u00f3n de veces\u00bb, a\u00f1ad\u00eda. <\/p>\n<p> Para finalizar, secundaba as\u00ed su opini\u00f3n: <strong>\u00abHasta Jorge est\u00e1 tragando y aguantando carros y carretas.<\/strong> Que esto no lo ha decidido la audiencia, lo han hecho los directivos\u00bb. A\u00edda se suma a los comentarios de <a href=\"https:\/\/www.elconfidencial.com\/television\/programas-tv\/2025-11-06\/gran-hermano-concursante-gh1-gh20-carga-telecinco_4242900\/\" target=\"_blank\" rel=\"nofollow noopener\">\u00cd\u00f1igo Gonz\u00e1lez<\/a> de la primera edici\u00f3n, <a href=\"https:\/\/www.elconfidencial.com\/television\/programas-tv\/2025-11-19\/gran-hermano-jorge-javier-nagore-gh20_4250505\/\" target=\"_blank\" rel=\"nofollow noopener\">Raquel Morillas<\/a> de la tercera y <a href=\"https:\/\/www.elconfidencial.com\/television\/programas-tv\/2025-11-27\/criticas-gh20-gran-hermano-mercedes-mila_4255842\/\" target=\"_blank\" rel=\"nofollow noopener\">Tatiana<\/a> de la und\u00e9cima. <\/p>\n<p> <strong>A\u00edda N\u00edzar<\/strong> sigue fiel a su esencia y sin miedo a decir lo que piensa. Esta vez lo ha hecho a trav\u00e9s de varias historias de Instagram <strong>criticando duramente la actual edici\u00f3n de <\/strong><strong>Gran Hermano<\/strong>, el formato con el que salt\u00f3 a la fama en su quinta edici\u00f3n. <\/p>\n","protected":false},"excerpt":{"rendered":"A\u00edda N\u00edzar sigue fiel a su esencia y sin miedo a decir lo que piensa. Esta vez lo&hellip;\n","protected":false},"author":2,"featured_media":260778,"comment_status":"","ping_status":"","sticky":false,"template":"","format":"standard","meta":{"footnotes":""},"categories":[91],"tags":[146,147,25,24,23],"class_list":{"0":"post-260777","1":"post","2":"type-post","3":"status-publish","4":"format-standard","5":"has-post-thumbnail","7":"category-entretenimiento","8":"tag-entertainment","9":"tag-entretenimiento","10":"tag-es","11":"tag-espana","12":"tag-spain"},"share_on_mastodon":{"url":"https:\/\/pubeurope.com\/@es\/115628818063815733","error":""},"_links":{"self":[{"href":"https:\/\/www.europesays.com\/es\/wp-json\/wp\/v2\/posts\/260777","targetHints":{"allow":["GET"]}}],"collection":[{"href":"https:\/\/www.europesays.com\/es\/wp-json\/wp\/v2\/posts"}],"about":[{"href":"https:\/\/www.europesays.com\/es\/wp-json\/wp\/v2\/types\/post"}],"author":[{"embeddable":true,"href":"https:\/\/www.europesays.com\/es\/wp-json\/wp\/v2\/users\/2"}],"replies":[{"embeddable":true,"href":"https:\/\/www.europesays.com\/es\/wp-json\/wp\/v2\/comments?post=260777"}],"version-history":[{"count":0,"href":"https:\/\/www.europesays.com\/es\/wp-json\/wp\/v2\/posts\/260777\/revisions"}],"wp:featuredmedia":[{"embeddable":true,"href":"https:\/\/www.europesays.com\/es\/wp-json\/wp\/v2\/media\/260778"}],"wp:attachment":[{"href":"https:\/\/www.europesays.com\/es\/wp-json\/wp\/v2\/media?parent=260777"}],"wp:term":[{"taxonomy":"category","embeddable":true,"href":"https:\/\/www.europesays.com\/es\/wp-json\/wp\/v2\/categories?post=260777"},{"taxonomy":"post_tag","embeddable":true,"href":"https:\/\/www.europesays.com\/es\/wp-json\/wp\/v2\/tags?post=260777"}],"curies":[{"name":"wp","href":"https:\/\/api.w.org\/{rel}","templated":true}]}}