{"id":260783,"date":"2025-11-28T18:50:12","date_gmt":"2025-11-28T18:50:12","guid":{"rendered":"https:\/\/www.europesays.com\/es\/260783\/"},"modified":"2025-11-28T18:50:12","modified_gmt":"2025-11-28T18:50:12","slug":"el-papa-leon-xiv-en-nicea-retorno-al-lugar-de-la-invencion-del-cristianismo-internacional","status":"publish","type":"post","link":"https:\/\/www.europesays.com\/es\/260783\/","title":{"rendered":"El papa Le\u00f3n XIV, en Nicea: retorno al lugar de la invenci\u00f3n del cristianismo | Internacional"},"content":{"rendered":"<p class=\"\">En <a href=\"https:\/\/elpais.com\/internacional\/2025-11-27\/el-papa-leon-xiv-defiende-en-turquia-la-libertad-religiosa-y-el-papel-de-la-mujer-una-sociedad-esta-viva-si-es-plural.html\" target=\"_self\" rel=\"nofollow noopener\" title=\"https:\/\/elpais.com\/internacional\/2025-11-27\/el-papa-leon-xiv-defiende-en-turquia-la-libertad-religiosa-y-el-papel-de-la-mujer-una-sociedad-esta-viva-si-es-plural.html\">Iznik, la antigua Nicea<\/a>, peque\u00f1a localidad turca al borde de un lago, no queda casi nada de lo que era el mundo de hace 1.700 a\u00f1os, cuando aqu\u00ed se celebr\u00f3 el primer concilio cristiano. A mediod\u00eda, el Papa llegaba en helic\u00f3ptero y resonaba en las mezquitas el canto de la llamada a la oraci\u00f3n. <\/p>\n<p class=\"\">Lo \u00fanico que hay de aquella era remota \u2014el palacio imperial donde se celebr\u00f3 el concilio no ha sido hallado\u2014 es la planta de la bas\u00edlica de San Ne\u00f3fito, del siglo V. Estuvo siglos sumergida y olvidada bajo las aguas del lago hasta que se descubri\u00f3 con im\u00e1genes a\u00e9reas en 2014. Ahora est\u00e1 en la orilla, rescatada por un plan arqueol\u00f3gico, y se contempla desde una pasarela. As\u00ed la ha visto este viernes Le\u00f3n XIV, <a href=\"https:\/\/elpais.com\/internacional\/2025-11-27\/el-viaje-del-papa-leon-xiv-a-turquia-en-imagenes.html\" target=\"_self\" rel=\"nofollow noopener\" title=\"https:\/\/elpais.com\/internacional\/2025-11-27\/el-viaje-del-papa-leon-xiv-a-turquia-en-imagenes.html\">el primer papa que visita este lugar<\/a> casi m\u00edtico para la Iglesia, donde est\u00e1n las ra\u00edces de la fe \u2014aqu\u00ed se pact\u00f3 el Credo, a\u00fan vigente, el 19 de junio de 325 con solo dos votos en contra\u2014. Pero Nicea es un s\u00edmbolo de la unidad y tambi\u00e9n de lo que lleva a la divisi\u00f3n, porque el propio cristianismo se acabar\u00eda rompiendo entre Oriente y Occidente.<\/p>\n<p class=\"\">El Papa ha celebrado aqu\u00ed un rito de oraci\u00f3n con patriarcas de las iglesias ortodoxas, separadas desde 1054, en un momento de uni\u00f3n que evocaba el pasado y que es un paso hacia una unidad perdida, a\u00fan muy ut\u00f3pica. Los propios ortodoxos est\u00e1n divididos, con una fractura con el patriarcado de Mosc\u00fa, agudizada por la guerra de Ucrania, pa\u00eds con su propia iglesia. Cirilo, el patriarca de Mosc\u00fa, no estaba invitado. Tambi\u00e9n han asistido representantes de otras iglesias latinas, luteranos, metodistas y otras confesiones cristianas, una mezcla de h\u00e1bitos y ropajes que era una enciclopedia de historia de las religiones.<\/p>\n<p class=\"\">En su discurso, el Pont\u00edfice ha hilado el pasado con el presente para llamar a superar las discordias tanto en la fe como la historia, en esta primera etapa en Turqu\u00eda de su primer viaje internacional que <a href=\"https:\/\/elpais.com\/internacional\/2025-11-27\/leon-xiv-emprende-su-primer-viaje-ira-a-turquia-y-libano-y-se-acercara-a-la-linea-de-combate-con-israel.html\" target=\"_self\" rel=\"nofollow noopener\" title=\"https:\/\/elpais.com\/internacional\/2025-11-27\/leon-xiv-emprende-su-primer-viaje-ira-a-turquia-y-libano-y-se-acercara-a-la-linea-de-combate-con-israel.html\">tambi\u00e9n le llevar\u00e1 a L\u00edbano<\/a> el domingo: \u201cExiste una hermandad universal, independientemente de la etnia, la nacionalidad, la religi\u00f3n o la opini\u00f3n. Las religiones, por su naturaleza, son depositarias de esta verdad y deber\u00edan animar a las personas, a los grupos humanos y a los pueblos a reconocerla y practicarla\u201d, ha dicho.<\/p>\n<p><img decoding=\"auto\" class=\"_re lazyload a_m-h\" height=\"277\"  width=\"414\"  src=\"https:\/\/www.europesays.com\/es\/wp-content\/uploads\/2025\/11\/A54GFAS2RRIZ3JZFZQ55K34RJA.jpg\" loading=\"lazy\"\/>El Papa, ante los restos de la bas\u00edlica de San Ne\u00f3fito, en Iznik, este viernes.ALESSANDRO DI MEO (EFE)<\/p>\n<p class=\"\">Consciente de que la propia fe ha sido y es a veces un problema, ha recordado que \u201cel uso de la religi\u00f3n para justificar la guerra y la violencia, como cualquier forma de fundamentalismo y fanatismo, debe ser rechazado con firmeza\u201d. El camino a seguir, ha dicho, es \u201cel encuentro fraternal, el di\u00e1logo y la colaboraci\u00f3n\u201d. <\/p>\n<p>Sin menci\u00f3n a Gaza <\/p>\n<p class=\"\">Esto es lo m\u00e1s pegado a la actualidad que ha dicho Robert Prevost, y de forma abstracta, en una jornada de discursos en la que el tono religioso ha sido predominante. Los medios turcos est\u00e1n un poco decepcionados de que no haya hablado de Gaza.<\/p>\n<p class=\"\">Iznik, a dos horas de Estambul en coche, rodeado de olivos, vi\u00f1edos y monta\u00f1as, es un lugar evocador. Uno de esos parajes rurales de Anatolia donde se suceden templos de Dionisos, alcantarillados romanos, restos paleocristianos, ruinas de las cruzadas y mezquitas otomanas. La bas\u00edlica surgida de las aguas es una arcaica huella dactilar de la identidad cristiana, que remite a un momento hist\u00f3rico fascinante: en el a\u00f1o 325 se termina de ensamblar una religi\u00f3n que a partir de ese momento comienza una expansi\u00f3n imparable.<\/p>\n<p class=\"\">El propio Le\u00f3n XIV ha se\u00f1alado en sus palabras uno de los secretos de la supervivencia del cristianismo a trav\u00e9s de dos milenios: ha destacado que el concilio \u201clogr\u00f3 mediar la esencia de la fe a trav\u00e9s de las categor\u00edas culturales y filos\u00f3ficas de la \u00e9poca\u201d. \u201cDebemos distinguir el n\u00facleo de la fe de las f\u00f3rmulas y formas hist\u00f3ricas que lo expresan, las cuales siempre son parciales y provisorias\u201d, insisti\u00f3. Siendo un papa que ha llegado a <a href=\"https:\/\/elpais.com\/internacional\/2025-05-09\/el-papa-inicia-su-mandato-con-estilo-conciliador-para-cerrar-heridas.html\" target=\"_self\" rel=\"nofollow noopener\" title=\"https:\/\/elpais.com\/internacional\/2025-05-09\/el-papa-inicia-su-mandato-con-estilo-conciliador-para-cerrar-heridas.html\">poner paz en una Iglesia cat\u00f3lica muy dividida<\/a>, es una invitaci\u00f3n a no perderse en lo accesorio y centrarse en la esencia del asunto. De hecho, lo cierto es que el credo fijado entonces constituye todav\u00eda, 1.700 a\u00f1os despu\u00e9s, una base com\u00fan de fe a pesar del resto de diferencias y de los cismas entre todas las iglesias cristianas.<\/p>\n<p class=\"\">Al concilio de Nicea acudieron unos 300 obispos, pero solo seis occidentales (el papa Silvestro I no fue porque estaba muy mayor), y entre ellos el de C\u00f3rdoba. Establecieron mediante voto lo que es verdad y lo que no, qu\u00e9 creencias son las aut\u00e9nticas. Una base s\u00f3lida sobre la que comenz\u00f3 una lenta superposici\u00f3n de estructuras pol\u00edticas y religiosas, la clave del \u00e9xito de la nueva religi\u00f3n. <\/p>\n<p>El primer concilio imperial <\/p>\n<p class=\"\">Fue el primer concilio imperial, convocado y presidido por el emperador: la entrada inaugural de la pol\u00edtica en la religi\u00f3n cristiana. Tambi\u00e9n fueron imperiales los ocho siguientes concilios hasta el siglo IX. A partir de entonces las iglesias de Oriente ya no los reconocieron.<\/p>\n<p><img decoding=\"auto\" class=\"_re lazyload a_m-h\" height=\"282\"  width=\"414\"  src=\"https:\/\/www.europesays.com\/es\/wp-content\/uploads\/2025\/11\/P3PSRKKEJVOBZF5MR7MZ7VYS3E.jpg\" loading=\"lazy\"\/>El papa Le\u00f3n XIV con el patriarca Bartolomeo I de Constantinopla, este viernes en la antigua Nicea.ALESSANDRO DI MEO (EFE)<\/p>\n<p class=\"\">Constantino, que en 313 hab\u00eda establecido la libertad religiosa, llam\u00f3 a los cristianos a resolver sus diferencias porque no quer\u00eda l\u00edos. Acababa de adue\u00f1arse del imperio romano oriental y la nueva fe era un elemento de unificaci\u00f3n social que no quer\u00eda que se descontrolara. Las comunidades orientales se estaban peleando por cuestiones teol\u00f3gicas que hoy pueden parecer marcianas, pero es que el cristianismo todav\u00eda se estaba inventando. Constantino aparece muy cercano a la mentalidad de hoy, pues para \u00e9l aquellas diatribas eran \u201cun desacuerdo sobre sofisticaciones que nadie entiende\u201d.<\/p>\n<p class=\"\">La principal pelea era sobre la naturaleza de Cristo, asunto rebuscado pero esencial, que hoy, para Le\u00f3n XIV, en realidad sigue siendo muy actual. El gran debate entonces fue sobre si Cristo era tan dios como el propio Dios, una sola cosa, o estaba un escal\u00f3n por debajo. Siendo su hijo, se argumentaba, hab\u00eda sido posterior. Por tanto, formaba parte del tiempo humano, no estaba en la eternidad. El arrianismo era de esta opini\u00f3n, de efectos teol\u00f3gicos preocupantes. Y adem\u00e1s, su defensor, Arriano, predicador libio de Alejandr\u00eda, ten\u00eda una gran habilidad comunicadora: descubri\u00f3 el \u00e9xito de publicitar un mensaje mediante canciones, tuvo una propagaci\u00f3n muy notable.<\/p>\n<p class=\"\">Arriano perdi\u00f3 por goleada en el concilio \u2014seg\u00fan algunas fuentes, en un momento de la discusi\u00f3n se lleg\u00f3 a las bofetadas\u2014, pero para Le\u00f3n XIV aquellas disquisiciones no son tan lejanas. El Papa hab\u00eda alertado por la ma\u00f1ana en Estambul de una especie de \u201cregreso del arrianismo\u201d en la cultura actual y \u201chasta en los propios creyentes\u201d, cuando se le toma simplemente por un gran fil\u00f3sofo o modelo de conducta. Lo ha explicado as\u00ed: \u201cCuando se ve a Jes\u00fas con admiraci\u00f3n humana, incluso a\u00fan con esp\u00edritu religioso, pero sin considerarlo realmente como el Dios vivo y verdadero (\u2026) Nos limitamos a considerarlo un personaje hist\u00f3rico, un maestro sabio, un profeta que ha luchado por la justicia, pero nada m\u00e1s\u201d. En Iznik ha insistido en \u201cel riesgo de reducir a Jesucristo a una especie de l\u00edder carism\u00e1tico o superhombre\u201d.<\/p>\n<p class=\"\">En Nicea tambi\u00e9n se decidieron otras cosas, por ejemplo, que un cl\u00e9rigo no pod\u00eda vivir con una mujer, excepto si era su madre, una hermana o una t\u00eda. Otro de sus hitos fue fijar una fecha com\u00fan para la Pascua, otro elemento com\u00fan que luego volver\u00eda a romperse en el siglo XVI con la adopci\u00f3n en Occidente del calendario gregoriano. Pero es tambi\u00e9n relevante que se marc\u00f3 una Pascua propia para diferenciarla de la jud\u00eda, un paso m\u00e1s hacia una distancia de las ra\u00edces que se agrandar\u00e1 con el tiempo, y que a partir del siglo V empezar\u00e1 a concretarse en legislaci\u00f3n contra los hebreos. Con los resultados conocidos a trav\u00e9s de los siglos. En Estambul, por la ma\u00f1ana, el Papa se reuni\u00f3 con el rabino de la ciudad.<\/p>\n<p class=\"\">Como detalle de color, al igual que en toda visita papal a Turqu\u00eda que se precie, por fin ha aparecido Ali Agca, el terrorista turco que dispar\u00f3 a Juan Pablo II en 1981, y que fue puesto en libertad en 2010 tras una condena de 29 a\u00f1os de c\u00e1rcel. Resulta que hab\u00eda ido a Iznik para intentar ver al Papa y hablar con \u00e9l \u201cdos o tres minutos\u201d, pero seg\u00fan los medios turcos ha sido detenido por la polic\u00eda y acompa\u00f1ado a Estambul.<\/p>\n","protected":false},"excerpt":{"rendered":"En Iznik, la antigua Nicea, peque\u00f1a localidad turca al borde de un lago, no queda casi nada de&hellip;\n","protected":false},"author":2,"featured_media":260784,"comment_status":"","ping_status":"","sticky":false,"template":"","format":"standard","meta":{"footnotes":""},"categories":[42],"tags":[17,18,70,18690,13,14,69,11,61,62,63,64,19,20,9,10,15,16,400,5603,12,8584,7081,21,22,432,65,66,67],"class_list":{"0":"post-260783","1":"post","2":"type-post","3":"status-publish","4":"format-standard","5":"has-post-thumbnail","7":"category-internacional","8":"tag-breaking-news","9":"tag-breakingnews","10":"tag-conflictos","11":"tag-cristianismo","12":"tag-featured-news","13":"tag-featurednews","14":"tag-guerra","15":"tag-headlines","16":"tag-internacional","17":"tag-international","18":"tag-international-news","19":"tag-internationalnews","20":"tag-latest-news","21":"tag-latestnews","22":"tag-news","23":"tag-noticias","24":"tag-noticias-destacadas","25":"tag-noticiasdestacadas","26":"tag-papa-leon-xiv","27":"tag-religion","28":"tag-titulares","29":"tag-turquia","30":"tag-ucrania","31":"tag-ultimas-noticias","32":"tag-ultimasnoticias","33":"tag-violencia","34":"tag-world","35":"tag-world-news","36":"tag-worldnews"},"share_on_mastodon":{"url":"https:\/\/pubeurope.com\/@es\/115628830502197720","error":""},"_links":{"self":[{"href":"https:\/\/www.europesays.com\/es\/wp-json\/wp\/v2\/posts\/260783","targetHints":{"allow":["GET"]}}],"collection":[{"href":"https:\/\/www.europesays.com\/es\/wp-json\/wp\/v2\/posts"}],"about":[{"href":"https:\/\/www.europesays.com\/es\/wp-json\/wp\/v2\/types\/post"}],"author":[{"embeddable":true,"href":"https:\/\/www.europesays.com\/es\/wp-json\/wp\/v2\/users\/2"}],"replies":[{"embeddable":true,"href":"https:\/\/www.europesays.com\/es\/wp-json\/wp\/v2\/comments?post=260783"}],"version-history":[{"count":0,"href":"https:\/\/www.europesays.com\/es\/wp-json\/wp\/v2\/posts\/260783\/revisions"}],"wp:featuredmedia":[{"embeddable":true,"href":"https:\/\/www.europesays.com\/es\/wp-json\/wp\/v2\/media\/260784"}],"wp:attachment":[{"href":"https:\/\/www.europesays.com\/es\/wp-json\/wp\/v2\/media?parent=260783"}],"wp:term":[{"taxonomy":"category","embeddable":true,"href":"https:\/\/www.europesays.com\/es\/wp-json\/wp\/v2\/categories?post=260783"},{"taxonomy":"post_tag","embeddable":true,"href":"https:\/\/www.europesays.com\/es\/wp-json\/wp\/v2\/tags?post=260783"}],"curies":[{"name":"wp","href":"https:\/\/api.w.org\/{rel}","templated":true}]}}