{"id":260785,"date":"2025-11-28T18:51:14","date_gmt":"2025-11-28T18:51:14","guid":{"rendered":"https:\/\/www.europesays.com\/es\/260785\/"},"modified":"2025-11-28T18:51:14","modified_gmt":"2025-11-28T18:51:14","slug":"steinmeier-asume-responsabilidad-alemana-en-guernica-dw-28-11-2025","status":"publish","type":"post","link":"https:\/\/www.europesays.com\/es\/260785\/","title":{"rendered":"Steinmeier asume \u201cresponsabilidad\u201d alemana en Guernica \u2013 DW \u2013 28\/11\/2025"},"content":{"rendered":"<p>El presidente de Alemania, el socialdem\u00f3crata <a class=\"internal-link\" href=\"https:\/\/www.dw.com\/es\/steinmeier-frank-walter\/t-19471736\" rel=\"nofollow noopener\" target=\"_blank\">Frank-Walter Steinmeier<\/a>, visit\u00f3 Guernica este viernes (28.11.2025), y se convirti\u00f3 en el primer jefe de Estado de su pa\u00eds que acude a rendir homenaje a las v\u00edctimas del bombardeo nazi lanzado en abril de 1937 para apoyar a las tropas del general <a class=\"internal-link\" href=\"https:\/\/www.dw.com\/es\/franco-francisco\/t-42264386\" rel=\"nofollow noopener\" target=\"_blank\">Francisco Franco<\/a> durante la Guerra Civil (1936-1939) en esta localidad espa\u00f1ola, convertida en s\u00edmbolo de denuncia de la guerra.<\/p>\n<p>Steinmeier particip\u00f3 en una ceremonia en un cementerio de la ciudad vasca junto al rey de Espa\u00f1a, Felipe VI. Ambos visitaron luego el Museo de la Paz, que recuerda esta tragedia cuya huella contin\u00faa muy presente en la memoria de los habitantes del Pa\u00eds Vasco, en el norte de Espa\u00f1a.<\/p>\n<p>\u00abGuernica es uno de esos lugares donde el horror de la guerra y la vulnerabilidad de los inocentes est\u00e1n grabados para siempre en la memoria colectiva europea\u00bb, declar\u00f3 Steinmeier. \u00abLa poblaci\u00f3n civil fue el \u00fanico objetivo: mujeres, hombres y ni\u00f1os fueron asesinados\u00bb, continu\u00f3, haciendo un llamado a \u00abdefender la paz, la libertad y la democracia\u00bb frente a \u00abtodas las formas de nacionalismo, odio y violencia\u00bb.<\/p>\n<p>\u00abCrimen cometido por alemanes\u00bb<\/p>\n<p>\u00abAsumimos nuestra responsabilidad hist\u00f3rica. No soy el primer alem\u00e1n que viene aqu\u00ed y lo hace en el lugar, pero creo que es bueno para nuestras relaciones bilaterales que, por primera vez, un presidente alem\u00e1n est\u00e9 aqu\u00ed personalmente para reconocer la responsabilidad por los hechos de entonces\u00bb, asegur\u00f3 el jefe de Estado alem\u00e1n durante su visita a esta localidad.<\/p>\n<p>Durante una cena oficial el mi\u00e9rcoles en Madrid, Steinmeier ya hab\u00eda afirmado que consideraba muy importante que los alemanes \u00abno olviden lo que ocurri\u00f3, que ese crimen fue cometido por alemanes\u00bb.<\/p>\n<p>Los historiadores consideran que Guernica fue la primera ciudad del mundo completamente destruida por un bombardeo a\u00e9reo en lo que fue, seg\u00fan los especialistas, un banco de pruebas para la aviaci\u00f3n alemana, cuya Legi\u00f3n C\u00f3ndor -entonces en Espa\u00f1a para ayudar al bando franquista- representaba la \u00e9lite. En la operaci\u00f3n tambi\u00e9n participaron aviones italianos.<\/p>\n<p>DZC (AFP, EFE)<\/p>\n","protected":false},"excerpt":{"rendered":"El presidente de Alemania, el socialdem\u00f3crata Frank-Walter Steinmeier, visit\u00f3 Guernica este viernes (28.11.2025), y se convirti\u00f3 en el&hellip;\n","protected":false},"author":2,"featured_media":260786,"comment_status":"","ping_status":"","sticky":false,"template":"","format":"standard","meta":{"footnotes":""},"categories":[8],"tags":[17,18,25,24,13,14,11,19,20,9,10,15,16,23,12,21,22],"class_list":{"0":"post-260785","1":"post","2":"type-post","3":"status-publish","4":"format-standard","5":"has-post-thumbnail","7":"category-espana","8":"tag-breaking-news","9":"tag-breakingnews","10":"tag-es","11":"tag-espana","12":"tag-featured-news","13":"tag-featurednews","14":"tag-headlines","15":"tag-latest-news","16":"tag-latestnews","17":"tag-news","18":"tag-noticias","19":"tag-noticias-destacadas","20":"tag-noticiasdestacadas","21":"tag-spain","22":"tag-titulares","23":"tag-ultimas-noticias","24":"tag-ultimasnoticias"},"share_on_mastodon":{"url":"https:\/\/pubeurope.com\/@es\/115628833837940058","error":""},"_links":{"self":[{"href":"https:\/\/www.europesays.com\/es\/wp-json\/wp\/v2\/posts\/260785","targetHints":{"allow":["GET"]}}],"collection":[{"href":"https:\/\/www.europesays.com\/es\/wp-json\/wp\/v2\/posts"}],"about":[{"href":"https:\/\/www.europesays.com\/es\/wp-json\/wp\/v2\/types\/post"}],"author":[{"embeddable":true,"href":"https:\/\/www.europesays.com\/es\/wp-json\/wp\/v2\/users\/2"}],"replies":[{"embeddable":true,"href":"https:\/\/www.europesays.com\/es\/wp-json\/wp\/v2\/comments?post=260785"}],"version-history":[{"count":0,"href":"https:\/\/www.europesays.com\/es\/wp-json\/wp\/v2\/posts\/260785\/revisions"}],"wp:featuredmedia":[{"embeddable":true,"href":"https:\/\/www.europesays.com\/es\/wp-json\/wp\/v2\/media\/260786"}],"wp:attachment":[{"href":"https:\/\/www.europesays.com\/es\/wp-json\/wp\/v2\/media?parent=260785"}],"wp:term":[{"taxonomy":"category","embeddable":true,"href":"https:\/\/www.europesays.com\/es\/wp-json\/wp\/v2\/categories?post=260785"},{"taxonomy":"post_tag","embeddable":true,"href":"https:\/\/www.europesays.com\/es\/wp-json\/wp\/v2\/tags?post=260785"}],"curies":[{"name":"wp","href":"https:\/\/api.w.org\/{rel}","templated":true}]}}