{"id":260789,"date":"2025-11-28T18:58:26","date_gmt":"2025-11-28T18:58:26","guid":{"rendered":"https:\/\/www.europesays.com\/es\/260789\/"},"modified":"2025-11-28T18:58:26","modified_gmt":"2025-11-28T18:58:26","slug":"cuando-eres-mas-joven-lo-vives-todo-de-una-manera-mas-intensa-rafa-nadal-echa-la-vista-atras-para-analizar-la-rivalidad-sobre-la-pista","status":"publish","type":"post","link":"https:\/\/www.europesays.com\/es\/260789\/","title":{"rendered":"\u201cCuando eres m\u00e1s joven lo vives todo de una manera m\u00e1s intensa\u201d: Rafa Nadal echa la vista atr\u00e1s para analizar la rivalidad sobre la pista"},"content":{"rendered":"<p>Un a\u00f1o despu\u00e9s de despedirse de las pistas de tenis, <a href=\"https:\/\/www.revistavanityfair.es\/articulos\/la-vida-de-rafa-nadal-a-partir-de-ahora-segun-el-mismo-y-sus-aliados-mas-cercanos\" rel=\"nofollow noopener\" target=\"_blank\">Rafa Nadal<\/a> ha acudido al programa de Movistar+ Universo Valdano para hablar la rivalidad con <a href=\"https:\/\/www.revistavanityfair.es\/articulos\/roger-federer-cuanto-gana-retirado\" rel=\"nofollow noopener\" target=\"_blank\">Roger Federer<\/a> y <a href=\"https:\/\/www.revistavanityfair.es\/articulos\/novak-djokovic-polemica-vacuna-coronavirus-australia\" rel=\"nofollow noopener\" target=\"_blank\">Novak Djokovic<\/a>. \u201cCreo que pasas por fases. Cuando eres m\u00e1s joven lo vives todo de una manera m\u00e1s intensa. Despu\u00e9s, con los a\u00f1os, las cosas se suavizan. Todos crecemos y creo que lo positivo de nuestra \u00e9poca es que hemos terminado nuestras carreras y podemos ir a cenar juntos sin ning\u00fan problema. Es algo de lo que sentirnos sentimos orgullosos\u201d, explica.<\/p>\n<p><img decoding=\"async\" alt=\"Rafa Nadal y Jorge Valdano\" loading=\"lazy\" class=\"ResponsiveImageContainer-eNxvmU cfBbTk responsive-image__image\"   src=\"https:\/\/www.europesays.com\/es\/wp-content\/uploads\/2025\/11\/GettyImages-2247672092.jpg\"\/><\/p>\n<p>Rafa Nadal y Jorge Valdano.<\/p>\n<p>Carlos Alvarez\/Getty Images<\/p>\n<p>\u201c<strong>Al final hemos estado compitiendo al nivel m\u00e1s alto por las cosas m\u00e1s importantes por las que se puede competir en nuestro deporte y con rivalidades muy marcadas<\/strong>, pero no las hemos llevado al extremo como s\u00ed se llevan otro tipo de rivalidades\u201d, comenta Nadal. Se\u00f1ala que para \u00e9l, las rivalidades ya se han quedado en la pista y que las relaciones personales han sido siempre de respeto, de admiraci\u00f3n e incluso de amistad. \u201cDe alguna manera, terminas apreciando a las personas con las que has convivido tanto y con quienes has vivido tantas cosas durante todos estos a\u00f1os. Yo termino por apreciar a los rivales, aunque me han hecho sufrir sobre la pista, porque valoro lo que he vivido junto a ellos y me siento feliz de haber podido formar parte de esa historia\u201d, comenta.<\/p>\n<p>Habla tambi\u00e9n de su adi\u00f3s y confiesa ser consciente de que hay gente que piensa que tendr\u00eda que haberse retirado antes. \u201cY<strong>o no me retir\u00e9 por estar cansado de lo que estaba haciendo o sin la motivaci\u00f3n necesaria. Yo me retir\u00e9 porque el cuerpo no me daba para m\u00e1s<\/strong>. Yo segu\u00eda siendo feliz haciendo lo que hac\u00eda. En la operaci\u00f3n me dijeron que ten\u00eda opciones de recuperarme totalmente de ello\u201d, asegura ante la atenta mirada de Valdano. \u201cTen\u00eda que darme un tiempo prudencial para saberlo. Lleg\u00f3 un momento dado en el que me di cuenta que pod\u00eda competir, pero no con eso al nivel que yo necesitaba para seguir. Llev\u00e9 mi carrera al l\u00edmite, lo m\u00e1s lejos que la pod\u00eda llevar\u00bb, a\u00f1ade.<\/p>\n","protected":false},"excerpt":{"rendered":"Un a\u00f1o despu\u00e9s de despedirse de las pistas de tenis, Rafa Nadal ha acudido al programa de Movistar+&hellip;\n","protected":false},"author":2,"featured_media":260790,"comment_status":"","ping_status":"","sticky":false,"template":"","format":"standard","meta":{"footnotes":""},"categories":[274],"tags":[168,25,24,6894,23,167,327,326],"class_list":{"0":"post-260789","1":"post","2":"type-post","3":"status-publish","4":"format-standard","5":"has-post-thumbnail","7":"category-tenis","8":"tag-deportes","9":"tag-es","10":"tag-espana","11":"tag-rafa-nadal","12":"tag-spain","13":"tag-sports","14":"tag-tenis","15":"tag-tennis"},"share_on_mastodon":{"url":"https:\/\/pubeurope.com\/@es\/115628861611731371","error":""},"_links":{"self":[{"href":"https:\/\/www.europesays.com\/es\/wp-json\/wp\/v2\/posts\/260789","targetHints":{"allow":["GET"]}}],"collection":[{"href":"https:\/\/www.europesays.com\/es\/wp-json\/wp\/v2\/posts"}],"about":[{"href":"https:\/\/www.europesays.com\/es\/wp-json\/wp\/v2\/types\/post"}],"author":[{"embeddable":true,"href":"https:\/\/www.europesays.com\/es\/wp-json\/wp\/v2\/users\/2"}],"replies":[{"embeddable":true,"href":"https:\/\/www.europesays.com\/es\/wp-json\/wp\/v2\/comments?post=260789"}],"version-history":[{"count":0,"href":"https:\/\/www.europesays.com\/es\/wp-json\/wp\/v2\/posts\/260789\/revisions"}],"wp:featuredmedia":[{"embeddable":true,"href":"https:\/\/www.europesays.com\/es\/wp-json\/wp\/v2\/media\/260790"}],"wp:attachment":[{"href":"https:\/\/www.europesays.com\/es\/wp-json\/wp\/v2\/media?parent=260789"}],"wp:term":[{"taxonomy":"category","embeddable":true,"href":"https:\/\/www.europesays.com\/es\/wp-json\/wp\/v2\/categories?post=260789"},{"taxonomy":"post_tag","embeddable":true,"href":"https:\/\/www.europesays.com\/es\/wp-json\/wp\/v2\/tags?post=260789"}],"curies":[{"name":"wp","href":"https:\/\/api.w.org\/{rel}","templated":true}]}}