{"id":26079,"date":"2025-08-04T23:39:04","date_gmt":"2025-08-04T23:39:04","guid":{"rendered":"https:\/\/www.europesays.com\/es\/26079\/"},"modified":"2025-08-04T23:39:04","modified_gmt":"2025-08-04T23:39:04","slug":"un-policia-nacional-ingresa-en-la-uci-tras-recibir-una-brutal-paliza-en-elche","status":"publish","type":"post","link":"https:\/\/www.europesays.com\/es\/26079\/","title":{"rendered":"Un polic\u00eda nacional ingresa en la UCI tras recibir una brutal paliza en Elche"},"content":{"rendered":"<p><img decoding=\"async\" class=\"voc-author__img\" src=\"https:\/\/www.europesays.com\/es\/wp-content\/uploads\/2025\/08\/autor-2961-foto-2.jpeg\" alt=\"Toni Jim\u00e9nez\"\/><\/p>\n<p class=\"voc-p\" style=\"\">Un agente de la Polic\u00eda Nacional de <a href=\"https:\/\/www.abc.es\/noticias\/elche-elx\/\" target=\"_self\" data-voc-vtm-id=\"in-text-traffic\" title=\"Elche\" data-mrf-link=\"www.abc.es\" rel=\"nofollow noopener\">Elche<\/a> se encuentra ingresado en la Unidad de Cuidados Intensivos (UCI) del Hospital General de la localidad ilicitana tras ser brutalmente agredido cuando estaba fuera de servicio.<\/p>\n<p class=\"voc-p\" style=\"\">Fuentes policiales se\u00f1alan a ABC que los hechos, ocurridos en el barrio de Carr\u00fas del municipio alicantino durante la noche del s\u00e1bado al domingo, se est\u00e1n investigando. La v\u00edctima presenta lesiones graves y sus agresores no han sido identificados ni detenidos.<\/p>\n<p class=\"voc-p\" style=\"\">Por su parte, el sindicato Jupol, al que est\u00e1 afiliado el agente, ha detallado que el polic\u00eda <strong>intervino para intentar evitar un delito<\/strong>, cuando fue \u00absalvajemente agredido por dos individuos, que lo golpearon hasta dejarlo inconsciente en el suelo\u00bb. <\/p>\n<p class=\"voc-p\" style=\"\">\u00abEntre las lesiones sufridas se incluyen la p\u00e9rdida de casi la totalidad de los dientes, un parpado roto, la nariz fracturada, una fractura de cr\u00e1neo, dos grapas en la cabeza y los pulmones encharcados\u00bb, indican en un comunicado.<\/p>\n<p class=\"voc-p\" style=\"\">La organizaci\u00f3n ha condenado los hechos y reclama que se investiguen como un delito de tentativa de asesinato y atentado contra agente de la autoridad, pues \u00abla sevicia y la violencia con la que actuaron los agresores, ensa\u00f1\u00e1ndose con el agente, demuestran <strong>una voluntad homicida<\/strong>\u00bb. Inciden en que, aunque no estuviera de servicio, el polic\u00eda intervino como tal.<\/p>\n<p class=\"voc-p\" style=\"\">En ese sentido, desde Jupol ya han iniciado los tr\u00e1mites para personarse como acusaci\u00f3n particular en el procedimiento judicial una vez se identifique a los responsables.<\/p>\n<p>Reportar un error<\/p>\n","protected":false},"excerpt":{"rendered":"Un agente de la Polic\u00eda Nacional de Elche se encuentra ingresado en la Unidad de Cuidados Intensivos (UCI)&hellip;\n","protected":false},"author":2,"featured_media":26080,"comment_status":"","ping_status":"","sticky":false,"template":"","format":"standard","meta":{"footnotes":""},"categories":[8],"tags":[17,18,7573,2006,25,24,13,14,11,12881,19,20,813,9,10,15,16,11088,586,5847,23,12,575,11214,21,22],"class_list":{"0":"post-26079","1":"post","2":"type-post","3":"status-publish","4":"format-standard","5":"has-post-thumbnail","7":"category-espana","8":"tag-breaking-news","9":"tag-breakingnews","10":"tag-brutal","11":"tag-elche","12":"tag-es","13":"tag-espana","14":"tag-featured-news","15":"tag-featurednews","16":"tag-headlines","17":"tag-ingresa","18":"tag-latest-news","19":"tag-latestnews","20":"tag-nacional","21":"tag-news","22":"tag-noticias","23":"tag-noticias-destacadas","24":"tag-noticiasdestacadas","25":"tag-paliza","26":"tag-policia","27":"tag-recibir","28":"tag-spain","29":"tag-titulares","30":"tag-tras","31":"tag-uci","32":"tag-ultimas-noticias","33":"tag-ultimasnoticias"},"share_on_mastodon":{"url":"","error":""},"_links":{"self":[{"href":"https:\/\/www.europesays.com\/es\/wp-json\/wp\/v2\/posts\/26079","targetHints":{"allow":["GET"]}}],"collection":[{"href":"https:\/\/www.europesays.com\/es\/wp-json\/wp\/v2\/posts"}],"about":[{"href":"https:\/\/www.europesays.com\/es\/wp-json\/wp\/v2\/types\/post"}],"author":[{"embeddable":true,"href":"https:\/\/www.europesays.com\/es\/wp-json\/wp\/v2\/users\/2"}],"replies":[{"embeddable":true,"href":"https:\/\/www.europesays.com\/es\/wp-json\/wp\/v2\/comments?post=26079"}],"version-history":[{"count":0,"href":"https:\/\/www.europesays.com\/es\/wp-json\/wp\/v2\/posts\/26079\/revisions"}],"wp:featuredmedia":[{"embeddable":true,"href":"https:\/\/www.europesays.com\/es\/wp-json\/wp\/v2\/media\/26080"}],"wp:attachment":[{"href":"https:\/\/www.europesays.com\/es\/wp-json\/wp\/v2\/media?parent=26079"}],"wp:term":[{"taxonomy":"category","embeddable":true,"href":"https:\/\/www.europesays.com\/es\/wp-json\/wp\/v2\/categories?post=26079"},{"taxonomy":"post_tag","embeddable":true,"href":"https:\/\/www.europesays.com\/es\/wp-json\/wp\/v2\/tags?post=26079"}],"curies":[{"name":"wp","href":"https:\/\/api.w.org\/{rel}","templated":true}]}}