{"id":260795,"date":"2025-11-28T19:03:15","date_gmt":"2025-11-28T19:03:15","guid":{"rendered":"https:\/\/www.europesays.com\/es\/260795\/"},"modified":"2025-11-28T19:03:15","modified_gmt":"2025-11-28T19:03:15","slug":"la-actriz-ruth-codd-sufre-la-amputacion-de-su-segunda-pierna-a-los-29-anos","status":"publish","type":"post","link":"https:\/\/www.europesays.com\/es\/260795\/","title":{"rendered":"La actriz Ruth Codd sufre la amputaci\u00f3n de su segunda pierna a los 29 a\u00f1os"},"content":{"rendered":"<p class=\"\"><b>Ruth Codd<\/b> no vive sus mejores momentos. La actriz irlandesa, famosa por su papel en el reality<b> \u2018Celebrity Traitors\u2019<\/b>, ha comunicado que le han amputado su segunda pierna por debajo de la rodilla.<\/p>\n<p class=\"\">Unos hechos que se producen <b>cuando la int\u00e9rprete cumple sus 29 a\u00f1os<\/b>, apenas seis a\u00f1os despu\u00e9s de haber<b> sufrido la amputaci\u00f3n de su otra pierna con 23 a\u00f1os<\/b>.<\/p>\n<p class=\"\">De todo ello ha hablado Ruth Codd a trav\u00e9s de un v\u00eddeo que ha compartido en su perfil en TikTok, sincer\u00e1ndose sobre este problema mientras le da un toque de humor: <b>\u201cTengo buenas noticias y malas\u201d<\/b>.<\/p>\n<p class=\"\"><b>\u201cLa buena noticia es que estoy haciendo contenido para TikTok de nuevo desde la casa de mis padres. La mala noticia es que ya no puedo grabar delante de ese papel azul con flores, porque est\u00e1 en el piso de arriba\u201d<\/b>, ha a\u00f1adido en el propio v\u00eddeo compartido en redes sociales, se\u00f1alando que ya no puede subir escaleras.<\/p>\n<p class=\"\">Un problema que lleva arrastrando tiempo atr\u00e1s, y es que vive con<b> dolor cr\u00f3nico desde que sufri\u00f3 un accidente cuando era una adolescente mientras jugaba al f\u00fatbol<\/b>. Entonces, pas\u00f3 por diversas operaciones quir\u00fargicas, y finalmente ha perdido las dos piernas.<\/p>\n<p>Noticias relacionadas<a href=\"https:\/\/as.com\/tikitakas\/famosos\/la-emotiva-carta-de-despedida-de-sergio-peris-mencheta-a-veronica-echegui-jugaba-en-otra-liga-f202511-n\/\" class=\"s_m_w\" title=\"El actor y director ha publicado una tierna carta para la int\u00e9rprete a trav\u00e9s de su cuenta de Instagram: \u201cComo si ya supiera que ser\u00eda una estrella fugaz\u201d.\" data-tb-link=\"\" rel=\"nofollow noopener\" target=\"_blank\"><img decoding=\"async\" src=\"https:\/\/www.europesays.com\/es\/wp-content\/uploads\/2025\/11\/1764356594_645_NKL5Z7XZXVB6HHAVHKB5UBVNGQ.png\" alt=\"La emotiva carta de despedida de Sergio Peris-Mencheta a Ver\u00f3nica Echegui: \u201cJugaba en otra liga\u201d\" class=\"\" height=\"9\" width=\"16\"   loading=\"lazy\" data-tb-thumbnail=\"\"\/><\/a><a href=\"https:\/\/as.com\/tikitakas\/famosos\/elsa-pataky-compara-la-vida-en-australia-y-en-espana-mis-hijos-lo-aguantan-una-semana-f202511-n\/\" class=\"s_m_w\" title=\"La actriz ha recibido uno de los premios de Mujer del A\u00f1o seg\u00fan la revista \u2018Glamour\u2019, donde ha hablado de si volver\u00eda a Espa\u00f1a o Madrid.\" data-tb-link=\"\" rel=\"nofollow noopener\" target=\"_blank\"><img decoding=\"async\" src=\"https:\/\/www.europesays.com\/es\/wp-content\/uploads\/2025\/11\/1764356595_81_X6UBSH4UUJOFBAP73YIGJ46ZW4.jpg\" alt=\"Elsa Pataky compara la vida en Australia y en Espa\u00f1a: \u201cMis hijos lo aguantan una semana\u201d\" class=\"\" height=\"9\" width=\"16\"   loading=\"lazy\" data-tb-thumbnail=\"\"\/><\/a><\/p>\n<p class=\"\">Ruth perdi\u00f3 su trabajo con la llegada de la pandemia del coronavirus, y ello le llev\u00f3 precisamente a recurrir a los v\u00eddeos de humor en TikTok, donde cuenta ya con una gran comunidad. Despu\u00e9s, llegaron para ella numerosos papeles, como los de<b> \u2018El Club de Medianoche\u2019, \u2018La Ca\u00edda de la Casa Usher\u2019, y su paso por el reality de \u2018Celebrity Traitors\u2019<\/b>.<\/p>\n<p class=\"\"><b>\u00a1Tus opiniones importan!<\/b> Comenta en los art\u00edculos y suscr\u00edbete gratis a nuestra <a href=\"https:\/\/asfan.as.com\/newsletters\/\" target=\"_blank\" rel=\"nofollow noopener\" title=\"https:\/\/asfan.as.com\/newsletters\/\">newsletter<\/a> y a las alertas informativas en la <a href=\"https:\/\/as.com\/aplicacion-de-as-n\/\" target=\"_blank\" rel=\"nofollow noopener\" title=\"https:\/\/as.com\/aplicacion-de-as-n\/\">App<\/a> o el canal de <a href=\"https:\/\/www.whatsapp.com\/channel\/0029VaAasdA7j6g745nz9M10\" target=\"_blank\" rel=\"nofollow noopener\" title=\"https:\/\/www.whatsapp.com\/channel\/0029VaAasdA7j6g745nz9M10\">WhatsApp<\/a>. \u00bfBuscas licenciar contenido? Haz clic <a href=\"https:\/\/profesional.elpais.com\/soluciones-sindicacion?utm_medium=interno&amp;utm_source=crosslinking&amp;utm_campaign=sindicacion_as_pie_articulos\" target=\"_blank\" rel=\"nofollow noopener\" title=\"https:\/\/profesional.elpais.com\/soluciones-sindicacion?utm_medium=interno&amp;utm_source=crosslinking&amp;utm_campaign=sindicacion_as_pie_articulos\">aqu\u00ed<\/a><\/p>\n","protected":false},"excerpt":{"rendered":"Ruth Codd no vive sus mejores momentos. La actriz irlandesa, famosa por su papel en el reality \u2018Celebrity&hellip;\n","protected":false},"author":2,"featured_media":260796,"comment_status":"","ping_status":"","sticky":false,"template":"","format":"standard","meta":{"footnotes":""},"categories":[174],"tags":[255,146,147,25,24,256,23],"class_list":{"0":"post-260795","1":"post","2":"type-post","3":"status-publish","4":"format-standard","5":"has-post-thumbnail","7":"category-famosos","8":"tag-celebrities","9":"tag-entertainment","10":"tag-entretenimiento","11":"tag-es","12":"tag-espana","13":"tag-famosos","14":"tag-spain"},"share_on_mastodon":{"url":"https:\/\/pubeurope.com\/@es\/115628881126860005","error":""},"_links":{"self":[{"href":"https:\/\/www.europesays.com\/es\/wp-json\/wp\/v2\/posts\/260795","targetHints":{"allow":["GET"]}}],"collection":[{"href":"https:\/\/www.europesays.com\/es\/wp-json\/wp\/v2\/posts"}],"about":[{"href":"https:\/\/www.europesays.com\/es\/wp-json\/wp\/v2\/types\/post"}],"author":[{"embeddable":true,"href":"https:\/\/www.europesays.com\/es\/wp-json\/wp\/v2\/users\/2"}],"replies":[{"embeddable":true,"href":"https:\/\/www.europesays.com\/es\/wp-json\/wp\/v2\/comments?post=260795"}],"version-history":[{"count":0,"href":"https:\/\/www.europesays.com\/es\/wp-json\/wp\/v2\/posts\/260795\/revisions"}],"wp:featuredmedia":[{"embeddable":true,"href":"https:\/\/www.europesays.com\/es\/wp-json\/wp\/v2\/media\/260796"}],"wp:attachment":[{"href":"https:\/\/www.europesays.com\/es\/wp-json\/wp\/v2\/media?parent=260795"}],"wp:term":[{"taxonomy":"category","embeddable":true,"href":"https:\/\/www.europesays.com\/es\/wp-json\/wp\/v2\/categories?post=260795"},{"taxonomy":"post_tag","embeddable":true,"href":"https:\/\/www.europesays.com\/es\/wp-json\/wp\/v2\/tags?post=260795"}],"curies":[{"name":"wp","href":"https:\/\/api.w.org\/{rel}","templated":true}]}}