{"id":260803,"date":"2025-11-28T19:08:10","date_gmt":"2025-11-28T19:08:10","guid":{"rendered":"https:\/\/www.europesays.com\/es\/260803\/"},"modified":"2025-11-28T19:08:10","modified_gmt":"2025-11-28T19:08:10","slug":"diciembre-en-cineteca-madrid-promete-magia-navidena-entre-adaptaciones-literarias-y-grandes-exitos-animados","status":"publish","type":"post","link":"https:\/\/www.europesays.com\/es\/260803\/","title":{"rendered":"Diciembre en Cineteca Madrid promete magia navide\u00f1a entre adaptaciones literarias y grandes \u00e9xitos animados"},"content":{"rendered":"<p><strong>Cineteca re\u00fane cl\u00e1sicos, animaci\u00f3n para todas las edades y el festival Animario, con M\u00e9xico como pa\u00eds invitado y m\u00faltiples actividades especiales.<\/strong><\/p>\n<p>La programaci\u00f3n de diciembre de Cineteca Madrid, espacio del \u00c1rea de Cultura, Turismo y Deporte, mira al cine como memoria e imaginaci\u00f3n, con cl\u00e1sicos navide\u00f1os, animaci\u00f3n y la octava edici\u00f3n del Festival Internacional de Animaci\u00f3n Contempor\u00e1nea de Madrid Animario.<\/p>\n<p>A lo largo del mes, la sala ctendr\u00e1 los ciclos \u201cSiempre cl\u00e1sicos\u201d y \u201cNavidad en familia\u201d con Animario, la conmemoraci\u00f3n de los 100 a\u00f1os del cine absoluto, el Proyecto Phantom y diversos estrenos y colaboraciones especiales.<\/p>\n<p>Siempre cl\u00e1sicos en Cineteca Madrid: adaptaciones literarias para Navidad cin\u00e9fila<\/p>\n<p>El ciclo \u201cSiempre cl\u00e1sicos\u201d recorre adaptaciones literarias que han marcado el imaginario navide\u00f1o, con t\u00edtulos como El bazar de las sorpresas, El resplandor, \u00a1Qu\u00e9 bello es vivir!, o De ilusi\u00f3n tambi\u00e9n se vive. <\/p>\n<p>El ciclo \u201cNavidad en familia\u201d re\u00fane algunas de las pel\u00edculas de animaci\u00f3n m\u00e1s populares de las \u00faltimas d\u00e9cadas, pensadas para que peque\u00f1os y mayores compartan pantalla. El recorrido arranca con Ponyo en el acantilado y contin\u00faa con El pr\u00edncipe de Egipto.<\/p>\n<p>Despu\u00e9s, la programaci\u00f3n alterna aventuras, mitolog\u00eda y relatos sobre la amistad y la migraci\u00f3n. James y el melocot\u00f3n gigante, H\u00e9rcules, Fievel y el nuevo mundo, En busca del valle encantado, Fant\u00e1stico Sr. Fox y La novia cad\u00e1ver, son las pel\u00edculas que completan el recorrido animado entre finales de diciembre y los primeros d\u00edas de enero.<\/p>\n<p>Festival Animario y ciclos de Sylvain Chomet y Ren\u00e9 Laloux en Cineteca<\/p>\n<p>La octava edici\u00f3n de Animario sit\u00faa su foco en M\u00e9xico, pa\u00eds invitado, y presenta un ciclo de cinco programas que se inaugura el 11 de diciembre con Marcel et Monsieur Pagnol y se clausura el 14 con Arco, de Ugo Bienvenu.<\/p>\n<p>El festival incluye una secci\u00f3n especial de animaci\u00f3n eslovena, proyecciones de Decorado y Olivia y el terremoto invisible y una competici\u00f3n internacional. En paralelo, Cineteca dedica un ciclo a Sylvain Chomet y otro a Ren\u00e9 Laloux, con obras como Bienvenidos a Belleville o El planeta salvaje.<\/p>\n<p>Cien a\u00f1os despu\u00e9s de la proyecci\u00f3n Der Absolute Film, celebrada en Berl\u00edn en 1925, Cineteca organiza una sesi\u00f3n que combina algunas de aquellas pel\u00edculas con obras contempor\u00e1neas premiadas en Punto y Raya Festival, reivindicando el cine como expresi\u00f3n visual pura, libre de narraci\u00f3n.<\/p>\n<p>El Proyecto Phantom re\u00fane a Crist\u00f3bal Fern\u00e1ndez, Isaki Lacuesta y \u00c1lex Monner para conversar sobre la creaci\u00f3n de una pel\u00edcula de rock, en una sesi\u00f3n moderada por El\u00edas Le\u00f3n Siminiani que se completa con Step Across the Border.<\/p>\n<p>Otros ciclos, estrenos y colaboraciones especiales en diciembre en Cineteca Madrid<\/p>\n<p>M\u00e1s all\u00e1 de los grandes bloques navide\u00f1os, diciembre llega cargado de citas. El Cap\u00edtulo XXVI de \u201cRelatos del ruido\u201d ofrece carta blanca a Kyria Libia, mientras una nueva sesi\u00f3n de \u201cLinterna\u201d, con Miguel Agnes y Brays Efe, recupera Garras humanas. A ello se suman estrenos como Supernatural, Querido Tr\u00f3pico y The Bewilderment of Chile y proyecciones ligadas a FESCIMED. <\/p>\n<p>La programaci\u00f3n se completa con el pase especial de Jesucristo Superstar, la retrospectiva de Ra\u00fal Ruiz con La vocaci\u00f3n suspendida y Las tres coronas del marinero, DOCMA con Os Naufragados, el espacio \u201cAs\u00ed son las cosas\u201d y el documental Maruja Torres. Ganas de contar. Si quieres conocer otros eventos cin\u00e9filos, accede a nuestra <strong><a href=\"https:\/\/madridinforma.eldiario.es\/actualidad\/\" rel=\"nofollow noopener\" target=\"_blank\">secci\u00f3n de actualidad<\/a><\/strong>.<\/p>\n","protected":false},"excerpt":{"rendered":"Cineteca re\u00fane cl\u00e1sicos, animaci\u00f3n para todas las edades y el festival Animario, con M\u00e9xico como pa\u00eds invitado y&hellip;\n","protected":false},"author":2,"featured_media":260804,"comment_status":"","ping_status":"","sticky":false,"template":"","format":"standard","meta":{"footnotes":""},"categories":[169],"tags":[517,177,146,147,25,24,176,175,23],"class_list":{"0":"post-260803","1":"post","2":"type-post","3":"status-publish","4":"format-standard","5":"has-post-thumbnail","7":"category-cine","8":"tag-actualidad","9":"tag-cine","10":"tag-entertainment","11":"tag-entretenimiento","12":"tag-es","13":"tag-espana","14":"tag-film","15":"tag-movies","16":"tag-spain"},"share_on_mastodon":{"url":"https:\/\/pubeurope.com\/@es\/115628900692650889","error":""},"_links":{"self":[{"href":"https:\/\/www.europesays.com\/es\/wp-json\/wp\/v2\/posts\/260803","targetHints":{"allow":["GET"]}}],"collection":[{"href":"https:\/\/www.europesays.com\/es\/wp-json\/wp\/v2\/posts"}],"about":[{"href":"https:\/\/www.europesays.com\/es\/wp-json\/wp\/v2\/types\/post"}],"author":[{"embeddable":true,"href":"https:\/\/www.europesays.com\/es\/wp-json\/wp\/v2\/users\/2"}],"replies":[{"embeddable":true,"href":"https:\/\/www.europesays.com\/es\/wp-json\/wp\/v2\/comments?post=260803"}],"version-history":[{"count":0,"href":"https:\/\/www.europesays.com\/es\/wp-json\/wp\/v2\/posts\/260803\/revisions"}],"wp:featuredmedia":[{"embeddable":true,"href":"https:\/\/www.europesays.com\/es\/wp-json\/wp\/v2\/media\/260804"}],"wp:attachment":[{"href":"https:\/\/www.europesays.com\/es\/wp-json\/wp\/v2\/media?parent=260803"}],"wp:term":[{"taxonomy":"category","embeddable":true,"href":"https:\/\/www.europesays.com\/es\/wp-json\/wp\/v2\/categories?post=260803"},{"taxonomy":"post_tag","embeddable":true,"href":"https:\/\/www.europesays.com\/es\/wp-json\/wp\/v2\/tags?post=260803"}],"curies":[{"name":"wp","href":"https:\/\/api.w.org\/{rel}","templated":true}]}}