{"id":260813,"date":"2025-11-28T19:13:12","date_gmt":"2025-11-28T19:13:12","guid":{"rendered":"https:\/\/www.europesays.com\/es\/260813\/"},"modified":"2025-11-28T19:13:12","modified_gmt":"2025-11-28T19:13:12","slug":"ocho-de-cada-10-consumidores-creen-que-un-alto-porcentaje-de-comercios-oferta-descuentos-falsos-en-black-friday","status":"publish","type":"post","link":"https:\/\/www.europesays.com\/es\/260813\/","title":{"rendered":"Ocho de cada 10 consumidores creen que un alto porcentaje de comercios oferta descuentos falsos en Black Friday"},"content":{"rendered":"<p>Ocho de cada 10 consumidores creen que un alto porcentaje de comercios oferta durante el Black Friday falsos descuentos en parte de sus productos. Es uno de los datos obtenidos de una encuesta de Facua-Consumidores en Acci\u00f3n realizada entre los d\u00edas 24 y 28 de noviembre y en la que han participado cerca de 3.000 usuarios de toda Espa\u00f1a.<\/p>\n<p>De los consumidores encuestados por Facua, <strong>el 70% cree que la gran mayor\u00eda de establecimientos realizan ofertas falsas y el 12,8% considera que lo hacen en torno a la mitad<\/strong>. Los que piensan que son muy pocos comercios los que incurren en este fraude representan el 4,5% y los que creen que ning\u00fan comercio lo comete representan el 0,0%.<\/p>\n<p>De los 2.868 usuarios que han participado en la encuesta, <strong>el 55,1% dice no tener previsto realizar ninguna compra durante el Black Friday,<\/strong> frente a un 31,3% que s\u00ed pretende realizarla. El resto no lo tiene claro. Adem\u00e1s, el 43,2% suele hacer un seguimiento los d\u00edas previos de los productos que quiere comprar durante el Black Friday para comprobar si realmente hay un descuento en el precio, frente a un 55,5% que dice no hacerlo.<\/p>\n<p>Por otro lado, <strong>el 34,7% de los encuestados se\u00f1ala que suele comprar m\u00e1s productos con descuento en las temporadas de rebajas en lugar de en Black Friday,<\/strong> frente a s\u00f3lo un 8,5% que compra m\u00e1s en esta segunda fecha. El 23,7% se\u00f1ala que no tiene preferencia por ninguna y realiza sus compras por igual y el 33,1% directamente afirma que no suele comprar en ninguna de las dos fechas.<\/p>\n<p>Facua recuerda que <strong>para poder indicar que un producto tiene un descuento, el precio original debe ser el m\u00e1s bajo que haya tenido en el establecimiento durante los 30 d\u00edas anteriores.<\/strong> As\u00ed que subir determinados precios unos cuantos d\u00edas o semanas antes del Black Friday para luego presentarlos como rebajados es una pr\u00e1ctica ilegal y sancionable.<\/p>\n<p><strong>La asociaci\u00f3n valora positivamente que el Ministerio de Consumo est\u00e9 intensificando su labor de control del mercado<\/strong> ante pr\u00e1cticas fraudulentas durante el Black Friday. As\u00ed, est\u00e1 aumentando a\u00f1o a a\u00f1o el n\u00famero de comercios y productos sobre los que rastrea los precios para verificar si los descuentos son reales y tambi\u00e9n est\u00e1 investigando otras pr\u00e1cticas enga\u00f1osas de los establecimientos. Ante esto, Facua conf\u00eda en que a partir del pr\u00f3ximo a\u00f1o ser\u00e1n m\u00e1s las multas anunciadas y de mayor envergadura econ\u00f3mica que las que acaban de trascender.<\/p>\n","protected":false},"excerpt":{"rendered":"Ocho de cada 10 consumidores creen que un alto porcentaje de comercios oferta durante el Black Friday falsos&hellip;\n","protected":false},"author":2,"featured_media":260814,"comment_status":"","ping_status":"","sticky":false,"template":"","format":"standard","meta":{"footnotes":""},"categories":[80],"tags":[58845,82,4105,20978,65146,95,94,25,24,8966,23],"class_list":{"0":"post-260813","1":"post","2":"type-post","3":"status-publish","4":"format-standard","5":"has-post-thumbnail","7":"category-economia","8":"tag-black-friday","9":"tag-business","10":"tag-comercios","11":"tag-consumidores","12":"tag-descuentos-falsos","13":"tag-economia","14":"tag-economy","15":"tag-es","16":"tag-espana","17":"tag-facua","18":"tag-spain"},"share_on_mastodon":{"url":"https:\/\/pubeurope.com\/@es\/115628920375958739","error":""},"_links":{"self":[{"href":"https:\/\/www.europesays.com\/es\/wp-json\/wp\/v2\/posts\/260813","targetHints":{"allow":["GET"]}}],"collection":[{"href":"https:\/\/www.europesays.com\/es\/wp-json\/wp\/v2\/posts"}],"about":[{"href":"https:\/\/www.europesays.com\/es\/wp-json\/wp\/v2\/types\/post"}],"author":[{"embeddable":true,"href":"https:\/\/www.europesays.com\/es\/wp-json\/wp\/v2\/users\/2"}],"replies":[{"embeddable":true,"href":"https:\/\/www.europesays.com\/es\/wp-json\/wp\/v2\/comments?post=260813"}],"version-history":[{"count":0,"href":"https:\/\/www.europesays.com\/es\/wp-json\/wp\/v2\/posts\/260813\/revisions"}],"wp:featuredmedia":[{"embeddable":true,"href":"https:\/\/www.europesays.com\/es\/wp-json\/wp\/v2\/media\/260814"}],"wp:attachment":[{"href":"https:\/\/www.europesays.com\/es\/wp-json\/wp\/v2\/media?parent=260813"}],"wp:term":[{"taxonomy":"category","embeddable":true,"href":"https:\/\/www.europesays.com\/es\/wp-json\/wp\/v2\/categories?post=260813"},{"taxonomy":"post_tag","embeddable":true,"href":"https:\/\/www.europesays.com\/es\/wp-json\/wp\/v2\/tags?post=260813"}],"curies":[{"name":"wp","href":"https:\/\/api.w.org\/{rel}","templated":true}]}}