{"id":260815,"date":"2025-11-28T19:14:11","date_gmt":"2025-11-28T19:14:11","guid":{"rendered":"https:\/\/www.europesays.com\/es\/260815\/"},"modified":"2025-11-28T19:14:11","modified_gmt":"2025-11-28T19:14:11","slug":"los-andamios-de-bambu-de-hong-kong-bajo-sospecha-tras-el-fatal-incendio","status":"publish","type":"post","link":"https:\/\/www.europesays.com\/es\/260815\/","title":{"rendered":"Los andamios de bamb\u00fa de Hong Kong bajo sospecha tras el fatal incendio"},"content":{"rendered":"<p>    <img src=\"https:\/\/www.europesays.com\/es\/wp-content\/uploads\/2025\/11\/2025-11-28T183A293A42Z-90550750.jpg\" width=\"1024\" height=\"682\" alt=\"\" loading=\"eager\" decoding=\"sync\" fetchpriority=\"high\"\/><\/p>\n<p>            afp_tickers        <\/p>\n<p>        Este contenido fue publicado en    <\/p>\n<p>        28 noviembre 2025 &#8211; 19:29\n<\/p>\n<p>El incendio con al menos 128 muertos en un complejo residencial de Hong Kong encendi\u00f3 el debate sobre la seguridad de los omnipresentes andamios de bamb\u00fa, que el gobierno de la ciudad quiere eliminar.<\/p>\n<p>Hong Kong es una de las \u00faltimas ciudades del mundo que sigue utilizando andamios de bamb\u00fa para la construcci\u00f3n moderna y la reparaci\u00f3n de edificios, pr\u00e1ctica que se remonta a siglos atr\u00e1s en China y otras partes de Asia.<\/p>\n<p>Los ocho rascacielos de Wang Fuk Court han estado sometidos a importantes renovaciones desde el a\u00f1o pasado, y estaban cubiertos por entramados de bamb\u00fa y redes protectoras verdes.<\/p>\n<p>El gobierno de Hong Kong dijo que fragmentos de bamb\u00fa hab\u00edan contribuido a propagar las llamas y defendi\u00f3 que era \u00abimperativo acelerar\u00bb la transici\u00f3n hacia andamios met\u00e1licos en toda la ciudad por razones de seguridad.<\/p>\n<p>Algunos residentes defienden el uso de este material y acusan al gobierno de buscar chivos expiatorios en este oficio hongkon\u00e9s de larga fama.<\/p>\n<p>\u00abEs un problema complicado y con muchas facetas\u00bb, dijo a la AFP Anwar Orabi, ingeniero civil especializado en seguridad contra incendios en la universidad de Queensland.<\/p>\n<p>\u00abEl bamb\u00fa, o m\u00e1s bien todo el andamio, estaba en llamas. No es el \u00fanico factor que contribuye pero probablemente s\u00ed uno de ellos\u00bb, destac\u00f3.<\/p>\n<p>Los hallazgos preliminares sugieren que el incendio comenz\u00f3 en la red protectora situada fuera de los pisos inferiores de uno de los edificios y se propag\u00f3 r\u00e1pidamente hacia arriba debido a planchas de espuma \u00abaltamente inflamables\u00bb, seg\u00fan el jefe de seguridad Chris Tang.<\/p>\n<p>Fijadas a las ventanas, estas planchas hicieron que los vidrios se rompan y permitieron que el fuego \u00abse intensifique y se propague en el interior\u00bb, a\u00f1adi\u00f3.<\/p>\n<p>El intenso calor prendi\u00f3 fuego al bamb\u00fa, cuyos fragmentos se desprendieron y cayeron a los pisos inferiores, provocando una mayor propagaci\u00f3n de las llamas, explic\u00f3.<\/p>\n<p>\u2013 Resistencia inferior \u2013<\/p>\n<p>Los andamios de bamb\u00fa son vers\u00e1tiles y sostenibles. Se obtienen f\u00e1cilmente en el sur de China y pueden transportarse, montarse y desmontarse de forma econ\u00f3mica en espacios reducidos.<\/p>\n<p>Los representantes del sector estimaron en enero que casi 80% de los andamios en Hong Kong estaban hechos de bamb\u00fa. En la ciudad se calcula que hay unos 3.000 profesionales de este oficio.<\/p>\n<p>El gobierno de esta ciudad semiaut\u00f3noma china ya avanz\u00f3 en marzo planes para impulsar una adopci\u00f3n m\u00e1s amplia de los andamios met\u00e1licos con el fin de mejorar la seguridad.<\/p>\n<p>Despu\u00e9s del incendio del mi\u00e9rcoles, el segundo funcionario local de mayor rango, Eric Chan, insisti\u00f3 en que \u00aba pesar de su largo historial de uso, la resistencia al fuego\u00bb de los andamios de bamb\u00fa \u00absigue siendo inferior\u00bb.<\/p>\n<p>Un grupo de defensa que representa a v\u00edctimas de accidentes laborales destac\u00f3 en un comunicado otros tres incendios relacionados con andamios reportados este a\u00f1o en Hong Kong.<\/p>\n<p>Examinando los edificios ennegrecidos, Ho Wing-ip, profesor de ingenier\u00eda en la Universidad Polit\u00e9cnica de Hong Kong, indic\u00f3 a AFP que tanto los andamios met\u00e1licos como los de bamb\u00fa pod\u00edan resistir las llamas por un tiempo corto. Pero el incendio en Wang Fuk Court ardi\u00f3 durante m\u00e1s de 40 horas.\u00a0<\/p>\n<p>Tambi\u00e9n lament\u00f3 que los ocho bloques estuvieran siendo renovados simult\u00e1neamente. Si se hubieran renovado uno por uno, \u00abno creo que el fuego se hubiera propagado tanto\u00bb, afirm\u00f3.<\/p>\n<p>\u2013 Culpar lo ex\u00f3tico \u2013<\/p>\n<p>En las redes sociales, ciertos hongkoneses defienden esta tradici\u00f3n y se\u00f1alan que grandes partes de la estructura siguen intactas a pesar de la duraci\u00f3n e intensidad del incendio.<\/p>\n<p>Otros critican a los medios que pusieron el foco en esta cuesti\u00f3n durante su cobertura.<\/p>\n<p>\u00abPresentar el andamio de bamb\u00fa como la explicaci\u00f3n principal del incendio es esencialmente culpar lo extranjero y ex\u00f3tico\u00bb, coment\u00f3 Leung Kai-chi, acad\u00e9mico de estudios hongkoneses, en una publicaci\u00f3n en Threads.<\/p>\n<p>Otros se\u00f1alaron la gran variedad de factores involucrados.<\/p>\n<p>Ho Ping tak, presidente de un sindicato de andamios de bamb\u00fa, subray\u00f3 en un programa de radio matutino que el bamb\u00fa por s\u00ed solo es \u00abdif\u00edcil de encender\u00bb, y pidi\u00f3 al gobierno reforzar los requisitos de materiales ign\u00edfugos.<\/p>\n<p>Ho, de la universidad Polit\u00e9cnica de Hong Kong, subray\u00f3 que las planchas de espuma parec\u00edan ser la raz\u00f3n \u00abm\u00e1s cr\u00edtica\u00bb de que el incendio envolviera el edificio con tanta rapidez.<\/p>\n<p>Por su parte, Lee Kwong-sing, presidente del Instituto de Profesionales de la Seguridad de Hong Kong, culp\u00f3 a la red de protecci\u00f3n. \u00abIncluso si se cambia a andamios met\u00e1licos, todav\u00eda se necesita la red\u00bb, recalc\u00f3.<\/p>\n<p>twa\/reb\/ami\/mab\/dbh<\/p>\n","protected":false},"excerpt":{"rendered":"afp_tickers Este contenido fue publicado en 28 noviembre 2025 &#8211; 19:29 El incendio con al menos 128 muertos&hellip;\n","protected":false},"author":2,"featured_media":260816,"comment_status":"","ping_status":"","sticky":false,"template":"","format":"standard","meta":{"footnotes":""},"categories":[42],"tags":[17,18,637,638,13,14,5595,11,61,62,63,64,19,20,9,10,15,16,5799,2005,90,12,21,22,5722,65,66,67],"class_list":{"0":"post-260815","1":"post","2":"type-post","3":"status-publish","4":"format-standard","5":"has-post-thumbnail","7":"category-internacional","8":"tag-breaking-news","9":"tag-breakingnews","10":"tag-disaster","11":"tag-disaster-general","12":"tag-featured-news","13":"tag-featurednews","14":"tag-fire","15":"tag-headlines","16":"tag-internacional","17":"tag-international","18":"tag-international-news","19":"tag-internationalnews","20":"tag-latest-news","21":"tag-latestnews","22":"tag-news","23":"tag-noticias","24":"tag-noticias-destacadas","25":"tag-noticiasdestacadas","26":"tag-social-issues-general","27":"tag-society","28":"tag-ticker","29":"tag-titulares","30":"tag-ultimas-noticias","31":"tag-ultimasnoticias","32":"tag-work","33":"tag-world","34":"tag-world-news","35":"tag-worldnews"},"share_on_mastodon":{"url":"https:\/\/pubeurope.com\/@es\/115628924815366608","error":""},"_links":{"self":[{"href":"https:\/\/www.europesays.com\/es\/wp-json\/wp\/v2\/posts\/260815","targetHints":{"allow":["GET"]}}],"collection":[{"href":"https:\/\/www.europesays.com\/es\/wp-json\/wp\/v2\/posts"}],"about":[{"href":"https:\/\/www.europesays.com\/es\/wp-json\/wp\/v2\/types\/post"}],"author":[{"embeddable":true,"href":"https:\/\/www.europesays.com\/es\/wp-json\/wp\/v2\/users\/2"}],"replies":[{"embeddable":true,"href":"https:\/\/www.europesays.com\/es\/wp-json\/wp\/v2\/comments?post=260815"}],"version-history":[{"count":0,"href":"https:\/\/www.europesays.com\/es\/wp-json\/wp\/v2\/posts\/260815\/revisions"}],"wp:featuredmedia":[{"embeddable":true,"href":"https:\/\/www.europesays.com\/es\/wp-json\/wp\/v2\/media\/260816"}],"wp:attachment":[{"href":"https:\/\/www.europesays.com\/es\/wp-json\/wp\/v2\/media?parent=260815"}],"wp:term":[{"taxonomy":"category","embeddable":true,"href":"https:\/\/www.europesays.com\/es\/wp-json\/wp\/v2\/categories?post=260815"},{"taxonomy":"post_tag","embeddable":true,"href":"https:\/\/www.europesays.com\/es\/wp-json\/wp\/v2\/tags?post=260815"}],"curies":[{"name":"wp","href":"https:\/\/api.w.org\/{rel}","templated":true}]}}