{"id":260817,"date":"2025-11-28T19:15:18","date_gmt":"2025-11-28T19:15:18","guid":{"rendered":"https:\/\/www.europesays.com\/es\/260817\/"},"modified":"2025-11-28T19:15:18","modified_gmt":"2025-11-28T19:15:18","slug":"el-presidente-aleman-realiza-visita-historica-a-guernica-bombardeada-por-los-nazis","status":"publish","type":"post","link":"https:\/\/www.europesays.com\/es\/260817\/","title":{"rendered":"El presidente alem\u00e1n realiza visita hist\u00f3rica a Guernica, bombardeada por los nazis"},"content":{"rendered":"<p>    <img src=\"https:\/\/www.europesays.com\/es\/wp-content\/uploads\/2025\/11\/1764357318_41_2025-11-28T133A383A43Z-90547861.jpg\" width=\"609\" height=\"768\" alt=\"\" loading=\"eager\" decoding=\"sync\" fetchpriority=\"high\"\/><\/p>\n<p>            afp_tickers        <\/p>\n<p>        Este contenido fue publicado en    <\/p>\n<p>        28 noviembre 2025 &#8211; 18:00\n<\/p>\n<p>El presidente de Alemania, Frank-Walter Steinmeier, visit\u00f3 este viernes Guernica y se convirti\u00f3 en el primer jefe de Estado de su pa\u00eds que acude a rendir homenaje a las v\u00edctimas del bombardeo nazi de 1937 en esta localidad espa\u00f1ola, convertida en s\u00edmbolo de denuncia de la guerra.<\/p>\n<p>Junto al rey de Espa\u00f1a Felipe VI, Steinmeier particip\u00f3 en una ceremonia en un cementerio de la ciudad vasca en memoria de los centenares de v\u00edctimas de este bombardeo, lanzado en abril de 1937 para apoyar a las tropas del general Francisco Franco durante la Guerra Civil espa\u00f1ola (1936-1939).<\/p>\n<p>Ambos visitaron luego el Museo de la Paz, que recuerda esta tragedia cuya huella contin\u00faa muy presente en la memoria de los habitantes del Pa\u00eds Vasco, en el norte de Espa\u00f1a.<\/p>\n<p>\u00abGuernica es uno de esos lugares donde el horror de la guerra y la vulnerabilidad de los inocentes est\u00e1n grabados para siempre en la memoria colectiva europea\u00bb, declar\u00f3 a la prensa Steinmeier.<\/p>\n<p>\u00abLa poblaci\u00f3n civil fue el \u00fanico objetivo: mujeres, hombres y ni\u00f1os fueron asesinados\u00bb, continu\u00f3, haciendo un llamado a \u00abdefender la paz, la libertad y la democracia\u00bb frente a \u00abtodas las formas de nacionalismo, odio y violencia\u00bb.<\/p>\n<p>Preguntado por periodistas si Alemania ped\u00eda perd\u00f3n al pueblo espa\u00f1ol, Steinmeier se limit\u00f3 a decir que su pa\u00eds \u00abasum\u00eda plenamente su responsabilidad hist\u00f3rica\u00bb.<\/p>\n<p>\u2013 Un crimen \u00abcometido por alemanes\u00bb \u2013<\/p>\n<p>Antes de Steinmeier, que inici\u00f3 el mi\u00e9rcoles una visita de Estado de tres d\u00edas en Espa\u00f1a, ning\u00fan presidente o canciller alem\u00e1n hab\u00eda visitado Guernica.<\/p>\n<p>Durante una cena oficial el mi\u00e9rcoles en Madrid, Steinmeier ya hab\u00eda afirmado que consideraba muy importante que los alemanes \u00abno olviden lo que ocurri\u00f3, que ese crimen fue cometido por alemanes\u00bb.<\/p>\n<p>En 1997, al cumplirse el 60 aniversario del bombardeo en Guernica, el entonces presidente alem\u00e1n, Roman Herzog, fue el primer dirigente de su pa\u00eds en reconocer la \u00abimplicaci\u00f3n culpable de pilotos alemanes\u00bb en lo ocurrido y pidi\u00f3 perd\u00f3n al pueblo espa\u00f1ol en un discurso le\u00eddo en Guernica ese d\u00eda, en su ausencia, por el embajador alem\u00e1n en Espa\u00f1a.<\/p>\n<p>\u00abA ustedes, sobrevivientes de este ataque, a ustedes testigos del horror, dirijo mi mensaje de recuerdo, de solidaridad y de duelo\u00bb, indicaba entonces el texto de Herzog, refiri\u00e9ndose a Guernica como \u00abel s\u00edmbolo de una guerra contra una poblaci\u00f3n civil sin defensa y de una forma tan horrible como imprevista\u00bb.<\/p>\n<p>El mi\u00e9rcoles, Steinmeier visit\u00f3 el museo Reina Sof\u00eda en Madrid, donde se exhibe el \u00abGuernica\u00bb, la imponente obra de Pablo Picasso dedicada a la tragedia.<\/p>\n<p>Con 7,8 m de largo por 3,5 m de alto, y pintada casi inmediatamente despu\u00e9s del bombardeo para integrar el pabell\u00f3n de Espa\u00f1a en la Exposici\u00f3n Internacional de Par\u00eds en 1937, la obra se convirti\u00f3 en un s\u00edmbolo universal de denuncia de la guerra y del sufrimiento de los civiles.\u00a0<\/p>\n<p>\u2013 Banco de pruebas \u2013<\/p>\n<p>Diez d\u00edas antes de la visita de Steinmeier, el presidente ucraniano, Volodimir Zelenski, tambi\u00e9n acudi\u00f3 a ver el cuadro acompa\u00f1ado por el presidente del gobierno espa\u00f1ol, Pedro S\u00e1nchez.\u00a0<\/p>\n<p>El l\u00edder ucraniano hab\u00eda comparado en el pasado las atrocidades vividas por los habitantes de la localidad vasca hace casi 90 a\u00f1os con la invasi\u00f3n rusa a su pa\u00eds desde 2022.<\/p>\n<p>En abril de 1937, unos cincuenta aviones se relevaron en varias oleadas sucesivas para lanzar sobre Guernica alrededor de 30 toneladas de bombas, incluyendo artefactos incendiarios utilizados por primera vez.<\/p>\n<p>Los historiadores consideran que Guernica fue la primera ciudad del mundo completamente destruida por un bombardeo a\u00e9reo en lo que fue, seg\u00fan los especialistas, un banco de pruebas para la aviaci\u00f3n alemana, cuya Legi\u00f3n C\u00f3ndor -entonces en Espa\u00f1a para ayudar al bando franquista- representaba la \u00e9lite.<\/p>\n<p>El viaje de Steinmeier a Espa\u00f1a se produce apenas d\u00edas despu\u00e9s del 50 aniversario de la muerte de Francisco Franco, fallecido el 20 de noviembre de 1975 tras varias d\u00e9cadas de dictadura (1939-1975), y cuyo legado sigue dividiendo profundamente a la sociedad espa\u00f1ola.<\/p>\n<p>fs-rbj\/mdm\/rs\/du\/hgs<\/p>\n","protected":false},"excerpt":{"rendered":"afp_tickers Este contenido fue publicado en 28 noviembre 2025 &#8211; 18:00 El presidente de Alemania, Frank-Walter Steinmeier, visit\u00f3&hellip;\n","protected":false},"author":2,"featured_media":260818,"comment_status":"","ping_status":"","sticky":false,"template":"","format":"standard","meta":{"footnotes":""},"categories":[8],"tags":[635,17,18,636,83,25,24,13,14,11,24455,53916,86,19,20,9,10,15,16,88,20122,53917,23,90,12,21,22],"class_list":{"0":"post-260817","1":"post","2":"type-post","3":"status-publish","4":"format-standard","5":"has-post-thumbnail","7":"category-espana","8":"tag-armed-conflict","9":"tag-breaking-news","10":"tag-breakingnews","11":"tag-conflict","12":"tag-diplomacy","13":"tag-es","14":"tag-espana","15":"tag-featured-news","16":"tag-featurednews","17":"tag-headlines","18":"tag-history","19":"tag-human-science","20":"tag-international-relations","21":"tag-latest-news","22":"tag-latestnews","23":"tag-news","24":"tag-noticias","25":"tag-noticias-destacadas","26":"tag-noticiasdestacadas","27":"tag-politics","28":"tag-sci-tech","29":"tag-social-sciences","30":"tag-spain","31":"tag-ticker","32":"tag-titulares","33":"tag-ultimas-noticias","34":"tag-ultimasnoticias"},"share_on_mastodon":{"url":"https:\/\/pubeurope.com\/@es\/115628928547672266","error":""},"_links":{"self":[{"href":"https:\/\/www.europesays.com\/es\/wp-json\/wp\/v2\/posts\/260817","targetHints":{"allow":["GET"]}}],"collection":[{"href":"https:\/\/www.europesays.com\/es\/wp-json\/wp\/v2\/posts"}],"about":[{"href":"https:\/\/www.europesays.com\/es\/wp-json\/wp\/v2\/types\/post"}],"author":[{"embeddable":true,"href":"https:\/\/www.europesays.com\/es\/wp-json\/wp\/v2\/users\/2"}],"replies":[{"embeddable":true,"href":"https:\/\/www.europesays.com\/es\/wp-json\/wp\/v2\/comments?post=260817"}],"version-history":[{"count":0,"href":"https:\/\/www.europesays.com\/es\/wp-json\/wp\/v2\/posts\/260817\/revisions"}],"wp:featuredmedia":[{"embeddable":true,"href":"https:\/\/www.europesays.com\/es\/wp-json\/wp\/v2\/media\/260818"}],"wp:attachment":[{"href":"https:\/\/www.europesays.com\/es\/wp-json\/wp\/v2\/media?parent=260817"}],"wp:term":[{"taxonomy":"category","embeddable":true,"href":"https:\/\/www.europesays.com\/es\/wp-json\/wp\/v2\/categories?post=260817"},{"taxonomy":"post_tag","embeddable":true,"href":"https:\/\/www.europesays.com\/es\/wp-json\/wp\/v2\/tags?post=260817"}],"curies":[{"name":"wp","href":"https:\/\/api.w.org\/{rel}","templated":true}]}}