{"id":260819,"date":"2025-11-28T19:16:10","date_gmt":"2025-11-28T19:16:10","guid":{"rendered":"https:\/\/www.europesays.com\/es\/260819\/"},"modified":"2025-11-28T19:16:10","modified_gmt":"2025-11-28T19:16:10","slug":"onu-derechos-humanos-condena-la-aparente-ejecucion-sumaria-de-dos-palestinos-por-la-policia-israeli","status":"publish","type":"post","link":"https:\/\/www.europesays.com\/es\/260819\/","title":{"rendered":"ONU Derechos Humanos condena la \u00abaparente ejecuci\u00f3n sumaria\u00bb de dos palestinos por la Polic\u00eda israel\u00ed"},"content":{"rendered":"<p>La Oficina de Derechos Humanos de la ONU (<a href=\"https:\/\/acnudh.org\/la-oficina\/#:~:text=La%20Oficina%20del%20Alto%20Comisionado%20de%20las%20Naciones%20Unidas%20para,humanos%20en%20todo%20el%20mundo.\" rel=\"nofollow noopener\" target=\"_blank\">ACNUDH<\/a>) declar\u00f3 el viernes que estaba \u00abhorrorizada\u00bb por la \u00abdescarada muerte\u00bb de dos hombres palestinos a manos de la polic\u00eda fronteriza israel\u00ed en Cisjordania, describi\u00e9ndola como una \u00abaparente ejecuci\u00f3n sumaria\u00bb.<\/p>\n<p>El portavoz de la Oficina, Jeremy Laurence, inform\u00f3 a periodistas en Ginebra que el tiroteo ocurri\u00f3 el jueves en Yen\u00edn y aparentemente fue grabado en video por un canal de televisi\u00f3n.<\/p>\n<p>Se\u00f1al\u00f3 que tras el incidente se anunci\u00f3 una revisi\u00f3n interna, pero que las declaraciones de un alto funcionario israel\u00ed buscando eximir de responsabilidad a las fuerzas de seguridad, \u00abplantea serias preocupaciones sobre la credibilidad de cualquier revisi\u00f3n o investigaci\u00f3n futura realizada por cualquier entidad que no sea totalmente independiente del Gobierno\u00bb.<\/p>\n<p>Aumento de muertes<\/p>\n<p>Laurence destac\u00f3 que las muertes de palestinos a manos de las fuerzas de seguridad israel\u00edes y colonos en la ocupada Cisjordania han aumentado sin que haya rendici\u00f3n de cuentas.<\/p>\n<p>La ACNUDH ha verificado que, desde el 7 de octubre de 2023, las fuerzas israel\u00edes y los colonos han matado a 1030 palestinos en Cisjordania, incluidos 233 ni\u00f1os.<\/p>\n<p>A eso se suman otros casi 70.000 palestinos muertos en <a href=\"https:\/\/news.un.org\/es\/events\/israel-palestina\" rel=\"nofollow noopener\" target=\"_blank\">Gaza<\/a>, en su mayor\u00eda mujeres y ni\u00f1os. Comisiones de investigaci\u00f3n de la ONU y expertos en <a href=\"https:\/\/news.un.org\/es\/news\/topic\/human-rights\" rel=\"nofollow noopener\" target=\"_blank\">derechos humanos<\/a> han calificado estas matanzas como parte de un genocidio que est\u00e1 en marcha.<\/p>\n<p>\u00abDebe terminar la impunidad por el uso ilegal de la fuerza por parte de las fuerzas de seguridad israel\u00edes y la creciente violencia de los colonos israel\u00edes\u00bb, afirm\u00f3 el portavoz.<\/p>\n<p>Asimismo, el Alto Comisionado de la ONU para los Derechos Humanos, Volker T\u00fcrk, ha solicitado investigaciones independientes, prontas y efectivas, y que los responsables rindan cuentas plenamente.<\/p>\n","protected":false},"excerpt":{"rendered":"La Oficina de Derechos Humanos de la ONU (ACNUDH) declar\u00f3 el viernes que estaba \u00abhorrorizada\u00bb por la \u00abdescarada&hellip;\n","protected":false},"author":2,"featured_media":260820,"comment_status":"","ping_status":"","sticky":false,"template":"","format":"standard","meta":{"footnotes":""},"categories":[5],"tags":[17,18,25,24,13,14,11,19,20,9,10,15,16,23,12,21,22],"class_list":{"0":"post-260819","1":"post","2":"type-post","3":"status-publish","4":"format-standard","5":"has-post-thumbnail","7":"category-titulares","8":"tag-breaking-news","9":"tag-breakingnews","10":"tag-es","11":"tag-espana","12":"tag-featured-news","13":"tag-featurednews","14":"tag-headlines","15":"tag-latest-news","16":"tag-latestnews","17":"tag-news","18":"tag-noticias","19":"tag-noticias-destacadas","20":"tag-noticiasdestacadas","21":"tag-spain","22":"tag-titulares","23":"tag-ultimas-noticias","24":"tag-ultimasnoticias"},"share_on_mastodon":{"url":"https:\/\/pubeurope.com\/@es\/115628932015743134","error":""},"_links":{"self":[{"href":"https:\/\/www.europesays.com\/es\/wp-json\/wp\/v2\/posts\/260819","targetHints":{"allow":["GET"]}}],"collection":[{"href":"https:\/\/www.europesays.com\/es\/wp-json\/wp\/v2\/posts"}],"about":[{"href":"https:\/\/www.europesays.com\/es\/wp-json\/wp\/v2\/types\/post"}],"author":[{"embeddable":true,"href":"https:\/\/www.europesays.com\/es\/wp-json\/wp\/v2\/users\/2"}],"replies":[{"embeddable":true,"href":"https:\/\/www.europesays.com\/es\/wp-json\/wp\/v2\/comments?post=260819"}],"version-history":[{"count":0,"href":"https:\/\/www.europesays.com\/es\/wp-json\/wp\/v2\/posts\/260819\/revisions"}],"wp:featuredmedia":[{"embeddable":true,"href":"https:\/\/www.europesays.com\/es\/wp-json\/wp\/v2\/media\/260820"}],"wp:attachment":[{"href":"https:\/\/www.europesays.com\/es\/wp-json\/wp\/v2\/media?parent=260819"}],"wp:term":[{"taxonomy":"category","embeddable":true,"href":"https:\/\/www.europesays.com\/es\/wp-json\/wp\/v2\/categories?post=260819"},{"taxonomy":"post_tag","embeddable":true,"href":"https:\/\/www.europesays.com\/es\/wp-json\/wp\/v2\/tags?post=260819"}],"curies":[{"name":"wp","href":"https:\/\/api.w.org\/{rel}","templated":true}]}}