{"id":260827,"date":"2025-11-28T19:25:21","date_gmt":"2025-11-28T19:25:21","guid":{"rendered":"https:\/\/www.europesays.com\/es\/260827\/"},"modified":"2025-11-28T19:25:21","modified_gmt":"2025-11-28T19:25:21","slug":"la-intencion-que-tiene-el-real-madrid-con-las-ultimas-palabras-de-laporta","status":"publish","type":"post","link":"https:\/\/www.europesays.com\/es\/260827\/","title":{"rendered":"La intenci\u00f3n que tiene el Real Madrid con las \u00faltimas palabras de Laporta"},"content":{"rendered":"<p data-gtm-element-container=\"modulo-texto-link\" class=\"paragraph\"><strong>Real<\/strong> <strong>Madrid<\/strong> y <strong>Barcelona<\/strong> vuelven a estar en &#8216;guerra&#8217;. Las acusaciones cruzadas en cuanto a la pol\u00e9mica arbitral y el paso a un lado del conjunto cul\u00e9 respecto al tema de la Superliga, han hecho que en el puente a\u00e9reo vuelvan a haber turbulencias.\u00a0<\/p>\n<p data-gtm-element-container=\"modulo-texto-link\" class=\"paragraph\">As\u00ed las cosas, despu\u00e9s del ataque incendiario de Florentino P\u00e9rez durante la Asamblea de socios madridistas del pasado domingo, el presidente del FC Barcelona, Joan Laporta, ha querido responder con unas declaraciones improvisadas ante los medios en las que ha se\u00f1alado que \u00abel Real Madrid tiene &#8216;barceloniti\u00bb y que est\u00e1 m\u00e1s preocupado de lo que hace el conjunto azulgrana que de sus propios problemas.\u00a0<\/p>\n<p data-gtm-element-container=\"modulo-texto-link\" class=\"paragraph\">Un mensaje que, seg\u00fan informa la Cadena Cope, el Real Madrid no tiene intenci\u00f3n de responder ya que Florentino P\u00e9rez, poco habitual en este tipo de declaraciones p\u00fablicas, considera que todo lo que ten\u00eda que decir ya lo dijo en la citada asamblea.\u00a0<\/p>\n<p>    M\u00e1s sobre el Real Madrid<\/p>\n<p data-gtm-element-container=\"modulo-texto-link\" class=\"paragraph\">De esta manera, la &#8216;Guerra fr\u00eda&#8217; entre Madrid y Bar\u00e7a contin\u00faa en plena pelea por LaLiga donde los arbitrajes marcar\u00e1n de aqu\u00ed al final la pauta.\u00a0<\/p>\n","protected":false},"excerpt":{"rendered":"Real Madrid y Barcelona vuelven a estar en &#8216;guerra&#8217;. Las acusaciones cruzadas en cuanto a la pol\u00e9mica arbitral&hellip;\n","protected":false},"author":2,"featured_media":260828,"comment_status":"","ping_status":"","sticky":false,"template":"","format":"standard","meta":{"footnotes":""},"categories":[268],"tags":[168,25,24,280,282,281,23,167],"class_list":{"0":"post-260827","1":"post","2":"type-post","3":"status-publish","4":"format-standard","5":"has-post-thumbnail","7":"category-futbol","8":"tag-deportes","9":"tag-es","10":"tag-espana","11":"tag-football","12":"tag-futbol","13":"tag-soccer","14":"tag-spain","15":"tag-sports"},"share_on_mastodon":{"url":"https:\/\/pubeurope.com\/@es\/115628967539864682","error":""},"_links":{"self":[{"href":"https:\/\/www.europesays.com\/es\/wp-json\/wp\/v2\/posts\/260827","targetHints":{"allow":["GET"]}}],"collection":[{"href":"https:\/\/www.europesays.com\/es\/wp-json\/wp\/v2\/posts"}],"about":[{"href":"https:\/\/www.europesays.com\/es\/wp-json\/wp\/v2\/types\/post"}],"author":[{"embeddable":true,"href":"https:\/\/www.europesays.com\/es\/wp-json\/wp\/v2\/users\/2"}],"replies":[{"embeddable":true,"href":"https:\/\/www.europesays.com\/es\/wp-json\/wp\/v2\/comments?post=260827"}],"version-history":[{"count":0,"href":"https:\/\/www.europesays.com\/es\/wp-json\/wp\/v2\/posts\/260827\/revisions"}],"wp:featuredmedia":[{"embeddable":true,"href":"https:\/\/www.europesays.com\/es\/wp-json\/wp\/v2\/media\/260828"}],"wp:attachment":[{"href":"https:\/\/www.europesays.com\/es\/wp-json\/wp\/v2\/media?parent=260827"}],"wp:term":[{"taxonomy":"category","embeddable":true,"href":"https:\/\/www.europesays.com\/es\/wp-json\/wp\/v2\/categories?post=260827"},{"taxonomy":"post_tag","embeddable":true,"href":"https:\/\/www.europesays.com\/es\/wp-json\/wp\/v2\/tags?post=260827"}],"curies":[{"name":"wp","href":"https:\/\/api.w.org\/{rel}","templated":true}]}}