{"id":260829,"date":"2025-11-28T19:26:18","date_gmt":"2025-11-28T19:26:18","guid":{"rendered":"https:\/\/www.europesays.com\/es\/260829\/"},"modified":"2025-11-28T19:26:18","modified_gmt":"2025-11-28T19:26:18","slug":"david-broncano-envia-un-mensaje-a-buenafuente-tras-anunciar-que-se-retira-temporalmente-por-prescripcion-medica","status":"publish","type":"post","link":"https:\/\/www.europesays.com\/es\/260829\/","title":{"rendered":"David Broncano env\u00eda un mensaje a Buenafuente tras anunciar que se retira temporalmente por prescripci\u00f3n m\u00e9dica"},"content":{"rendered":"<p class=\"c-paragraph\">Despu\u00e9s de que <a href=\"https:\/\/www.20minutos.es\/tags\/personas\/buenafuente.html\" title=\"Buenafuente\" rel=\"nofollow noopener\" target=\"_blank\">Buenafuente<\/a> anunciase un par\u00f3n temporal por prescripci\u00f3n m\u00e9dica, <a href=\"https:\/\/www.20minutos.es\/tags\/personas\/broncano.html\" title=\"David Broncano\" rel=\"nofollow noopener\" target=\"_blank\">David Broncano<\/a>\u00a0quiso\u00a0<b>mandarle \u00e1nimos desde <a href=\"https:\/\/www.20minutos.es\/tags\/temas\/la-revuelta.html\" title=\"La Revuelta\" rel=\"nofollow noopener\" target=\"_blank\">La Revuelta<\/a><\/b>, programa corproducido por El Terrat, productora de Andreu.<\/p>\n<p class=\"c-paragraph\">Este jueves, <b>durante la secci\u00f3n de\u00a0<a href=\"https:\/\/www.20minutos.es\/tags\/personas\/jorge-ponce.html\" title=\"Jorge Ponce\" rel=\"nofollow noopener\" target=\"_blank\">Jorge Ponce<\/a><\/b>, este comenz\u00f3 a hablar de que no tiene muchos amigos muy famosos. Y, tras mencionar a <a href=\"https:\/\/www.20minutos.es\/tags\/temas\/berto-romero-presentador.html\" title=\"Berto Romero\" rel=\"nofollow noopener\" target=\"_blank\">Berto Romero<\/a>, se acord\u00f3 del presentador catal\u00e1n y aprovech\u00f3 para enviarle un cari\u00f1oso mensaje.<\/p>\n<p class=\"c-paragraph\">\u00ab<b>Le mandamos un beso a Andreu que est\u00e1 parando unos d\u00edas<\/b>\u00ab, dijo el c\u00f3mico, mirando a c\u00e1mara y envi\u00e1ndole un beso y un coraz\u00f3n hecho con las manos.<\/p>\n<p class=\"c-paragraph\">A ello se uni\u00f3 Broncano, con otro beso a c\u00e1mara, y despu\u00e9s brome\u00f3 con ello: \u00ab<b>Est\u00e1 en la recuperasi\u00f3<\/b>\u00ab. \u00abHa parado un ratito y que se venga ya mismo\u00bb, a\u00f1adi\u00f3 Ponce, deseando que su retirada fuera lo m\u00e1s breve posible, lo cual significar\u00eda que ha mejorado su salud.<\/p>\n<p class=\"c-paragraph\">Estos mensajes llegan despu\u00e9s de que, hace una semana, el conductor de Futuro imperfecto\u00a0comunicara que, \u00ab<b>por exceso de carga laboral y por prescripci\u00f3n m\u00e9dica<\/b>\u00ab, deb\u00eda \u00abhacer un par\u00f3n temporal en su agenda profesional para descansar y recuperarse\u00bb.<\/p>\n<p class=\"c-paragraph\">\u00abTengo que parar un poco para recuperarme y volver con la energ\u00eda que se merece todo lo que hago\u00bb, a\u00f1adi\u00f3 el presentador, cuyo par\u00f3n lleg\u00f3 horas despu\u00e9s de que se anunciara que iba a conducir las <b>Campanadas 2025\/26 junto a <a href=\"https:\/\/www.20minutos.es\/tags\/personas\/silvia-abril.html\" title=\"Silvia Abril\" rel=\"nofollow noopener\" target=\"_blank\">Silvia Abril<\/a><\/b>, <a href=\"https:\/\/www.20minutos.es\/television\/andreu-buenafuente-anuncia-un-paron-laboral-por-prescripcion-medica_6901123_0.html\" title=\"Andreu Buenafuente anuncia un par\u00f3n laboral &quot;por prescripci\u00f3n m\u00e9dica&quot;\" rel=\"nofollow noopener\" target=\"_blank\">compromiso al que s\u00ed asistir\u00e1, tal y como pudo confirmar <b>20minutos<\/b><\/a>.<\/p>\n","protected":false},"excerpt":{"rendered":"Despu\u00e9s de que Buenafuente anunciase un par\u00f3n temporal por prescripci\u00f3n m\u00e9dica, David Broncano\u00a0quiso\u00a0mandarle \u00e1nimos desde La Revuelta, programa&hellip;\n","protected":false},"author":2,"featured_media":260830,"comment_status":"","ping_status":"","sticky":false,"template":"","format":"standard","meta":{"footnotes":""},"categories":[174],"tags":[18203,13289,1270,255,146,147,25,24,256,8079,23,575],"class_list":{"0":"post-260829","1":"post","2":"type-post","3":"status-publish","4":"format-standard","5":"has-post-thumbnail","7":"category-famosos","8":"tag-anunciar","9":"tag-broncano","10":"tag-buenafuente","11":"tag-celebrities","12":"tag-entertainment","13":"tag-entretenimiento","14":"tag-es","15":"tag-espana","16":"tag-famosos","17":"tag-mensaje","18":"tag-spain","19":"tag-tras"},"share_on_mastodon":{"url":"https:\/\/pubeurope.com\/@es\/115628971425361283","error":""},"_links":{"self":[{"href":"https:\/\/www.europesays.com\/es\/wp-json\/wp\/v2\/posts\/260829","targetHints":{"allow":["GET"]}}],"collection":[{"href":"https:\/\/www.europesays.com\/es\/wp-json\/wp\/v2\/posts"}],"about":[{"href":"https:\/\/www.europesays.com\/es\/wp-json\/wp\/v2\/types\/post"}],"author":[{"embeddable":true,"href":"https:\/\/www.europesays.com\/es\/wp-json\/wp\/v2\/users\/2"}],"replies":[{"embeddable":true,"href":"https:\/\/www.europesays.com\/es\/wp-json\/wp\/v2\/comments?post=260829"}],"version-history":[{"count":0,"href":"https:\/\/www.europesays.com\/es\/wp-json\/wp\/v2\/posts\/260829\/revisions"}],"wp:featuredmedia":[{"embeddable":true,"href":"https:\/\/www.europesays.com\/es\/wp-json\/wp\/v2\/media\/260830"}],"wp:attachment":[{"href":"https:\/\/www.europesays.com\/es\/wp-json\/wp\/v2\/media?parent=260829"}],"wp:term":[{"taxonomy":"category","embeddable":true,"href":"https:\/\/www.europesays.com\/es\/wp-json\/wp\/v2\/categories?post=260829"},{"taxonomy":"post_tag","embeddable":true,"href":"https:\/\/www.europesays.com\/es\/wp-json\/wp\/v2\/tags?post=260829"}],"curies":[{"name":"wp","href":"https:\/\/api.w.org\/{rel}","templated":true}]}}