{"id":260833,"date":"2025-11-28T19:29:15","date_gmt":"2025-11-28T19:29:15","guid":{"rendered":"https:\/\/www.europesays.com\/es\/260833\/"},"modified":"2025-11-28T19:29:15","modified_gmt":"2025-11-28T19:29:15","slug":"jose-maria-aznar-dice-que-el-no-condena-el-franquismo-y-gorka-landaburu-le-da-una-respuesta-que-aun-resuena","status":"publish","type":"post","link":"https:\/\/www.europesays.com\/es\/260833\/","title":{"rendered":"Jos\u00e9 Mar\u00eda Aznar dice que \u00e9l no condena el franquismo y Gorka Landaburu le da una respuesta que a\u00fan resuena"},"content":{"rendered":"<p>El periodista Gorka Landaburu ha dado una sonada respuesta a <a href=\"https:\/\/www.huffingtonpost.es\/politica\/aznar-revela-21nos-que-primero-hizo-desalojar-moncloa-ana-botella-me-recomendo.html\" rel=\"nofollow noopener\" target=\"_blank\">Jos\u00e9 Mar\u00eda Aznar, expresidente del Gobierno<\/a>, despu\u00e9s de que \u00e9ste avisase de que \u00e9l no va a<a href=\"https:\/\/www.huffingtonpost.es\/virales\/javier-ruiz-desmonta-dos-datos-nostalgicos-franquismo-economia-nostalgiabr.html\" rel=\"nofollow noopener\" target=\"_blank\"> condenar el franquismo.<\/a><\/p>\n<p>En una entrevista en EsRadio, Aznar ha sido tajante: \u00abSi estamos hablando del Franquismo, yo no voy a condenar algo en lo cual mi padre particip\u00f3. <b>Mi padre hizo tres a\u00f1os de guerra\u00bb.<\/b><\/p>\n<p>\u00abLo curioso hist\u00f3ricamente es que esta parte de la izquierda, que es una parte de la izquierda radical e ignorante, <b>no tiene en cuenta la historia nada m\u00e1s que para reescribirla\u00bb<\/b>, ha proseguido Aznar, para quien la izquierda est\u00e1 \u201ccometiendo los mismos errores que se cometieron en esa \u00e9poca\u201d.<\/p>\n<p>\u00abMi padre muri\u00f3 en el exilio como tantos otros\u00bb<\/p>\n<p>\u00abYo s\u00ed lo condeno y rotundamente Sr. Aznar<b>. Mi padre muri\u00f3 en el exilio como tantos otros.<\/b> Esa es la gran diferencia con todos los que convivieron y apoyaron a Franco y a la dictadura, como su padre, durante 40 a\u00f1os\u00bb, ha sentenciado Landaburu tras escuchar a Aznar.<\/p>\n<p>En cualquier caso, el periodista Federico Jim\u00e9nez Losantos ha recordado al expresidente del Gobierno que s\u00ed conden\u00f3 el franquismo en el Parlamento, a lo que Aznar ha replicado: \u00abConden\u00e9 el sistema, <b>otra cosa distinta son los or\u00edgenes hist\u00f3ricos<\/b> que puedan tener las cosas, que eso dar\u00eda para varios libros\u00bb.<\/p>\n<p>\u00abTodo esto de la memoria democr\u00e1tica es una cosa, efectivamente, que hay que derogar, <b>que es un aut\u00e9ntico disparate\u00bb, <\/b>ha a\u00f1adido.<\/p>\n<p>En una entrevista a El Peri\u00f3dico de Extremadura, Landaburu, al que ETA intent\u00f3 matar envi\u00e1ndole un paquete bomba, dej\u00f3 una frase que resum\u00eda bien su vida: \u00abYo vengo del exilio, donde mi padre muri\u00f3 por culpa de Franco. Defend\u00edamos la democracia y la libertad. Quer\u00edan callarme, pero yo les dije una cosa: &#8216;Me hab\u00e9is mutilado las manos, me hab\u00e9is dejado ciego del ojo izquierdo<b>, pero no me hab\u00e9is cortado la lengua&#8217;<\/b>. Estuve 12 a\u00f1os con escolta, antes y despu\u00e9s del atentado. En los 2000, ETA ya estaba muy debilitada y la gente empez\u00f3 a salir a la calle, hasta que vencimos a esa banda armada\u00bb.<\/p>\n","protected":false},"excerpt":{"rendered":"El periodista Gorka Landaburu ha dado una sonada respuesta a Jos\u00e9 Mar\u00eda Aznar, expresidente del Gobierno, despu\u00e9s de&hellip;\n","protected":false},"author":2,"featured_media":260834,"comment_status":"","ping_status":"","sticky":false,"template":"","format":"standard","meta":{"footnotes":""},"categories":[171],"tags":[31596,793,6727,146,147,25,24,2467,1932,23,214],"class_list":{"0":"post-260833","1":"post","2":"type-post","3":"status-publish","4":"format-standard","5":"has-post-thumbnail","7":"category-tv","8":"tag-aznar","9":"tag-condena","10":"tag-dice","11":"tag-entertainment","12":"tag-entretenimiento","13":"tag-es","14":"tag-espana","15":"tag-jose","16":"tag-maria","17":"tag-spain","18":"tag-tv"},"share_on_mastodon":{"url":"https:\/\/pubeurope.com\/@es\/115628983483139360","error":""},"_links":{"self":[{"href":"https:\/\/www.europesays.com\/es\/wp-json\/wp\/v2\/posts\/260833","targetHints":{"allow":["GET"]}}],"collection":[{"href":"https:\/\/www.europesays.com\/es\/wp-json\/wp\/v2\/posts"}],"about":[{"href":"https:\/\/www.europesays.com\/es\/wp-json\/wp\/v2\/types\/post"}],"author":[{"embeddable":true,"href":"https:\/\/www.europesays.com\/es\/wp-json\/wp\/v2\/users\/2"}],"replies":[{"embeddable":true,"href":"https:\/\/www.europesays.com\/es\/wp-json\/wp\/v2\/comments?post=260833"}],"version-history":[{"count":0,"href":"https:\/\/www.europesays.com\/es\/wp-json\/wp\/v2\/posts\/260833\/revisions"}],"wp:featuredmedia":[{"embeddable":true,"href":"https:\/\/www.europesays.com\/es\/wp-json\/wp\/v2\/media\/260834"}],"wp:attachment":[{"href":"https:\/\/www.europesays.com\/es\/wp-json\/wp\/v2\/media?parent=260833"}],"wp:term":[{"taxonomy":"category","embeddable":true,"href":"https:\/\/www.europesays.com\/es\/wp-json\/wp\/v2\/categories?post=260833"},{"taxonomy":"post_tag","embeddable":true,"href":"https:\/\/www.europesays.com\/es\/wp-json\/wp\/v2\/tags?post=260833"}],"curies":[{"name":"wp","href":"https:\/\/api.w.org\/{rel}","templated":true}]}}