{"id":260835,"date":"2025-11-28T19:30:16","date_gmt":"2025-11-28T19:30:16","guid":{"rendered":"https:\/\/www.europesays.com\/es\/260835\/"},"modified":"2025-11-28T19:30:16","modified_gmt":"2025-11-28T19:30:16","slug":"horarios-de-wardruna-single-de-lynch-mob-iron-savior-estrenan-nueva-version","status":"publish","type":"post","link":"https:\/\/www.europesays.com\/es\/260835\/","title":{"rendered":"Horarios de WARDRUNA. Single de LYNCH MOB. IRON SAVIOR estrenan nueva versi\u00f3n."},"content":{"rendered":"<p>\u00a0<\/p>\n<p style=\"text-align: center;\"><strong><a href=\"#WARDRUNA2\">Horarios de WARDRUNA<\/a> \u2013 <a href=\"#LYNCH_MOB2\">Single de LYNCH MOB<\/a> \u2013 <a href=\"#IRON_SAVIOR\">IRON SAVIOR estrenan nueva versi\u00f3n.<\/a><\/strong><\/p>\n<p>Estos son los horarios para los pr\u00f3ximos conciertos de <a href=\"https:\/\/www.facebook.com\/wardruna\" target=\"_blank\" rel=\"noopener nofollow\"><strong>WARDRUNA<\/strong><\/a>:<\/p>\n<ul>\n<li>D\u00eda 3 de diciembre \u2013 Sala The Music Station \u2013 MADRID (\u00daltimas entradas)<\/li>\n<li>Apertura de puertas 19:00 hrs.<\/li>\n<li>WARDRUNA 20:30 hrs.<\/li>\n<\/ul>\n<ul>\n<li>D\u00eda 4 de diciembre \u2013 Sala The Music Station \u2013 MADRID\u00a0(Entradas agotadas)<\/li>\n<li>Apertura de puertas 19:00 hrs.<\/li>\n<li>WARDRUNA 20:30 hrs.<\/li>\n<\/ul>\n<p>* Horarios aproximados y sujetos a modificaci\u00f3n.<\/p>\n<p><img fetchpriority=\"high\" decoding=\"async\" src=\"https:\/\/www.europesays.com\/es\/wp-content\/uploads\/2025\/11\/cartel_dic2025.jpg\" alt=\"RAMMSTEIN\" width=\"500\" height=\"500\"\/><\/p>\n<p><a href=\"https:\/\/www.facebook.com\/wardruna\" target=\"_blank\" rel=\"noopener nofollow\"><strong>WARDRUNA<\/strong><\/a> editaron el 24 de enero a trav\u00e9s de Columbia Records un nuevo disco titulado \u201cBirna\u201d.<\/p>\n<p>Todos los detalles en esta <a href=\"https:\/\/www.rafabasa.com\/2024\/10\/29\/megadeth-wardruna-dragony\/#WARDRUNA\" target=\"_blank\" rel=\"noopener nofollow\">noticia<\/a> y su \u00faltimo single en <a href=\"https:\/\/www.rafabasa.com\/2024\/12\/09\/within-temptation-kerry-king-wardruna\/#WARDRUNA\" target=\"_blank\" rel=\"noopener nofollow\">esta<\/a>.<\/p>\n<p>\u00a0<\/p>\n<p>\u201cLift Up Your Soul\u201d es el nuevo single de <strong>LYNCH MOB<\/strong>.<\/p>\n<p><a href=\"https:\/\/georgelynch.com\/\" target=\"_blank\" rel=\"noopener nofollow\"><strong>George Lynch<\/strong><\/a> sacar\u00e1 el 28 de noviembre a trav\u00e9s de Rat Pak Records el \u00faltimo disco de <strong>LYNCH MOB<\/strong> \u201cDancing With The Devil\u201d.<\/p>\n<p>Todos los detalles en esta <a href=\"https:\/\/www.rafabasa.com\/2025\/10\/10\/guadana-lynch-mob-seven-spires\/#LYNCH\" rel=\"nofollow noopener\" target=\"_blank\">noticia<\/a> y otro adelanto en <a href=\"https:\/\/www.rafabasa.com\/2025\/11\/10\/lynch-mob-alcatrazz-sadus\/#LYNCH_MOB\" rel=\"nofollow noopener\" target=\"_blank\">esta<\/a>.<\/p>\n<p>\u00a0<\/p>\n<p>\u00a0<\/p>\n<p><a href=\"https:\/\/www.facebook.com\/ironsavior1996\" target=\"_blank\" rel=\"noopener nofollow\"><strong>IRON SAVIOR<\/strong><\/a> han estrenado su versi\u00f3n del tema de ALPHAVILLE \u201cForever Young\u201d.<\/p>\n<p>La canci\u00f3n sirve de adelanto al pr\u00f3ximo disco del grupo \u201cAwesome Anthems of the Galaxy\u201d, que saldr\u00e1 en marzo a trav\u00e9s de la filial de Reigning Phoenix Music Perception.<\/p>\n<p>Otro adelanto en esta <a href=\"https:\/\/www.rafabasa.com\/2025\/10\/30\/mago-de-oz-deep-purple-iron-savior-darwin\/#SAVIOR\" rel=\"nofollow noopener\" target=\"_blank\">noticia<\/a>\u00a0\u00a0\u00a0\u00a0\u00a0\u00a0\u00a0\u00a0\u00a0\u00a0\u00a0\u00a0\u00a0\u00a0\u00a0\u00a0\u00a0\u00a0 .<\/p>\n<p>Los alemanes editaron el 22 de agosto a trav\u00e9s de la filial de Reigning Phoenix Music Perception su \u00faltimo trabajo \u00abReforged \u2013 Machine World\u00bb.<\/p>\n<p>M\u00e1s detalles en esta <a href=\"https:\/\/www.rafabasa.com\/2025\/05\/18\/yngwie-malmsteen-iron-savior-giant\/#SAVIOR\" rel=\"nofollow noopener\" target=\"_blank\">noticia<\/a> y los adelantos aparecidos en <a href=\"https:\/\/www.rafabasa.com\/2025\/07\/27\/bruce-dickinson-iron-savior-in-the-vein\/#SAVIOR\" rel=\"nofollow noopener\" target=\"_blank\">esta<\/a>.<\/p>\n<p>La banda nos <a href=\"https:\/\/www.rafabasa.com\/2025\/10\/07\/scorpions-alcest-iron-savior\/#IRON_SAVIOR\" target=\"_blank\" rel=\"noopener nofollow\">visitar\u00e1 el a\u00f1o pr\u00f3ximo<\/a>.<\/p>\n<p>Estas son las fechas:<\/p>\n<ul>\n<li>D\u00eda 27 de marzo \u2013 Escenario Santander \u2013 SANTANDER<\/li>\n<li>D\u00eda 28 de marzo \u2013 Euskal Metal Fest \u2013 SAN SEBASTI\u00c1N<\/li>\n<li>D\u00eda 29 de marzo \u2013 Sala Revi Live \u2013 MADRID<\/li>\n<\/ul>\n<p><a href=\"https:\/\/www.rafabasa.com\/2025\/09\/10\/nurcry-ya-tienen-grabado-su-cuarto-album-un-primer-video-clip-y-haran-gira\/\" target=\"_blank\" rel=\"noopener nofollow\">Como ya informamos, NURCRY ser\u00e1n la banda invitada.<\/a><\/p>\n<p>\u00a0<\/p>\n<p align=\"center\"><strong>Sigue el\u00a0<a href=\"https:\/\/whatsapp.com\/channel\/0029VaCprxVBA1f555USvT2O\" target=\"_blank\" rel=\"nofollow noopener\">Canal de RAFABASA.COM en WhatsApp<\/a>, donde encontrar\u00e1s todas nuestras novedades al instante<\/strong><\/p>\n<p>\u00a0<\/p>\n<p>\u00a0<\/p>\n","protected":false},"excerpt":{"rendered":"\u00a0 Horarios de WARDRUNA \u2013 Single de LYNCH MOB \u2013 IRON SAVIOR estrenan nueva versi\u00f3n. Estos son los&hellip;\n","protected":false},"author":2,"featured_media":260836,"comment_status":"","ping_status":"","sticky":false,"template":"","format":"standard","meta":{"footnotes":""},"categories":[170],"tags":[146,147,25,24,27689,65147,184,185,23,65148],"class_list":{"0":"post-260835","1":"post","2":"type-post","3":"status-publish","4":"format-standard","5":"has-post-thumbnail","7":"category-musica","8":"tag-entertainment","9":"tag-entretenimiento","10":"tag-es","11":"tag-espana","12":"tag-iron-savior","13":"tag-lynch-mob","14":"tag-music","15":"tag-musica","16":"tag-spain","17":"tag-wardruna"},"share_on_mastodon":{"url":"https:\/\/pubeurope.com\/@es\/115628987575574404","error":""},"_links":{"self":[{"href":"https:\/\/www.europesays.com\/es\/wp-json\/wp\/v2\/posts\/260835","targetHints":{"allow":["GET"]}}],"collection":[{"href":"https:\/\/www.europesays.com\/es\/wp-json\/wp\/v2\/posts"}],"about":[{"href":"https:\/\/www.europesays.com\/es\/wp-json\/wp\/v2\/types\/post"}],"author":[{"embeddable":true,"href":"https:\/\/www.europesays.com\/es\/wp-json\/wp\/v2\/users\/2"}],"replies":[{"embeddable":true,"href":"https:\/\/www.europesays.com\/es\/wp-json\/wp\/v2\/comments?post=260835"}],"version-history":[{"count":0,"href":"https:\/\/www.europesays.com\/es\/wp-json\/wp\/v2\/posts\/260835\/revisions"}],"wp:featuredmedia":[{"embeddable":true,"href":"https:\/\/www.europesays.com\/es\/wp-json\/wp\/v2\/media\/260836"}],"wp:attachment":[{"href":"https:\/\/www.europesays.com\/es\/wp-json\/wp\/v2\/media?parent=260835"}],"wp:term":[{"taxonomy":"category","embeddable":true,"href":"https:\/\/www.europesays.com\/es\/wp-json\/wp\/v2\/categories?post=260835"},{"taxonomy":"post_tag","embeddable":true,"href":"https:\/\/www.europesays.com\/es\/wp-json\/wp\/v2\/tags?post=260835"}],"curies":[{"name":"wp","href":"https:\/\/api.w.org\/{rel}","templated":true}]}}