{"id":260837,"date":"2025-11-28T19:31:14","date_gmt":"2025-11-28T19:31:14","guid":{"rendered":"https:\/\/www.europesays.com\/es\/260837\/"},"modified":"2025-11-28T19:31:14","modified_gmt":"2025-11-28T19:31:14","slug":"asiste-al-preestreno-de-balearic-en-madrid-y-vigo-experiencias-el-pais-para-suscriptores","status":"publish","type":"post","link":"https:\/\/www.europesays.com\/es\/260837\/","title":{"rendered":"Asiste al preestreno de \u2018Balearic\u2019 en Madrid y Vigo | Experiencias EL PA\u00cdS + para suscriptores"},"content":{"rendered":"<p class=\"a_st\">Descubre antes que nadie la nueva pel\u00edcula de Ion de Sosa<\/p>\n<p><img fetchpriority=\"high\" decoding=\"auto\" class=\"_re  a_m-h\" height=\"276\"  width=\"414\"  src=\"https:\/\/www.europesays.com\/es\/wp-content\/uploads\/2025\/11\/M4MBW54LBJAUJDTDH35PGFWYLQ.png\" loading=\"eager\"\/>Cartel promocional de &#8216;Balearic&#8217;.<\/p>\n<p class=\"\">\u00bfQu\u00e9 puede pasar si te cuelas en una lujosa casa custodiada por tres perros en v\u00edsperas de San Juan? Desc\u00fabrelo en <b>Balearic<\/b>, una pel\u00edcula de drama y suspense que llegar\u00e1 a los cines el <b>pr\u00f3ximo 12 de diciembre.<\/b><\/p>\n<p class=\"\">Por ser lector de EL PA\u00cdS, te ofrecemos la oportunidad de asistir al preestreno de esta cinta el <b>9 de diciembre en Madrid y el 11 de diciembre en Vigo<\/b>. \u00a1Elige tu ciudad y participa para conseguir una entrada doble!<\/p>\n<p><b>Sinopsis<\/b><\/p>\n<p class=\"\">En la v\u00edspera de San Juan, un grupo de j\u00f3venes que se cuela en la piscina de una lujosa casa es atacado y retenido por tres feroces perros. Mientras luchan por sobrevivir, los vecinos celebran el inicio del verano en una villa cercana, ajenos al peligro que acecha.<\/p>\n<p class=\"\">Una mezcla de tensi\u00f3n y terror bajo una atm\u00f3sfera festiva, que enfrenta a los protagonistas a un desaf\u00edo inesperado que pone a prueba su ingenio y resistencia.<\/p>\n<p>M\u00e1s informaci\u00f3nArchivado EnSi est\u00e1 interesado en licenciar este contenido, pinche <a class=\"a_tp_si_l\" href=\"https:\/\/profesional.elpais.com\/soluciones-sindicacion\/?utm_medium=interno&amp;utm_source=crosslinking&amp;utm_campaign=sindicacion_ep_pie_articulos\" target=\"_blank\" rel=\"noopener noreferrer nofollow\">aqu\u00ed<\/a><\/p>\n","protected":false},"excerpt":{"rendered":"Descubre antes que nadie la nueva pel\u00edcula de Ion de Sosa Cartel promocional de &#8216;Balearic&#8217;. \u00bfQu\u00e9 puede pasar&hellip;\n","protected":false},"author":2,"featured_media":260838,"comment_status":"","ping_status":"","sticky":false,"template":"","format":"standard","meta":{"footnotes":""},"categories":[169],"tags":[177,209,1931,146,147,25,24,176,175,24083,23],"class_list":{"0":"post-260837","1":"post","2":"type-post","3":"status-publish","4":"format-standard","5":"has-post-thumbnail","7":"category-cine","8":"tag-cine","9":"tag-cultura","10":"tag-drama","11":"tag-entertainment","12":"tag-entretenimiento","13":"tag-es","14":"tag-espana","15":"tag-film","16":"tag-movies","17":"tag-preestrenos","18":"tag-spain"},"share_on_mastodon":{"url":"https:\/\/pubeurope.com\/@es\/115628991375823484","error":""},"_links":{"self":[{"href":"https:\/\/www.europesays.com\/es\/wp-json\/wp\/v2\/posts\/260837","targetHints":{"allow":["GET"]}}],"collection":[{"href":"https:\/\/www.europesays.com\/es\/wp-json\/wp\/v2\/posts"}],"about":[{"href":"https:\/\/www.europesays.com\/es\/wp-json\/wp\/v2\/types\/post"}],"author":[{"embeddable":true,"href":"https:\/\/www.europesays.com\/es\/wp-json\/wp\/v2\/users\/2"}],"replies":[{"embeddable":true,"href":"https:\/\/www.europesays.com\/es\/wp-json\/wp\/v2\/comments?post=260837"}],"version-history":[{"count":0,"href":"https:\/\/www.europesays.com\/es\/wp-json\/wp\/v2\/posts\/260837\/revisions"}],"wp:featuredmedia":[{"embeddable":true,"href":"https:\/\/www.europesays.com\/es\/wp-json\/wp\/v2\/media\/260838"}],"wp:attachment":[{"href":"https:\/\/www.europesays.com\/es\/wp-json\/wp\/v2\/media?parent=260837"}],"wp:term":[{"taxonomy":"category","embeddable":true,"href":"https:\/\/www.europesays.com\/es\/wp-json\/wp\/v2\/categories?post=260837"},{"taxonomy":"post_tag","embeddable":true,"href":"https:\/\/www.europesays.com\/es\/wp-json\/wp\/v2\/tags?post=260837"}],"curies":[{"name":"wp","href":"https:\/\/api.w.org\/{rel}","templated":true}]}}