{"id":260839,"date":"2025-11-28T19:32:13","date_gmt":"2025-11-28T19:32:13","guid":{"rendered":"https:\/\/www.europesays.com\/es\/260839\/"},"modified":"2025-11-28T19:32:13","modified_gmt":"2025-11-28T19:32:13","slug":"alemania-espana-en-directo-la-final-de-la-nations-league-femenina-en-directo-el-pais","status":"publish","type":"post","link":"https:\/\/www.europesays.com\/es\/260839\/","title":{"rendered":"Alemania &#8211; Espa\u00f1a en directo, la final de la Nations League femenina en directo &#8211; EL PA\u00cdS"},"content":{"rendered":"<ol>\n<li><a href=\"https:\/\/news.google.com\/rss\/articles\/CBMixgFBVV95cUxQRzdPZUhaN1I5Y3h3TUc5ODFRQzJCOWEwVHpPSWlaNXo2Y252LWxKNWxxN1ctTmZoeG1QX20yY0FBV2dmQzZJYVJyTi1Id25HbW5JaGFiR09WQXgydkh4ME9RMzF2MXJYdnh6SUxsbzMxVVh0eVNTd3I1VVNrWFhqN1R5Rl9MOC1XczJFSEYwR1Z0dnE5VnZ1UXNHVHdTb1hpMUc3U3RKNzlUM3dNMDhYMXdrQlUzUjhsM1RNX1NUU3NqcDB0eEHSAdoBQVVfeXFMUFluS19lMlJlM05BQkhJMUdmOHFXWFVvcTFfaElIYW0xXzFfdWJiMkFzRDloa0dRSHhfWDA3elg4R0pSNm1LeHBMZ3Z1ZjhnUDYyelQ5Rjl2YThXbXZscmRITGpPWFVneUhyRlpKYVBLcklKNDRNRVRTRlAwNllCUXZlcjE5dUtTaDZoYnp3NFNMdUd5RlFVYnFtSjBxRzlaVDdMUkgydHFLdU9oOVBaT0drY0hMNHpBZmxQbUxqaWo2elFqVWEtUlEwZV9RZ0ZfSXlMUXVsbVJFalE?oc=5\" target=\"_blank\" rel=\"nofollow noopener\">Alemania &#8211; Espa\u00f1a en directo, la final de la Nations League femenina en directo<\/a>&nbsp;&nbsp;EL PA\u00cdS<\/li>\n<li><a href=\"https:\/\/news.google.com\/rss\/articles\/CBMiqwFBVV95cUxOTUFSS3Nxal9oQzU4UUltUWh5eXE4RE5EdGc4U2xyelVkQ0VxbnZVZHQ1UldGSzJLaHFka0ZIQVRnVHFvVVgxWGRobVBuZVp5a1NlWWpiMVFBeWlVWWpzN2lDUjV5RGR1alZCZmZTQmdfb1FCbG9RaXdsV28tMld0VE1CVkRkQVlKU3FHWmZPY3FSSFc0Mzl0Y1M3dENBYkNnU1NwVzZMeG9lb1nSAb8BQVVfeXFMTmVOVGs5bEdVZHQ3dlJUNVNwbk1udEZiM0ZzbS1oMEk5N1M1Z3FEVkNrMVoxT3dWVzVrMWxOV3dCU0g3c1RRZlVibl9YLTBjLURsYktRZzJvNTBjRUQzbkpDWlE0eUlrRkRBTFVHRWFIVXpZcmdtczYyeFJGYjYxSDRjX1VLRk1uSldZMllUQlJUeVNQX1FFSVNURW45T29hcjBpc0NWbUZWZlhzNW9taWY1ZF90NXhmMkxJZ0NEUDg?oc=5\" target=\"_blank\" rel=\"nofollow noopener\">Alemania &#8211; Espa\u00f1a, en directo: final de la Nations League hoy en vivo<\/a>&nbsp;&nbsp;Diario AS<\/li>\n<li><a href=\"https:\/\/news.google.com\/rss\/articles\/CBMiakFVX3lxTFA3TnJaYmFTUkNKUjlfYWNNY1hBRUNOZXZHRWNqODduQmp2bVRGT0R1b1RvZHRjU0Z2WnlIeGFZWGdxUkxwa3I0QXc0OVBlampiblF6dGtZY18wZWJKV1VDMTlQSVNQaTgyLXc?oc=5\" target=\"_blank\" rel=\"nofollow noopener\">PREVIA | En busca de la segunda Nations<\/a>&nbsp;&nbsp;RFEF<\/li>\n<li><a href=\"https:\/\/news.google.com\/rss\/articles\/CBMi4gFBVV95cUxPYzZibFhSYlBUbUxvNmtEbmdRblZXazlfX3ZadllEUi00S3BwdmZyMVROcDY0RHJzSmtIRnVicDMyZVhINTk4WWo4VmhpaFN0cWFldXBlOE9BUjEyOFpGSndqYzJyT0F6djZ0U3V4VExkNWZPcVJrUGxDYkRhQ2FOTm5xeUJoNXI5WWNGTEtwTm1idGh6RmNVT0ZBSzVtMnlycHNPUHRFZXdyaFRWR0dBUnVEU3owLUM1dkNIMmw5bXRmanVxZU5kQnd4bGZKeE1ZbFM3d3UxLUQ5WDFtdWl3YjJn0gHuAUFVX3lxTE1jSFJXakNlME93UUZxNlBxR1RoY0lRSGp4dGwtSk11RzhYdURWVDhpaUNLN3QzeUhPaTBHeGt0NXFoV3R0LVZ0c1FkTEpTOU1rWWljaGE5Y192aVZVc1RHV080TlRVRXVDYmRVeFJFa3pod2JxSVFIQzVpcGpBdmlxZ0o4dEV1aHlya3pxX1pXZEFYT01ZemU5TXZLcm5FYXU4dXBIM21PdEVicFBFNnFBVzRibHk1Wm4ya0FXaWhQajJ3SUZtZUFxRFVNbTNYekhLeU82VmV5ZnlhRnNzTnlIVS1GbTBXZHdMcW5KTFE?oc=5\" target=\"_blank\" rel=\"nofollow noopener\">La historia de Edna Imade: de llegar a Espa\u00f1a en patera a debutar con la selecci\u00f3n espa\u00f1ola<\/a>&nbsp;&nbsp;Telecinco<\/li>\n<li><a href=\"https:\/\/news.google.com\/rss\/articles\/CBMiwwFBVV95cUxQNjY5Z3pUclJpTGlPYVlTRm0tMnZ6d2xnVFFIaWpxOFRGMzk0V3dnYjRxcWozUGhVVG5zUkVWQ3g2S3NsYmVTd1M3Sy1uR0E0US10Sjl3WlVmQVVfVVdvd25fRXUyNThZeDU4TUhUMklZMHB6WGRxdnYxTnJsQ0kxckt5V05sSjhIdW13UkZNNHpGRERRdHR0QmVSYjRwUW5wR3ZOeFBjZWR3VUNheTQySlpvMzRsRWFCanFRQXdzUDNhS2_SAcMBQVVfeXFMTmdHVTkzVXZnU25ZOFNpU3o0OHFRVTRqZk5ic2hLRXdsMFhJalhCSDRBOXZpaVRoQjlxVzN5Sl9wTzZ6dnl2bkFOVm53ekZPWGZGenpGM2NvZ1NVWmpCOVdBVDdZaGtsX0lsTUJmRXBKUml3Wkltcm5YQnUtbzR6d1RxMk42cktjVTdSbXZJVjVVZW1jMjZ4N1FBV0M2eGxaNTFGZ2ZqRHR6ajEtU3ZJWGJJdUg5RDdOLWJKZzdsSUtES2xF?oc=5\" target=\"_blank\" rel=\"nofollow noopener\">Alemania &#8211; Espa\u00f1a en directo<\/a>&nbsp;&nbsp;MARCA<\/li>\n<\/ol>\n","protected":false},"excerpt":{"rendered":"Alemania &#8211; Espa\u00f1a en directo, la final de la Nations League femenina en directo&nbsp;&nbsp;EL PA\u00cdS Alemania &#8211; Espa\u00f1a,&hellip;\n","protected":false},"author":2,"featured_media":260840,"comment_status":"","ping_status":"","sticky":false,"template":"","format":"standard","meta":{"footnotes":""},"categories":[93],"tags":[1540,168,1539,25,24,282,1809,1538,7854,3714,1541,23,167],"class_list":{"0":"post-260839","1":"post","2":"type-post","3":"status-publish","4":"format-standard","5":"has-post-thumbnail","7":"category-deportes","8":"tag-competiciones","9":"tag-deportes","10":"tag-entrenadores","11":"tag-es","12":"tag-espana","13":"tag-futbol","14":"tag-futbol-femenino","15":"tag-futbolistas","16":"tag-liga-de-las-naciones-femenina-de-la-uefa","17":"tag-seleccion-espanola","18":"tag-seleccion-espanola-futbol-femenino","19":"tag-spain","20":"tag-sports"},"share_on_mastodon":{"url":"https:\/\/pubeurope.com\/@es\/115628995005948132","error":""},"_links":{"self":[{"href":"https:\/\/www.europesays.com\/es\/wp-json\/wp\/v2\/posts\/260839","targetHints":{"allow":["GET"]}}],"collection":[{"href":"https:\/\/www.europesays.com\/es\/wp-json\/wp\/v2\/posts"}],"about":[{"href":"https:\/\/www.europesays.com\/es\/wp-json\/wp\/v2\/types\/post"}],"author":[{"embeddable":true,"href":"https:\/\/www.europesays.com\/es\/wp-json\/wp\/v2\/users\/2"}],"replies":[{"embeddable":true,"href":"https:\/\/www.europesays.com\/es\/wp-json\/wp\/v2\/comments?post=260839"}],"version-history":[{"count":0,"href":"https:\/\/www.europesays.com\/es\/wp-json\/wp\/v2\/posts\/260839\/revisions"}],"wp:featuredmedia":[{"embeddable":true,"href":"https:\/\/www.europesays.com\/es\/wp-json\/wp\/v2\/media\/260840"}],"wp:attachment":[{"href":"https:\/\/www.europesays.com\/es\/wp-json\/wp\/v2\/media?parent=260839"}],"wp:term":[{"taxonomy":"category","embeddable":true,"href":"https:\/\/www.europesays.com\/es\/wp-json\/wp\/v2\/categories?post=260839"},{"taxonomy":"post_tag","embeddable":true,"href":"https:\/\/www.europesays.com\/es\/wp-json\/wp\/v2\/tags?post=260839"}],"curies":[{"name":"wp","href":"https:\/\/api.w.org\/{rel}","templated":true}]}}