{"id":260841,"date":"2025-11-28T19:33:09","date_gmt":"2025-11-28T19:33:09","guid":{"rendered":"https:\/\/www.europesays.com\/es\/260841\/"},"modified":"2025-11-28T19:33:09","modified_gmt":"2025-11-28T19:33:09","slug":"profesionales-de-la-enfermeria-instan-a-mantener-la-concienciacion-sobre-la-deteccion-del-vih","status":"publish","type":"post","link":"https:\/\/www.europesays.com\/es\/260841\/","title":{"rendered":"Profesionales de la enfermer\u00eda instan a mantener la concienciaci\u00f3n sobre la detecci\u00f3n del VIH"},"content":{"rendered":"<p>Daniel Torres, secretario de Acci\u00f3n Social y Formaci\u00f3n del Sindicato de T\u00e9cnicos de Enfermer\u00eda (SAE), ha destacado la necesidad de persistir en la sensibilizaci\u00f3n acerca de la relevancia de efectuar pruebas para identificar el virus de la inmunodeficiencia humana (VIH). Esto permitir\u00eda que quienes reciban un diagn\u00f3stico positivo puedan iniciar el tratamiento antirretroviral y disfrutar de una atenci\u00f3n integral.<\/p>\n<p>\u201cEn nuestro pa\u00eds, aunque los nuevos diagn\u00f3sticos de VIH descienden, aumenta el porcentaje de personas con un diagn\u00f3stico tard\u00edo -el 48,7 por ciento en 2023-. Por ello, es necesario seguir trabajando en la concienciaci\u00f3n de la poblaci\u00f3n sobre las pr\u00e1cticas de riesgo y la importancia que tienen las pruebas para detectar a tiempo la infecci\u00f3n\u201d, se\u00f1al\u00f3 Torres.<\/p>\n<p>Posteriormente, subray\u00f3 la importancia de una colaboraci\u00f3n global para alcanzar el objetivo de cero muertes por sida en 2030, haciendo un llamamiento a la comunidad internacional para reforzar la cooperaci\u00f3n y asegurar que los pa\u00edses afectados por los recortes en la financiaci\u00f3n internacional puedan continuar sus esfuerzos hacia este fin.<\/p>\n<p>Adem\u00e1s, Torres solicit\u00f3 un presupuesto adecuado para mejorar los diagn\u00f3sticos tempranos, mencionando que, seg\u00fan ONUSIDA, en 2024 hab\u00eda aproximadamente 5,3 millones de personas que desconoc\u00edan estar infectadas por el VIH.<\/p>\n<p>\u201cEl conocimiento es esencial para cuidar la salud. No obstante, el avance en Espa\u00f1a en la lucha contra el VIH es significativo, por ello debemos trabajar conjuntamente y compartir recursos con los pa\u00edses que m\u00e1s lo necesitan, pues, de otra manera, ser\u00e1 imposible erradicar la enfermedad\u201d, concluy\u00f3 Torres.<\/p>\n","protected":false},"excerpt":{"rendered":"Daniel Torres, secretario de Acci\u00f3n Social y Formaci\u00f3n del Sindicato de T\u00e9cnicos de Enfermer\u00eda (SAE), ha destacado la&hellip;\n","protected":false},"author":2,"featured_media":135832,"comment_status":"","ping_status":"","sticky":false,"template":"","format":"standard","meta":{"footnotes":""},"categories":[92],"tags":[25,24,165,166,23],"class_list":{"0":"post-260841","1":"post","2":"type-post","3":"status-publish","4":"format-standard","5":"has-post-thumbnail","7":"category-salud","8":"tag-es","9":"tag-espana","10":"tag-health","11":"tag-salud","12":"tag-spain"},"share_on_mastodon":{"url":"https:\/\/pubeurope.com\/@es\/115628999018673843","error":""},"_links":{"self":[{"href":"https:\/\/www.europesays.com\/es\/wp-json\/wp\/v2\/posts\/260841","targetHints":{"allow":["GET"]}}],"collection":[{"href":"https:\/\/www.europesays.com\/es\/wp-json\/wp\/v2\/posts"}],"about":[{"href":"https:\/\/www.europesays.com\/es\/wp-json\/wp\/v2\/types\/post"}],"author":[{"embeddable":true,"href":"https:\/\/www.europesays.com\/es\/wp-json\/wp\/v2\/users\/2"}],"replies":[{"embeddable":true,"href":"https:\/\/www.europesays.com\/es\/wp-json\/wp\/v2\/comments?post=260841"}],"version-history":[{"count":0,"href":"https:\/\/www.europesays.com\/es\/wp-json\/wp\/v2\/posts\/260841\/revisions"}],"wp:featuredmedia":[{"embeddable":true,"href":"https:\/\/www.europesays.com\/es\/wp-json\/wp\/v2\/media\/135832"}],"wp:attachment":[{"href":"https:\/\/www.europesays.com\/es\/wp-json\/wp\/v2\/media?parent=260841"}],"wp:term":[{"taxonomy":"category","embeddable":true,"href":"https:\/\/www.europesays.com\/es\/wp-json\/wp\/v2\/categories?post=260841"},{"taxonomy":"post_tag","embeddable":true,"href":"https:\/\/www.europesays.com\/es\/wp-json\/wp\/v2\/tags?post=260841"}],"curies":[{"name":"wp","href":"https:\/\/api.w.org\/{rel}","templated":true}]}}