{"id":260846,"date":"2025-11-28T19:36:10","date_gmt":"2025-11-28T19:36:10","guid":{"rendered":"https:\/\/www.europesays.com\/es\/260846\/"},"modified":"2025-11-28T19:36:10","modified_gmt":"2025-11-28T19:36:10","slug":"sanidad-retira-un-preparado-de-carne-de-hamburguesa-de-pollo-por-presencia-de-salmonela-sociedad","status":"publish","type":"post","link":"https:\/\/www.europesays.com\/es\/260846\/","title":{"rendered":"Sanidad retira un preparado de carne de hamburguesa de pollo por presencia de salmonela | Sociedad"},"content":{"rendered":"<p class=\"loc\">Madrid<\/p>\n<p>Los supermercados Consum han retirado el producto preparado de carne \u00abburger meat\u00bb de pollo, de su marca propia, ante la presencia de salmonela, <a href=\"https:\/\/www.aesan.gob.es\/AECOSAN\/web\/seguridad_alimentaria\/alertas_alimentarias\/2025_61.htm\" target=\"_blank\" rel=\"noreferrer nofollow noopener\" title=\"https:\/\/www.aesan.gob.es\/AECOSAN\/web\/seguridad_alimentaria\/alertas_alimentarias\/2025_61.htm\">seg\u00fan ha informado la empresa y notificado la Agencia Espa\u00f1ola de Seguridad Alimentaria y Nutrici\u00f3n (Aesan)<\/a>.<\/p>\n<p>De acuerdo a la informaci\u00f3n de Consum, publicada en su web, los lotes afectos corresponden a los n\u00fameros 2830 y 1672, con fecha de caducidad para el pr\u00f3ximo 1 de diciembre de 2025.<\/p>\n<p>\u00abDesde Consum, priorizando siempre la seguridad alimentaria y salud de los consumidores, hemos retirado el producto de manera inmediata. El resto de lotes comercializados son seguros para su consumo\u00bb, ha precisado la empresa.<\/p>\n<p>En un comunicado, la Agencia Espa\u00f1ola de Seguridad Alimentaria y Nutrici\u00f3n (Aesan) ha detallado que, seg\u00fan la informaci\u00f3n disponible, la distribuci\u00f3n del producto afectado ha sido a Andaluc\u00eda, Arag\u00f3n, Comunidad Valenciana, Castilla-La Mancha, Catalu\u00f1a y Murcia.<\/p>\n<p>Asimismo, la informaci\u00f3n ha sido trasladada a las autoridades de las comunidades a trav\u00e9s del Sistema Coordinado de Intercambio R\u00e1pido de Informaci\u00f3n (Sciri), para que se verifique la retirada de los productos afectados.<\/p>\n<p>La Aesan ha recomendado a las personas que tengan en su domicilio productos afectados por esta alerta, se abstengan de consumirlos.<\/p>\n<p>No obstante, ha precisado que, tal y como se indica en el etiquetado del producto, este se debe cocinar completamente antes de su consumo, siendo el cocinado una medida \u00abmuy efectiva\u00bb para eliminar el riesgo sanitario.<\/p>\n<blockquote class=\"twitter-tweet\">\n<p lang=\"es\" dir=\"ltr\">\u26a0\ufe0f Alerta por presencia de Salmonella en preparado de carne burger meat de pollo.<br \/>\ud83d\udeab No consumir.<br \/>\u25b6\ufe0fNombre: \u00a0Preparado de carne Burger meat de pollo.<br \/>\u25b6\ufe0fMarca: Consum.<br \/>\u25b6\ufe0fLote: 2830 y 1671.<br \/>Fecha de caducidad: 01\/12\/2025 (ambos lotes).<br \/>\ud83d\udccc<a href=\"https:\/\/t.co\/ByUD3iCRvZ\" rel=\"nofollow\">https:\/\/t.co\/ByUD3iCRvZ<\/a> <a href=\"https:\/\/t.co\/ZuRIcYxUm0\" rel=\"nofollow\">pic.twitter.com\/ZuRIcYxUm0<\/a><\/p>\n<p>\u2014 AESAN (@AESAN_gob_es) <a href=\"https:\/\/twitter.com\/AESAN_gob_es\/status\/1994382520004063601?ref_src=twsrc%5Etfw\" rel=\"nofollow noopener\" target=\"_blank\">November 28, 2025<\/a><\/p><\/blockquote>\n<p><script async src=\"https:\/\/platform.twitter.com\/widgets.js\" charset=\"utf-8\"><\/script><\/p>\n","protected":false},"excerpt":{"rendered":"Madrid Los supermercados Consum han retirado el producto preparado de carne \u00abburger meat\u00bb de pollo, de su marca&hellip;\n","protected":false},"author":2,"featured_media":260847,"comment_status":"","ping_status":"","sticky":false,"template":"","format":"standard","meta":{"footnotes":""},"categories":[80],"tags":[82,95,94,25,24,23],"class_list":{"0":"post-260846","1":"post","2":"type-post","3":"status-publish","4":"format-standard","5":"has-post-thumbnail","7":"category-economia","8":"tag-business","9":"tag-economia","10":"tag-economy","11":"tag-es","12":"tag-espana","13":"tag-spain"},"share_on_mastodon":{"url":"https:\/\/pubeurope.com\/@es\/115629010745569653","error":""},"_links":{"self":[{"href":"https:\/\/www.europesays.com\/es\/wp-json\/wp\/v2\/posts\/260846","targetHints":{"allow":["GET"]}}],"collection":[{"href":"https:\/\/www.europesays.com\/es\/wp-json\/wp\/v2\/posts"}],"about":[{"href":"https:\/\/www.europesays.com\/es\/wp-json\/wp\/v2\/types\/post"}],"author":[{"embeddable":true,"href":"https:\/\/www.europesays.com\/es\/wp-json\/wp\/v2\/users\/2"}],"replies":[{"embeddable":true,"href":"https:\/\/www.europesays.com\/es\/wp-json\/wp\/v2\/comments?post=260846"}],"version-history":[{"count":0,"href":"https:\/\/www.europesays.com\/es\/wp-json\/wp\/v2\/posts\/260846\/revisions"}],"wp:featuredmedia":[{"embeddable":true,"href":"https:\/\/www.europesays.com\/es\/wp-json\/wp\/v2\/media\/260847"}],"wp:attachment":[{"href":"https:\/\/www.europesays.com\/es\/wp-json\/wp\/v2\/media?parent=260846"}],"wp:term":[{"taxonomy":"category","embeddable":true,"href":"https:\/\/www.europesays.com\/es\/wp-json\/wp\/v2\/categories?post=260846"},{"taxonomy":"post_tag","embeddable":true,"href":"https:\/\/www.europesays.com\/es\/wp-json\/wp\/v2\/tags?post=260846"}],"curies":[{"name":"wp","href":"https:\/\/api.w.org\/{rel}","templated":true}]}}