{"id":260848,"date":"2025-11-28T19:37:09","date_gmt":"2025-11-28T19:37:09","guid":{"rendered":"https:\/\/www.europesays.com\/es\/260848\/"},"modified":"2025-11-28T19:37:09","modified_gmt":"2025-11-28T19:37:09","slug":"zelenski-anuncia-dimision-de-su-mas-cercano-asesor-dw-28-11-2025","status":"publish","type":"post","link":"https:\/\/www.europesays.com\/es\/260848\/","title":{"rendered":"Zelenski anuncia dimisi\u00f3n de su m\u00e1s cercano asesor \u2013 DW \u2013 28\/11\/2025"},"content":{"rendered":"<p>El presidente de <a class=\"internal-link\" href=\"https:\/\/www.dw.com\/es\/ucrania\/t-36925922\" rel=\"nofollow noopener\" target=\"_blank\">Ucrania<\/a>, <a class=\"internal-link\" href=\"https:\/\/www.dw.com\/es\/zelenski-volodimir\/t-47318346\" rel=\"nofollow noopener\" target=\"_blank\">Volodimir Zelenski<\/a>, anunci\u00f3 este viernes (28.11.2025) la dimisi\u00f3n de su jefe de gabinete, Andri Yermak, despu\u00e9s de que las autoridades anticorrupci\u00f3n del pa\u00eds <a class=\"internal-link\" href=\"https:\/\/www.dw.com\/es\/agencia-anticorrupci\u00f3n-ucraniana-efect\u00faa-registros-a-jefe-de-oficina-presidencial-yermak\/a-74934263\" rel=\"nofollow noopener\" target=\"_blank\">registraran esta ma\u00f1ana el apartamento y la oficina del funcionario<\/a>, en el marco de una de sus investigaciones. Yermak encabezaba hasta ahora el equipo negociador ucraniano en las conversaciones de paz.<\/p>\n<p>\u00abNo quiero que nadie tenga ninguna duda sobre Ucrania\u201d, dijo Zelenski en un discurso a la naci\u00f3n en el que anunci\u00f3 una remodelaci\u00f3n de la oficina presidencial. \u00abEl jefe de la oficina, Andri Yermak, present\u00f3 su dimisi\u00f3n\u201d, explic\u00f3 el presidente ucraniano, que agreg\u00f3 que este s\u00e1bado mantendr\u00e1 consultas con posibles sustitutos del que era considerado el hombre m\u00e1s poderoso del pa\u00eds despu\u00e9s del propio Zelenski.<\/p>\n<p>\u00abRusia desea con vehemencia que Ucrania cometa errores\u00bb, declar\u00f3 el mandatario. \u00abNo habr\u00e1 errores de nuestra parte. Nuestro trabajo contin\u00faa\u00bb, agreg\u00f3. Yermak es un amigo cercano del jefe de Estado, desde los a\u00f1os en que Zelenski trabajaba en televisi\u00f3n. Luego particip\u00f3 activamente en la campa\u00f1a presidencial y, una vez en el poder, asumi\u00f3 cargos de relevancia en el Estado.<\/p>\n<p>Trama de corrupci\u00f3n<\/p>\n<p>Medios ucranianos aseguran que los registros de las autoridades anticorrupci\u00f3n -que, de momento, no imputan delito alguno a Yermak- est\u00e1n relacionados con la posible implicaci\u00f3n de \u00e9ste en la supuesta trama de comisiones a contratistas de la empresa p\u00fablica de energ\u00eda at\u00f3mica ucraniana expuesta este mes. La trama estar\u00eda liderada por un exsocio empresarial de Zelenski y habr\u00eda contado con la participaci\u00f3n de varios ministros.<\/p>\n<p>Zelenski ha hecho de la lucha contra la corrupci\u00f3n en el pa\u00eds -que se defiende desde febrero de 2022 de una agresi\u00f3n a gran escala de Rusia- una de sus principales banderas.<\/p>\n<p>El jefe de Estado anunci\u00f3 tambi\u00e9n en su discurso a la naci\u00f3n de este viernes que el jefe del Estado Mayor, Andri Gnatov, y el secretario del Consejo para la Seguridad Nacional, Rustem Umerov, seguir\u00e1n integrando la delegaci\u00f3n ucraniana en la reuni\u00f3n para avanzar hacia un final negociado de la guerra prevista para \u00abel futuro m\u00e1s pr\u00f3ximo\u201d con emisarios de Estados Unidos.<\/p>\n<p>En la delegaci\u00f3n habr\u00e1 tambi\u00e9n representantes del Ministerio de Exteriores y de los servicios de inteligencia ucranianos, agreg\u00f3 Zelenski.<\/p>\n<p>DZC (EFE, Reuters, AFP)<\/p>\n","protected":false},"excerpt":{"rendered":"El presidente de Ucrania, Volodimir Zelenski, anunci\u00f3 este viernes (28.11.2025) la dimisi\u00f3n de su jefe de gabinete, Andri&hellip;\n","protected":false},"author":2,"featured_media":260849,"comment_status":"","ping_status":"","sticky":false,"template":"","format":"standard","meta":{"footnotes":""},"categories":[42],"tags":[17,18,13,14,11,61,62,63,64,19,20,9,10,15,16,12,21,22,65,66,67],"class_list":{"0":"post-260848","1":"post","2":"type-post","3":"status-publish","4":"format-standard","5":"has-post-thumbnail","7":"category-internacional","8":"tag-breaking-news","9":"tag-breakingnews","10":"tag-featured-news","11":"tag-featurednews","12":"tag-headlines","13":"tag-internacional","14":"tag-international","15":"tag-international-news","16":"tag-internationalnews","17":"tag-latest-news","18":"tag-latestnews","19":"tag-news","20":"tag-noticias","21":"tag-noticias-destacadas","22":"tag-noticiasdestacadas","23":"tag-titulares","24":"tag-ultimas-noticias","25":"tag-ultimasnoticias","26":"tag-world","27":"tag-world-news","28":"tag-worldnews"},"share_on_mastodon":{"url":"https:\/\/pubeurope.com\/@es\/115629014803129852","error":""},"_links":{"self":[{"href":"https:\/\/www.europesays.com\/es\/wp-json\/wp\/v2\/posts\/260848","targetHints":{"allow":["GET"]}}],"collection":[{"href":"https:\/\/www.europesays.com\/es\/wp-json\/wp\/v2\/posts"}],"about":[{"href":"https:\/\/www.europesays.com\/es\/wp-json\/wp\/v2\/types\/post"}],"author":[{"embeddable":true,"href":"https:\/\/www.europesays.com\/es\/wp-json\/wp\/v2\/users\/2"}],"replies":[{"embeddable":true,"href":"https:\/\/www.europesays.com\/es\/wp-json\/wp\/v2\/comments?post=260848"}],"version-history":[{"count":0,"href":"https:\/\/www.europesays.com\/es\/wp-json\/wp\/v2\/posts\/260848\/revisions"}],"wp:featuredmedia":[{"embeddable":true,"href":"https:\/\/www.europesays.com\/es\/wp-json\/wp\/v2\/media\/260849"}],"wp:attachment":[{"href":"https:\/\/www.europesays.com\/es\/wp-json\/wp\/v2\/media?parent=260848"}],"wp:term":[{"taxonomy":"category","embeddable":true,"href":"https:\/\/www.europesays.com\/es\/wp-json\/wp\/v2\/categories?post=260848"},{"taxonomy":"post_tag","embeddable":true,"href":"https:\/\/www.europesays.com\/es\/wp-json\/wp\/v2\/tags?post=260848"}],"curies":[{"name":"wp","href":"https:\/\/api.w.org\/{rel}","templated":true}]}}