{"id":260851,"date":"2025-11-28T19:39:24","date_gmt":"2025-11-28T19:39:24","guid":{"rendered":"https:\/\/www.europesays.com\/es\/260851\/"},"modified":"2025-11-28T19:39:24","modified_gmt":"2025-11-28T19:39:24","slug":"el-alcalde-califica-de-demoledoras-las-conclusiones-de-la-cec-sobre-la-crisis-de-infraestructuras-en-cadiz-la-linea-de-la-concepcion","status":"publish","type":"post","link":"https:\/\/www.europesays.com\/es\/260851\/","title":{"rendered":"El alcalde califica de \u201cdemoledoras\u201d las conclusiones de la CEC sobre la crisis de infraestructuras en C\u00e1diz \u2013 La L\u00ednea de la Concepci\u00f3n"},"content":{"rendered":"<p>\t\t\t<img fetchpriority=\"high\" decoding=\"async\" class=\"alignnone size-medium wp-image-32843\" src=\"https:\/\/www.europesays.com\/es\/wp-content\/uploads\/2025\/11\/Alcalde-CEC-1-279x300.jpeg\" alt=\"\" width=\"279\" height=\"300\"  \/><br \/>\nLos empresarios alertan de que estas carencias dificultan el potencial de crecimiento de la provincia<\/p>\n<p>El alcalde de La L\u00ednea, Juan Franco, ha calificado de \u201cdemoledoras\u201d las conclusiones alcanzadas en la Convenci\u00f3n Empresarial 2025 de la Confederaci\u00f3n de Empresarios de C\u00e1diz (CEC), celebrada ayer en Chiclana. El evento, bajo el lema \u2018Por unas infraestructuras a la altura de nuestro futuro\u2019, puso de relieve la necesidad de abordar las deficiencias que lastran el potencial econ\u00f3mico y social de la provincia.<br \/>Franco, que asisti\u00f3 a la convenci\u00f3n acompa\u00f1ado por el teniente de alcalde Sebasti\u00e1n Hidalgo y el concejal de Desarrollo Empresarial Alfonso Lozano, enfatiz\u00f3 que el problema de las infraestructuras va m\u00e1s all\u00e1 de las deficiencias en las conexiones ferroviarias y carreteras pues \u201cse acrecienta con los problemas tanto en materia de abastecimiento el\u00e9ctrico como de recursos h\u00eddricos\u201d, una problem\u00e1tica que dibuja un escenario negativo para el crecimiento futuro.<br \/>Las conclusiones surgieron tras un programa de conferencias y mesas redondas en las que participaron representantes de empresas, industrias, bufetes de abogados, sindicatos y c\u00e1maras de comercio.<br \/>El alcalde considera que iniciativas como la impulsada por la CEC son esenciales para el avance. \u201cEntendemos que puede llegar a focalizarse el problema y canalizar la cooperaci\u00f3n entre las distintas Administraciones y entes que tienen que participar en este proceso, para contar con una infraestructura digna que permita un desarrollo sostenible de nuestra provincia\u201d, concluy\u00f3 Franco.<\/p>\n","protected":false},"excerpt":{"rendered":"Los empresarios alertan de que estas carencias dificultan el potencial de crecimiento de la provincia El alcalde de&hellip;\n","protected":false},"author":2,"featured_media":260852,"comment_status":"","ping_status":"","sticky":false,"template":"","format":"standard","meta":{"footnotes":""},"categories":[5],"tags":[17,18,25,24,13,14,11,19,20,9,10,15,16,23,12,21,22],"class_list":{"0":"post-260851","1":"post","2":"type-post","3":"status-publish","4":"format-standard","5":"has-post-thumbnail","7":"category-titulares","8":"tag-breaking-news","9":"tag-breakingnews","10":"tag-es","11":"tag-espana","12":"tag-featured-news","13":"tag-featurednews","14":"tag-headlines","15":"tag-latest-news","16":"tag-latestnews","17":"tag-news","18":"tag-noticias","19":"tag-noticias-destacadas","20":"tag-noticiasdestacadas","21":"tag-spain","22":"tag-titulares","23":"tag-ultimas-noticias","24":"tag-ultimasnoticias"},"share_on_mastodon":{"url":"https:\/\/pubeurope.com\/@es\/115629022769263238","error":""},"_links":{"self":[{"href":"https:\/\/www.europesays.com\/es\/wp-json\/wp\/v2\/posts\/260851","targetHints":{"allow":["GET"]}}],"collection":[{"href":"https:\/\/www.europesays.com\/es\/wp-json\/wp\/v2\/posts"}],"about":[{"href":"https:\/\/www.europesays.com\/es\/wp-json\/wp\/v2\/types\/post"}],"author":[{"embeddable":true,"href":"https:\/\/www.europesays.com\/es\/wp-json\/wp\/v2\/users\/2"}],"replies":[{"embeddable":true,"href":"https:\/\/www.europesays.com\/es\/wp-json\/wp\/v2\/comments?post=260851"}],"version-history":[{"count":0,"href":"https:\/\/www.europesays.com\/es\/wp-json\/wp\/v2\/posts\/260851\/revisions"}],"wp:featuredmedia":[{"embeddable":true,"href":"https:\/\/www.europesays.com\/es\/wp-json\/wp\/v2\/media\/260852"}],"wp:attachment":[{"href":"https:\/\/www.europesays.com\/es\/wp-json\/wp\/v2\/media?parent=260851"}],"wp:term":[{"taxonomy":"category","embeddable":true,"href":"https:\/\/www.europesays.com\/es\/wp-json\/wp\/v2\/categories?post=260851"},{"taxonomy":"post_tag","embeddable":true,"href":"https:\/\/www.europesays.com\/es\/wp-json\/wp\/v2\/tags?post=260851"}],"curies":[{"name":"wp","href":"https:\/\/api.w.org\/{rel}","templated":true}]}}