{"id":260853,"date":"2025-11-28T19:44:36","date_gmt":"2025-11-28T19:44:36","guid":{"rendered":"https:\/\/www.europesays.com\/es\/260853\/"},"modified":"2025-11-28T19:44:36","modified_gmt":"2025-11-28T19:44:36","slug":"granollers-y-pedro-martinez-mandan-a-espana-a-la-final-de-la-davis","status":"publish","type":"post","link":"https:\/\/www.europesays.com\/es\/260853\/","title":{"rendered":"Granollers y Pedro Mart\u00ednez mandan a Espa\u00f1a a la final de la Davis"},"content":{"rendered":"<p class=\"v-mdl-ath__p v-mdl-ath__p--6\">\nS\u00e1bado, 22 de noviembre 2025, 18:03<\/p>\n<p>| Actualizado 18:39h.<\/p>\n<p class=\"v-p\">Milagro tras milagro, Espa\u00f1a est\u00e1 en la final de la Copa Davis. Marcel Granollers y Pedro Mart\u00ednez, la pareja de oro de la competici\u00f3n, derrotaron a Kevin Krawietz y Tim Puetz (6-2, 3-6 y 6-3) y clasificaron a Espa\u00f1a a la final de este domingo contra Italia.<\/p>\n<p class=\"v-p\">Como ante la Rep\u00fablica Checa, el dobles ten\u00eda la responsabilidad de ser el juez de la eliminatoria y Granollers y Mart\u00ednez confirmaron su excelente qu\u00edmica. Han disputado cuatro partidos este a\u00f1o en la Copa Davis y han ganado los cuatro. Todos ellos decisivos e importantes.<\/p>\n<p class=\"v-p\">Este quiz\u00e1s el m\u00e1s dif\u00edcil, por la calidad de sus rivales y por lo que hab\u00eda en juego, el billete a una final de la Copa Davis que se le resist\u00eda a Espa\u00f1a desde 2019. Krawietz y Puetz, maestros el a\u00f1o pasado en Tur\u00edn, son la sexta mejor pareja del mundo y ven\u00edan con la confianza por las nubes tras derrotar a Argentina en un dram\u00e1tico &#8216;tie break&#8217;. Pero tambi\u00e9n iban sobrados de fe los espa\u00f1oles tras sorprender a Argentina y poner contras las cuerdas a las alemanes.<\/p>\n<p><a href=\"http:\/\/www.canarias7.es\/deportes\/tenis\/copa-davis\/carreno-pone-espana-paso-final-20251122141508-ntrc.html#vtm_modulosEngag=mod-rel:deportes:noticia:1:cmp:2-not\" class=\"v-a-link\" title=\"Carre\u00f1o pone a Espa\u00f1a a un paso de la final\" rel=\"nofollow noopener\" target=\"_blank\"><br \/>\n<img decoding=\"async\" loading=\"lazy\" class=\"v-a-img\" src=\"https:\/\/www.europesays.com\/es\/wp-content\/uploads\/2025\/11\/Clipboard-0084-kitF--366x256@RC.jpg\" alt=\"Carre\u00f1o pone a Espa\u00f1a a un paso de la final\"\/><br \/>\n<\/a><\/p>\n<p><a href=\"http:\/\/www.canarias7.es\/deportes\/tenis\/copa-davis\/munar-puede-zverev-semifinal-decide-dobles-20251122164121-ntrc.html#vtm_modulosEngag=mod-rel:deportes:noticia:2:cmp:2-not\" class=\"v-a-link\" title=\"Munar no puede con Zverev y la semifinal se decide en el dobles\" rel=\"nofollow noopener\" target=\"_blank\"><br \/>\n<img decoding=\"async\" loading=\"lazy\" class=\"v-a-img\" src=\"https:\/\/www.europesays.com\/es\/wp-content\/uploads\/2025\/11\/Clipboard-0119-k6JC--366x256@RC.jpg\" alt=\"Munar no puede con Zverev y la semifinal se decide en el dobles\"\/><br \/>\n<\/a><\/p>\n<p class=\"v-p\">Y en este duelo, Granollers y Mart\u00ednez fueron mejores. Arrancaron desatados, con un 4-0 en veinte minutos que llamaba la atenci\u00f3n. Estaban pasando por encima de los alemanes, que reaccionaron en el segundo set para aplacar los \u00e1nimos de la hinchada espa\u00f1ola, m\u00e1s poblada que la alemana en el pabell\u00f3n de Bolonia.<\/p>\n<p class=\"v-p\">Parec\u00edan los germanos tenerlo todo a favor al comienzo del tercer set, como si hubieran inclinado la balanza, pero el saque de Krawietz hizo aguas en el cuarto juego y permiti\u00f3 un 0-40 que Granollers y Mart\u00ednez no desaprovecharon. Al juego siguiente, ante la tentativa de recuperar el &#8216;break&#8217;, los espa\u00f1oles levantaron un 15-30 y situaron en el marcador un 4-1 que fue mortal para los alemanes.<\/p>\n<p class=\"v-p\">Cuando Zverev, presente en el banquillo, presenci\u00f3 c\u00f3mo sus compa\u00f1eros mandaron a la valla un remate que les hubiera dado dos pelotas de &#8216;break&#8217;, agach\u00f3 la cabeza, consciente de que Alemania ha tenido que esperar treinta a\u00f1os para una nueva final y que tendr\u00e1 que seguir esperando para la siguiente.<\/p>\n<p class=\"v-p\">Espa\u00f1a es toda alegr\u00eda. Este domingo (15:00) disputar\u00e1n una nueva final de la Copa Davis ante la Italia de Matteo Berrettini y Flavio Cobolli. Otro obst\u00e1culo importante, pero no imposible.<\/p>\n<p>Reporta un error<\/p>\n","protected":false},"excerpt":{"rendered":"S\u00e1bado, 22 de noviembre 2025, 18:03 | Actualizado 18:39h. Milagro tras milagro, Espa\u00f1a est\u00e1 en la final de&hellip;\n","protected":false},"author":2,"featured_media":260854,"comment_status":"","ping_status":"","sticky":false,"template":"","format":"standard","meta":{"footnotes":""},"categories":[274],"tags":[2494,168,25,24,1058,21313,29223,825,1822,23,167,327,326],"class_list":{"0":"post-260853","1":"post","2":"type-post","3":"status-publish","4":"format-standard","5":"has-post-thumbnail","7":"category-tenis","8":"tag-davis","9":"tag-deportes","10":"tag-es","11":"tag-espana","12":"tag-final","13":"tag-granollers","14":"tag-mandan","15":"tag-martinez","16":"tag-pedro","17":"tag-spain","18":"tag-sports","19":"tag-tenis","20":"tag-tennis"},"share_on_mastodon":{"url":"https:\/\/pubeurope.com\/@es\/115629042798213989","error":""},"_links":{"self":[{"href":"https:\/\/www.europesays.com\/es\/wp-json\/wp\/v2\/posts\/260853","targetHints":{"allow":["GET"]}}],"collection":[{"href":"https:\/\/www.europesays.com\/es\/wp-json\/wp\/v2\/posts"}],"about":[{"href":"https:\/\/www.europesays.com\/es\/wp-json\/wp\/v2\/types\/post"}],"author":[{"embeddable":true,"href":"https:\/\/www.europesays.com\/es\/wp-json\/wp\/v2\/users\/2"}],"replies":[{"embeddable":true,"href":"https:\/\/www.europesays.com\/es\/wp-json\/wp\/v2\/comments?post=260853"}],"version-history":[{"count":0,"href":"https:\/\/www.europesays.com\/es\/wp-json\/wp\/v2\/posts\/260853\/revisions"}],"wp:featuredmedia":[{"embeddable":true,"href":"https:\/\/www.europesays.com\/es\/wp-json\/wp\/v2\/media\/260854"}],"wp:attachment":[{"href":"https:\/\/www.europesays.com\/es\/wp-json\/wp\/v2\/media?parent=260853"}],"wp:term":[{"taxonomy":"category","embeddable":true,"href":"https:\/\/www.europesays.com\/es\/wp-json\/wp\/v2\/categories?post=260853"},{"taxonomy":"post_tag","embeddable":true,"href":"https:\/\/www.europesays.com\/es\/wp-json\/wp\/v2\/tags?post=260853"}],"curies":[{"name":"wp","href":"https:\/\/api.w.org\/{rel}","templated":true}]}}