{"id":260859,"date":"2025-11-28T19:48:16","date_gmt":"2025-11-28T19:48:16","guid":{"rendered":"https:\/\/www.europesays.com\/es\/260859\/"},"modified":"2025-11-28T19:48:16","modified_gmt":"2025-11-28T19:48:16","slug":"los-posibles-onces-de-el-gran-derbi-mas-claro-en-nervion-mientras-lo-celso-y-amrabat-se-aferran-a-una-minima-esperanza","status":"publish","type":"post","link":"https:\/\/www.europesays.com\/es\/260859\/","title":{"rendered":"Los posibles onces de El Gran Derbi: m\u00e1s claro en Nervi\u00f3n, mientras Lo Celso y Amrabat se aferran a una m\u00ednima esperanza"},"content":{"rendered":"<p>Azpilicueta acumula otra sesi\u00f3n y oposita a un puesto de titular, sin demasiadas dudas en el resto; ni Isco ni el de Huizen tienen da\u00f1o \u00f3seo o muscular, por lo que, aunque el &#8216;Ingeniero&#8217; s\u00f3lo espera recuperar a Bakambu, podr\u00eda haber sorpresas<\/p>\n<p class=\"parrafo\">El accidentado encuentro de este jueves entre <strong>Real Betis<\/strong> y <strong>FC Utrecht<\/strong>, m\u00e1s all\u00e1 de ratificar a los verdiblancos en el grupo cabecero de la liguilla de la <strong>Europa League<\/strong>, ampli\u00f3 la enfermer\u00eda con dos efectivos titular\u00edsimos para <strong>Manuel Pellegrini<\/strong>, <a href=\"https:\/\/www.estadiodeportivo.com\/futbol\/betis\/pellegrini-mucho-mas-pesimista-espera-ninguno-domingo-imposible-20251127-521866.html\" target=\"_blank\" class=\"intext-link\" rel=\"nofollow noopener\">que se mostraba muy pesimista en sala de prensa<\/a> y no esperaba recuperar, de las seis bajas en ese momento, m\u00e1s que el febril <strong>C\u00e9dric Bakambu<\/strong> para <strong>El Gran Derbi<\/strong> de este domingo en el <strong>Ram\u00f3n S\u00e1nchez-Pizju\u00e1n<\/strong>. As\u00ed ocurrir\u00e1 con <strong>Isco Alarc\u00f3n<\/strong>, que tiene siete puntos de sutura en su tibia derecha y debe apoyarse a\u00fan sobre unas muletas, por lo que que est\u00e1 <strong>descartado<\/strong> ante el <strong>Sevilla FC<\/strong> (como un <strong>Antony Matheus dos Santos<\/strong> por el que se han agotado las cuatro v\u00edas posibles de protesta) y el <strong>Torrent CF<\/strong> en la <strong>Copa del Rey<\/strong>; posiblemente tampoco llegue al duelo liguero del <strong>s\u00e1bado 6 de diciembre <\/strong>ante el <strong>FC Barcelona<\/strong>.<\/p>\n<p>Noticias RelacionadasAmrabat tiene m\u00ednimas opciones y Lo Celso quiere probarse<\/p>\n<p class=\"parrafo\">Sin embargo, aunque \u00e9l mismo reconoc\u00eda estar tocado, s\u00f3lo est\u00e1 tachado de la lista oficiosamente <strong>Sofyan Amrabat<\/strong>, <a href=\"https:\/\/www.estadiodeportivo.com\/futbol\/betis\/surrealista-amrabat-isco-lesionan-mutuamente-nada-mas-empezar-peligran-para-derbi-20251127-521846.html\" target=\"_blank\" class=\"intext-link\" rel=\"nofollow noopener\">el otro protagonista de la surrealista acci\u00f3n en la que cay\u00f3 el costasole\u00f1o y con un da\u00f1o muy parecido<\/a>, aunque sin herida. De c\u00f3mo evolucione la inflamaci\u00f3n que tiene en ese tobillo depender\u00e1 su ingreso por sorpresa en la lista de convocados. El internacional marroqu\u00ed se probar\u00e1 este s\u00e1bado en la sesi\u00f3n a puerta abierta en <strong>La Cartuja<\/strong>, lo mismo que un <strong>Giovani Lo Celso<\/strong> que acudi\u00f3 por segunda vez este viernes a la cl\u00ednica para evaluar su pinchazo en el s\u00f3leo. Lo m\u00e1s probable es que ninguno fuerce, uni\u00e9ndose a <strong>Isco Alarc\u00f3n<\/strong>, <strong>H\u00e9ctor Beller\u00edn<\/strong> y un <strong>Pau L\u00f3pez<\/strong> ya ejercit\u00e1ndose, aunque sin ritmo, pero, estrictamente hablando, el neerland\u00e9s de cuna y el rosarino no est\u00e1n descartados al <strong>100%<\/strong>.<\/p>\n<p>Tres dudas del &#8216;Ingeniero&#8217;, dos de ellas capitales<\/p>\n<p class=\"parrafo\">Si no hay contingencias de \u00faltima hora (crucen los dedos todos los que sientan en verdiblanco), el once inicial del <strong>Real Betis<\/strong> ante su eterno rival volver\u00e1 a comenzar con <strong>\u00c1lvaro Valles<\/strong> bajo palos. <strong>Aitor Ruibal<\/strong> ser\u00eda el lateral derecho, con ventaja de <strong>Valent\u00edn G\u00f3mez<\/strong> sobre el restablecido <strong>Ricardo Rodr\u00edguez<\/strong> en el izquierdo. En el centro, <strong>Marc Bartra<\/strong> y <strong>Natan de Souza<\/strong>. El doble pivote ser\u00e1 para <strong>Marc Roca<\/strong> y <strong>Pablo Fornals<\/strong>, con <strong>Ez Abde <\/strong>como extremo zurdo y el &#8216;<strong>Cucho<\/strong>&#8216; <strong>Hern\u00e1ndez<\/strong> arriba. La media punta y el extremo derecho son las dos grandes inc\u00f3gnitas. Podr\u00eda seguir <strong>\u00c1ngel Ortiz<\/strong> en el flanco diestro de la zaga y actuar el de <strong>Sallent<\/strong> m\u00e1s adelantado; que <strong>Pablo Garc\u00eda<\/strong> o el &#8216;<strong>Chimy<\/strong>&#8216; <strong>\u00c1vila<\/strong> partan desde ah\u00ed; o que se escoren el castellonense o <strong>Rodrigo Riquelme<\/strong>, alternativas como &#8216;enganche&#8217; tambi\u00e9n. Si llegasen sobre la bocina <strong>Lo<\/strong> <strong>Celso<\/strong> y\/o <strong>Amrabat<\/strong>, problema solucionado.<\/p>\n<p><a class=\"elementos-rel-t2\" href=\"https:\/\/www.estadiodeportivo.com\/futbol\/betis\/betis-anuncia-puertas-abiertas-previa-del-derbi-anima-gente-dia-cargado-noticias-isco-amrabat-antony-celso-20251128-521875.html\" title=\"El Betis abre la previa del derbi y anima a su gente en un d\u00eda cargado de noticias: Isco, Amrabat, Antony, Lo Celso...   \" rel=\"nofollow noopener\" target=\"_blank\"><\/p>\n<p class=\"titular titulo-4\">El Betis abre la previa del derbi y anima a su gente en un d\u00eda cargado de noticias: Isco, Amrabat, Antony, Lo Celso&#8230;   <\/p>\n<p><img decoding=\"async\" src=\"https:\/\/www.europesays.com\/es\/wp-content\/uploads\/2025\/11\/0cec5972-954a-4d6e-bb82-e710b8cc020f_320x180.jpeg\" alt=\"El Betis abre la previa del derbi y anima a su gente en un d\u00eda cargado de noticias: Isco, Amrabat, Antony, Lo Celso...   \"\/><\/a><a class=\"elementos-rel-t2\" href=\"https:\/\/www.estadiodeportivo.com\/futbol\/sevilla-fc\/almeyda-recluta-nuevo-efectivo-para-paliar-las-bajas-del-sevilla-para-derbi-contra-betis-20251128-521887.html\" title=\"Recluta un nuevo efectivo para paliar las bajas del Sevilla en el derbi contra el Betis\" rel=\"nofollow noopener\" target=\"_blank\"><\/p>\n<p class=\"titular titulo-4\">Recluta un nuevo efectivo para paliar las bajas del Sevilla en el derbi contra el Betis<\/p>\n<p><img decoding=\"async\" src=\"https:\/\/www.europesays.com\/es\/wp-content\/uploads\/2025\/11\/93b40a07-840f-4cd5-b0b1-73cd470f64d8_320x180.jpeg\" alt=\"Recluta un nuevo efectivo para paliar las bajas del Sevilla en el derbi contra el Betis\"\/><\/a><a class=\"elementos-rel-t2\" href=\"https:\/\/www.estadiodeportivo.com\/futbol\/betis\/tercera-condena-para-antony-oficial-del-betis-pierde-gran-derbi-contra-sevilla-20251128-521904.html\" title=\"Tercera condena para Antony: ya es oficial, el &#039;7&#039; del Betis se pierde El Gran Derbi contra el Sevilla  \" rel=\"nofollow noopener\" target=\"_blank\"><\/p>\n<p class=\"titular titulo-4\">Tercera condena para Antony: ya es oficial, el &#8216;7&#8217; del Betis se pierde El Gran Derbi contra el Sevilla  <\/p>\n<p><img decoding=\"async\" src=\"https:\/\/www.europesays.com\/es\/wp-content\/uploads\/2025\/11\/36a37d62-5247-4925-b490-3e64a29b5248_320x180.jpeg\" alt=\"Tercera condena para Antony: ya es oficial, el '7' del Betis se pierde El Gran Derbi contra el Sevilla  \"\/><\/a>El &#8216;Pelado&#8217; lo tiene casi decidido y hasta cuenta con alternativas<\/p>\n<p class=\"parrafo\">Descartados definitivamente por lesi\u00f3n <strong>Gabriel Suazo<\/strong>, <strong>Tanguy Nianzou<\/strong>, <strong>Rub\u00e9n Vargas<\/strong> y <strong>Adnan Januzaj<\/strong>, tanto <strong>C\u00e9sar Azpilicueta<\/strong> como <strong>Isaac Romero<\/strong> est\u00e1n disponibles y podr\u00edan desbancar del once de <strong>Mat\u00edas Almeyda<\/strong> a <strong>Andr\u00e9s Castr\u00edn<\/strong> y <strong>Akor Adams<\/strong>, respectivamente. Seguir\u00e1 bajo palos <strong>Odysseas Vlachodimos<\/strong>, con <strong>Juanlu S\u00e1nchez<\/strong> en el carril derecho y <strong>Jos\u00e9 \u00c1ngel Carmona<\/strong> en el opuesto a pie cambiado. Nadie discute ya a <strong>Marcao Teixeira<\/strong>, al tiempo que tampoco ser\u00eda una locura pensar en una l\u00ednea de cinco, lo que conferir\u00eda esperanzas, m\u00e1s all\u00e1 del navarro y <strong>Castr\u00edn<\/strong>, para <strong>Kike Salas<\/strong> o, en menor medida, <strong>F\u00e1bio Cardoso<\/strong>. En el &#8216;trivote&#8217;, <strong>Lucien Agoum\u00e9<\/strong>, <strong>Batista Mendy<\/strong> y <strong>Djibril Sow<\/strong>, con <strong>Nemanja Gudelj<\/strong> deseoso de aportar su experiencia en derbis. Por fuera, <strong>Alexis S\u00e1nchez<\/strong> y <strong>Alfon Gonz\u00e1lez<\/strong> entran en una ecuaci\u00f3n donde debe tener cabida s\u00ed o s\u00ed &#8216;<strong>Peque Fern\u00e1ndez<\/strong>&#8216; y &#8216;chances&#8217; <strong>Chidera Ejuke<\/strong>.<\/p>\n","protected":false},"excerpt":{"rendered":"Azpilicueta acumula otra sesi\u00f3n y oposita a un puesto de titular, sin demasiadas dudas en el resto; ni&hellip;\n","protected":false},"author":2,"featured_media":260860,"comment_status":"","ping_status":"","sticky":false,"template":"","format":"standard","meta":{"footnotes":""},"categories":[268],"tags":[54053,168,60062,25,24,284,280,282,18554,41329,2048,2991,286,2993,281,23,167],"class_list":{"0":"post-260859","1":"post","2":"type-post","3":"status-publish","4":"format-standard","5":"has-post-thumbnail","7":"category-futbol","8":"tag-cesar-azpilicueta","9":"tag-deportes","10":"tag-el-gran-derbi","11":"tag-es","12":"tag-espana","13":"tag-estadio-deportivo","14":"tag-football","15":"tag-futbol","16":"tag-isco-alarcon","17":"tag-lo-celso","18":"tag-manuel-pellegrini","19":"tag-matias-almeyda","20":"tag-real-betis-balompie","21":"tag-sevilla-futbol-club","22":"tag-soccer","23":"tag-spain","24":"tag-sports"},"share_on_mastodon":{"url":"https:\/\/pubeurope.com\/@es\/115629058272894814","error":""},"_links":{"self":[{"href":"https:\/\/www.europesays.com\/es\/wp-json\/wp\/v2\/posts\/260859","targetHints":{"allow":["GET"]}}],"collection":[{"href":"https:\/\/www.europesays.com\/es\/wp-json\/wp\/v2\/posts"}],"about":[{"href":"https:\/\/www.europesays.com\/es\/wp-json\/wp\/v2\/types\/post"}],"author":[{"embeddable":true,"href":"https:\/\/www.europesays.com\/es\/wp-json\/wp\/v2\/users\/2"}],"replies":[{"embeddable":true,"href":"https:\/\/www.europesays.com\/es\/wp-json\/wp\/v2\/comments?post=260859"}],"version-history":[{"count":0,"href":"https:\/\/www.europesays.com\/es\/wp-json\/wp\/v2\/posts\/260859\/revisions"}],"wp:featuredmedia":[{"embeddable":true,"href":"https:\/\/www.europesays.com\/es\/wp-json\/wp\/v2\/media\/260860"}],"wp:attachment":[{"href":"https:\/\/www.europesays.com\/es\/wp-json\/wp\/v2\/media?parent=260859"}],"wp:term":[{"taxonomy":"category","embeddable":true,"href":"https:\/\/www.europesays.com\/es\/wp-json\/wp\/v2\/categories?post=260859"},{"taxonomy":"post_tag","embeddable":true,"href":"https:\/\/www.europesays.com\/es\/wp-json\/wp\/v2\/tags?post=260859"}],"curies":[{"name":"wp","href":"https:\/\/api.w.org\/{rel}","templated":true}]}}