{"id":260866,"date":"2025-11-28T19:53:11","date_gmt":"2025-11-28T19:53:11","guid":{"rendered":"https:\/\/www.europesays.com\/es\/260866\/"},"modified":"2025-11-28T19:53:11","modified_gmt":"2025-11-28T19:53:11","slug":"fernandocosta-reincidentes-y-kaydy-cain-nuevas-confirmaciones-que-encabezan-el-cartel","status":"publish","type":"post","link":"https:\/\/www.europesays.com\/es\/260866\/","title":{"rendered":"Fernandocosta, Reincidentes y Kaydy Cain, nuevas confirmaciones que encabezan el cartel"},"content":{"rendered":"<p class=\"ft-text ft-helper-align-justify\">El festival Extrem\u00fasika 2026 presenta un segundo avance de cartel con <strong>veinti\u00fan nuevos artistas,<\/strong> un anuncio que ampl\u00eda de forma contundente la programaci\u00f3n ya iniciada con la confirmaci\u00f3n <a class=\"ft-link ft-link--decoration\" href=\"https:\/\/www.elperiodicoextremadura.com\/tags\/sanguijuelas-del-guadiana\/\" target=\"_blank\" rel=\"nofollow noopener\">de Sanguijuelas del Guadiana,<\/a> que ofrecer\u00e1n su \u00fanica fecha en C\u00e1ceres y provincia. El evento <strong>se celebrar\u00e1 los d\u00edas 30 de abril, 1 y 2 de mayo<\/strong> en el Recinto H\u00edpico de C\u00e1ceres, estrenando su nueva ubicaci\u00f3n en el calendario, en pleno puente y con vocaci\u00f3n de convertirse en el gran encuentro musical de la primavera.<\/p>\n<p>Un bloque urbano encabezado por Fernandocosta<\/p>\n<p class=\"ft-text ft-helper-align-justify\">En este segundo avance destaca la incorporaci\u00f3n de Fernandocosta, <strong>uno de los nombres m\u00e1s potentes del rap nacional, <\/strong>que llega con su estilo crudo y directo para liderar la parte urbana del cartel. Junto a \u00e9l, <strong>MVRK,<\/strong> fen\u00f3meno viral entre las nuevas generaciones,<strong> y Kaydy Cain, <\/strong>reconocido por su eclecticismo y car\u00e1cter experimental, aportar\u00e1n variedad y energ\u00eda.<\/p>\n<p class=\"ft-text ft-helper-align-justify\">A ellos se suman<strong> artistas de fuerte personalidad musical como Nikone, <\/strong>con su mezcla de rap, reggae, soul y flamenco, JP Fern\u00e1ndez, representante del flamenco urbano m\u00e1s honesto y el canario Lucho RK, que aportar\u00e1 sonoridades latinas. <a class=\"ft-link ft-link--decoration\" href=\"https:\/\/www.elperiodicoextremadura.com\/caceres-local\/2025\/05\/22\/talento-cacereno-lanzamiento-single-117670714.html\" target=\"_blank\" rel=\"nofollow noopener\">El espacio urbano <\/a>se completa con Metrica, Santa Salut, Yassir y el cacere\u00f1o Devo KCRS, ejemplo del apoyo del festival al <strong>talento emergente local.<\/strong><\/p>\n<p>Nombres hist\u00f3ricos<\/p>\n<p class=\"ft-text ft-helper-align-justify\">Adem\u00e1s, el festival incorpora a diversas bandas m\u00edticas como &#8216;Def Con Dos&#8217;, que celebran el XXX aniversario de su rompedor punk-metal-rap, <strong>Reincidentes, <\/strong>cl\u00e1sicos del rock sevillano, Hamlet, con casi cuatro d\u00e9cadas de trayectoria y Narco, imprescindibles en la escena hardcore-industrial del pa\u00eds. Tambi\u00e9n <strong>se suman Los de Marras, <\/strong>el punk rock vasco de Kaos Et\u00edliko, el rock andaluz de Gato Ventura, <a class=\"ft-link ft-link--decoration\" href=\"https:\/\/www.elperiodicoextremadura.com\/caceres-local\/2015\/10\/08\/paco-ventura-guitarrista-medina-azahara-44486736.html\" target=\"_blank\" rel=\"nofollow noopener\">hijo del ic\u00f3nico guitarrista Paco Ventura <\/a>y la potencia mel\u00f3dica de Sons of Aguirre &amp; Scila.<\/p>\n<p class=\"ft-text\">La vertiente m\u00e1s festiva llegar\u00e1 con <strong>Balkan Bomba, <\/strong>expertos en convertir cualquier escenario en un torbellino de ritmos balc\u00e1nicos, y con <strong>Serko, <\/strong>una de las sensaciones actuales <a class=\"ft-link ft-link--decoration\" href=\"https:\/\/www.elperiodicoextremadura.com\/cultura\/2022\/11\/19\/escucha-mejor-flamenco-fusion-migas-78787621.html\" rel=\"nofollow noopener\" target=\"_blank\">del flamenco fusi\u00f3n, <\/a>impulsado por su reciente \u00e9xito en un spot televisivo.<\/p>\n<p class=\"ft-text\"><strong>Extrem\u00fasika quiere convertirse en el primer gran festival de la primavera, <\/strong>y para ello incorporar\u00e1 una zona de descanso libre para quienes deseen vivir el evento desde dentro durante los tres d\u00edas. La organizaci\u00f3n anunciar\u00e1 pr\u00f3ximamente servicios de autobuses desde distintos puntos del pa\u00eds, facilitando el acceso al p\u00fablico. Con este segundo avance, el festival <strong>confirma su apuesta por una programaci\u00f3n s\u00f3lida y diversa, <\/strong>que abarca rock, rap, mestizaje y nuevas tendencias urbanas.<\/p>\n","protected":false},"excerpt":{"rendered":"El festival Extrem\u00fasika 2026 presenta un segundo avance de cartel con veinti\u00fan nuevos artistas, un anuncio que ampl\u00eda&hellip;\n","protected":false},"author":2,"featured_media":260867,"comment_status":"","ping_status":"","sticky":false,"template":"","format":"standard","meta":{"footnotes":""},"categories":[170],"tags":[3076,51289,5220,146,147,25,24,65156,64685,59561,65158,184,185,65157,65159,23,16578],"class_list":{"0":"post-260866","1":"post","2":"type-post","3":"status-publish","4":"format-standard","5":"has-post-thumbnail","7":"category-musica","8":"tag-3076","9":"tag-agenda-cultural-de-caceres","10":"tag-energia","11":"tag-entertainment","12":"tag-entretenimiento","13":"tag-es","14":"tag-espana","15":"tag-extremusika","16":"tag-fernandocosta","17":"tag-guadiana","18":"tag-kaydy","19":"tag-music","20":"tag-musica","21":"tag-reincidentes","22":"tag-sanguijuelas-del-guadiana","23":"tag-spain","24":"tag-talento"},"share_on_mastodon":{"url":"https:\/\/pubeurope.com\/@es\/115629077696250503","error":""},"_links":{"self":[{"href":"https:\/\/www.europesays.com\/es\/wp-json\/wp\/v2\/posts\/260866","targetHints":{"allow":["GET"]}}],"collection":[{"href":"https:\/\/www.europesays.com\/es\/wp-json\/wp\/v2\/posts"}],"about":[{"href":"https:\/\/www.europesays.com\/es\/wp-json\/wp\/v2\/types\/post"}],"author":[{"embeddable":true,"href":"https:\/\/www.europesays.com\/es\/wp-json\/wp\/v2\/users\/2"}],"replies":[{"embeddable":true,"href":"https:\/\/www.europesays.com\/es\/wp-json\/wp\/v2\/comments?post=260866"}],"version-history":[{"count":0,"href":"https:\/\/www.europesays.com\/es\/wp-json\/wp\/v2\/posts\/260866\/revisions"}],"wp:featuredmedia":[{"embeddable":true,"href":"https:\/\/www.europesays.com\/es\/wp-json\/wp\/v2\/media\/260867"}],"wp:attachment":[{"href":"https:\/\/www.europesays.com\/es\/wp-json\/wp\/v2\/media?parent=260866"}],"wp:term":[{"taxonomy":"category","embeddable":true,"href":"https:\/\/www.europesays.com\/es\/wp-json\/wp\/v2\/categories?post=260866"},{"taxonomy":"post_tag","embeddable":true,"href":"https:\/\/www.europesays.com\/es\/wp-json\/wp\/v2\/tags?post=260866"}],"curies":[{"name":"wp","href":"https:\/\/api.w.org\/{rel}","templated":true}]}}