{"id":260868,"date":"2025-11-28T19:54:14","date_gmt":"2025-11-28T19:54:14","guid":{"rendered":"https:\/\/www.europesays.com\/es\/260868\/"},"modified":"2025-11-28T19:54:14","modified_gmt":"2025-11-28T19:54:14","slug":"star-wars-rompe-con-john-williams-en-su-nueva-pelicula-con-ryan-gosling-pero-le-han-buscado-un-buen-sustituto","status":"publish","type":"post","link":"https:\/\/www.europesays.com\/es\/260868\/","title":{"rendered":"Star Wars rompe con John Williams en su nueva pel\u00edcula con Ryan Gosling, pero le han buscado un buen sustituto"},"content":{"rendered":"<p>El director de Star Wars: Starfighter, <strong>Shawn Levy<\/strong>, ha revelado qui\u00e9n ser\u00e1 el compositor de la banda sonora de la pel\u00edcula y ha afirmado que el proyecto <strong>evitar\u00e1 deliberadamente los \u00abremixes\u00bb de los temas cl\u00e1sicos de John Williams para la franquicia.<\/strong><\/p>\n<p>Newman es el autor de numerosas bandas sonoras cl\u00e1sicas, como A<strong>merican Beauty, Erin Brockovich y Cadena perpetua<\/strong>, as\u00ed como de \u00e9xitos de taquilla modernos como las pel\u00edculas de Bond Skyfall y Spectre, adem\u00e1s de Buscando a Nemo y WALL-E, de Pixar.<\/p>\n<p>En<strong> <a href=\"https:\/\/www.instagram.com\/reel\/DRh5HOkEpSt\/\" rel=\"noopener nofollow\" target=\"_blank\">el podcast On Film&#8230; with Kevin McCarthy<\/a><\/strong>, Newman dijo que Starfighter tendr\u00eda un sonido \u00abde inspiraci\u00f3n cl\u00e1sica\u00bb, pero que evitar\u00eda los temas cl\u00e1sicos de Star Wars que <strong>se han convertido en sin\u00f3nimo de la franquicia.<\/strong> Es un enfoque que tiene sentido, bas\u00e1ndonos en lo que ya sabemos de la historia de Starfighter, que parece que ser\u00e1 completamente independiente de la saga Skywalker de la franquicia.<\/p>\n<p>Un nuevo compositor sujeta la batuta en Star Wars<\/p>\n<p>\u00abEstaba pensando en esta pel\u00edcula y en c\u00f3mo deb\u00eda ser la m\u00fasica, porque quer\u00eda <strong>que tuviera una inspiraci\u00f3n cl\u00e1sica\u00bb<\/strong>, dijo Levy. \u00abPero no, <strong>no va a ser una remezcla de las composiciones de Williams. <\/strong>Puede que se inspire en algunas de ellas, pero sab\u00eda que necesitaba una banda sonora grandiosa de un compositor que, como John Williams, no rehuyera los temas. As\u00ed que llam\u00e9 a Tom Newman&#8230; y le dije: &#8216;Hola, soy Shawn Levy. \u00bfConsiderar\u00edas&#8230;?&#8217;. Y \u00e9l respondi\u00f3: &#8216;Env\u00edame el guion y descr\u00edbeme tu visi\u00f3n&#8217;. Hice ambas cosas y la respuesta fue s\u00ed. Estoy muy emocionado&#8230; Estoy muy ilusionado con ello\u00bb.<\/p>\n<p><img decoding=\"async\" alt=\"undefined\" class=\"article-image-full-size\" data-position=\"0\" src=\"https:\/\/www.europesays.com\/es\/wp-content\/uploads\/2025\/11\/its-not-gonna-be-remixes-of-williams-cues-star-wars-starfigh_h9q6.jpg\"  viewbox=\"0 0 16 9\"\/><br \/>\nRYAN GOSLING Y FLYNN GRAY EN EL PLAT\u00d3 DE STAR WARS: STARFIGHTER. IMAGEN: LUCASFILM\/DISNEY.<\/p>\n<p>Ambientada en una nueva era de la saga Star Wars, cinco a\u00f1os despu\u00e9s de los acontecimientos del <strong>Episodio IX: El ascenso de Skywalker<\/strong>, Starfighter se centra en un nuevo personaje interpretado por Ryan Gosling y su sobrino adolescente, que ser\u00e1 interpretado por el joven actor Flynn Gray. <strong>El antiguo Doctor Who Matt Smith y Mia Goth<\/strong>, de Frankenstein, interpretan a los villanos de la pel\u00edcula, mientras que el actor de The Inbetweeners Simon Bird tambi\u00e9n participar\u00e1 en el reparto.<\/p>\n<p>El rodaje comenz\u00f3 en agosto y, desde entonces, hemos podido ver<strong> un par de fotos del set de la pel\u00edcula<\/strong>. Primero, Levy public\u00f3<a href=\"https:\/\/es.ign.com\/star-wars-shawn-levy-project\/220558\/news\/primer-vistazo-a-la-nueva-pelicula-de-star-wars-starfighter-y-su-reparto\" rel=\"nofollow noopener\" target=\"_blank\"><strong> una imagen de Gosling y Gray sentados en un veh\u00edculo <\/strong><\/a>que se parece un poco a un landspeeder, que los fans de Star Wars: Una nueva esperanza, de 1977, conocer\u00e1n bien. Al mes siguiente, pudimos ver <a href=\"https:\/\/www.ign.com\/articles\/star-wars-starfighter-set-photo-shows-ryan-gosling-looking-like-a-scruffy-nerf-herder-stuck-at-sea\" rel=\"noopener nofollow\" target=\"_blank\"><strong>al d\u00fao flotando en una especie de balsa de ciencia ficci\u00f3n.<\/strong><\/a><\/p>\n<p>\u00abEs una pel\u00edcula independiente. No es una precuela ni una secuela\u00bb, declar\u00f3 Levy en abril en la Star Wars Celebration 2025. \u00abEs una nueva aventura. <strong>Est\u00e1 ambientada en un periodo de tiempo que a\u00fan no hemos explorado\u00bb<\/strong>. Star Wars: Starfighter tiene previsto su estreno el 28 de mayo de 2027.<\/p>\n<p>                <script async src=\"\/\/www.instagram.com\/embed.js\"><\/script><\/p>\n","protected":false},"excerpt":{"rendered":"El director de Star Wars: Starfighter, Shawn Levy, ha revelado qui\u00e9n ser\u00e1 el compositor de la banda sonora&hellip;\n","protected":false},"author":2,"featured_media":260869,"comment_status":"","ping_status":"","sticky":false,"template":"","format":"standard","meta":{"footnotes":""},"categories":[169],"tags":[177,146,147,25,24,176,175,23],"class_list":{"0":"post-260868","1":"post","2":"type-post","3":"status-publish","4":"format-standard","5":"has-post-thumbnail","7":"category-cine","8":"tag-cine","9":"tag-entertainment","10":"tag-entretenimiento","11":"tag-es","12":"tag-espana","13":"tag-film","14":"tag-movies","15":"tag-spain"},"share_on_mastodon":{"url":"https:\/\/pubeurope.com\/@es\/115629082170342948","error":""},"_links":{"self":[{"href":"https:\/\/www.europesays.com\/es\/wp-json\/wp\/v2\/posts\/260868","targetHints":{"allow":["GET"]}}],"collection":[{"href":"https:\/\/www.europesays.com\/es\/wp-json\/wp\/v2\/posts"}],"about":[{"href":"https:\/\/www.europesays.com\/es\/wp-json\/wp\/v2\/types\/post"}],"author":[{"embeddable":true,"href":"https:\/\/www.europesays.com\/es\/wp-json\/wp\/v2\/users\/2"}],"replies":[{"embeddable":true,"href":"https:\/\/www.europesays.com\/es\/wp-json\/wp\/v2\/comments?post=260868"}],"version-history":[{"count":0,"href":"https:\/\/www.europesays.com\/es\/wp-json\/wp\/v2\/posts\/260868\/revisions"}],"wp:featuredmedia":[{"embeddable":true,"href":"https:\/\/www.europesays.com\/es\/wp-json\/wp\/v2\/media\/260869"}],"wp:attachment":[{"href":"https:\/\/www.europesays.com\/es\/wp-json\/wp\/v2\/media?parent=260868"}],"wp:term":[{"taxonomy":"category","embeddable":true,"href":"https:\/\/www.europesays.com\/es\/wp-json\/wp\/v2\/categories?post=260868"},{"taxonomy":"post_tag","embeddable":true,"href":"https:\/\/www.europesays.com\/es\/wp-json\/wp\/v2\/tags?post=260868"}],"curies":[{"name":"wp","href":"https:\/\/api.w.org\/{rel}","templated":true}]}}