{"id":260870,"date":"2025-11-28T19:55:18","date_gmt":"2025-11-28T19:55:18","guid":{"rendered":"https:\/\/www.europesays.com\/es\/260870\/"},"modified":"2025-11-28T19:55:18","modified_gmt":"2025-11-28T19:55:18","slug":"laliga-de-espana-cede-sus-derechos-de-tv-de-2027-a-2032-por-mas-de-7-000-millones-de-dolares","status":"publish","type":"post","link":"https:\/\/www.europesays.com\/es\/260870\/","title":{"rendered":"LaLiga de Espa\u00f1a cede sus derechos de TV de 2027 a 2032 por m\u00e1s de 7.000 millones de d\u00f3lares"},"content":{"rendered":"<p>    <img src=\"https:\/\/www.europesays.com\/es\/wp-content\/uploads\/2025\/11\/2025-11-28T193A053A28Z-90550898.jpg\" width=\"1024\" height=\"682\" alt=\"\" loading=\"eager\" decoding=\"sync\" fetchpriority=\"high\"\/><\/p>\n<p>            afp_tickers        <\/p>\n<p>        Este contenido fue publicado en    <\/p>\n<p>        28 noviembre 2025 &#8211; 20:05\n<\/p>\n<p>La cadena DAZN y Telef\u00f3nica, propietaria de la plataforma Movistar Plus+, han renovado sus derechos de transmisi\u00f3n para el campeonato espa\u00f1ol de f\u00fatbol durante cinco temporadas, de 2027 a 2032, por 6.135 millones de euros (unos 7.100 millones de d\u00f3lares), anunci\u00f3 el viernes el presidente de LaLiga.<\/p>\n<p>\u00abTelef\u00f3nica y DAZN renovar\u00e1n con 5 partidos por jornada, consolid\u00e1ndose como socios estrat\u00e9gicos\u00bb, celebr\u00f3 Javier Tebas en X.\u00a0<\/p>\n<p>LaLiga \u00absuperar\u00e1 los 6.135 millones de euros en ingresos audiovisuales dom\u00e9sticos en el ciclo 2027\/28\u20132031\/32, un 9% m\u00e1s que el periodo anterior\u00bb, continu\u00f3.<\/p>\n<p>Los derechos televisivos se han convertido en un tema central en el f\u00fatbol, ya que los ingresos generados forman una parte importante de los presupuestos de muchos clubes profesionales, tanto en Espa\u00f1a como en otros campeonatos europeos.<\/p>\n<p>\u00abEn un momento en el que muchas ligas est\u00e1n perdiendo valor, que LaLiga siga creciendo y alcance m\u00e1ximos hist\u00f3ricos es especialmente relevante\u00bb, se\u00f1al\u00f3 en un comunicado Tebas.<\/p>\n<p>\u00abEste resultado refleja la solidez de nuestro producto y la confianza de los operadores\u00bb, agreg\u00f3.<\/p>\n<p>DAZN y Movistar Plus+, propiedad del gigante espa\u00f1ol de telecomunicaciones Telef\u00f3nica, ya son los dos emisores exclusivos en Espa\u00f1a de los diez partidos de LaLiga cada fin de semana, en un ciclo de derechos televisivos que finaliza en 2027.<\/p>\n<p>rbj\/mdm\/du\/raa\/<\/p>\n","protected":false},"excerpt":{"rendered":"afp_tickers Este contenido fue publicado en 28 noviembre 2025 &#8211; 20:05 La cadena DAZN y Telef\u00f3nica, propietaria de&hellip;\n","protected":false},"author":2,"featured_media":260871,"comment_status":"","ping_status":"","sticky":false,"template":"","format":"standard","meta":{"footnotes":""},"categories":[93],"tags":[82,5797,168,84,25,24,5798,2750,281,23,3020,167,65160,90],"class_list":{"0":"post-260870","1":"post","2":"type-post","3":"status-publish","4":"format-standard","5":"has-post-thumbnail","7":"category-deportes","8":"tag-business","9":"tag-culture","10":"tag-deportes","11":"tag-economy-general","12":"tag-es","13":"tag-espana","14":"tag-mass-media","15":"tag-media","16":"tag-soccer","17":"tag-spain","18":"tag-sport","19":"tag-sports","20":"tag-television-industry","21":"tag-ticker"},"share_on_mastodon":{"url":"https:\/\/pubeurope.com\/@es\/115629085757642260","error":""},"_links":{"self":[{"href":"https:\/\/www.europesays.com\/es\/wp-json\/wp\/v2\/posts\/260870","targetHints":{"allow":["GET"]}}],"collection":[{"href":"https:\/\/www.europesays.com\/es\/wp-json\/wp\/v2\/posts"}],"about":[{"href":"https:\/\/www.europesays.com\/es\/wp-json\/wp\/v2\/types\/post"}],"author":[{"embeddable":true,"href":"https:\/\/www.europesays.com\/es\/wp-json\/wp\/v2\/users\/2"}],"replies":[{"embeddable":true,"href":"https:\/\/www.europesays.com\/es\/wp-json\/wp\/v2\/comments?post=260870"}],"version-history":[{"count":0,"href":"https:\/\/www.europesays.com\/es\/wp-json\/wp\/v2\/posts\/260870\/revisions"}],"wp:featuredmedia":[{"embeddable":true,"href":"https:\/\/www.europesays.com\/es\/wp-json\/wp\/v2\/media\/260871"}],"wp:attachment":[{"href":"https:\/\/www.europesays.com\/es\/wp-json\/wp\/v2\/media?parent=260870"}],"wp:term":[{"taxonomy":"category","embeddable":true,"href":"https:\/\/www.europesays.com\/es\/wp-json\/wp\/v2\/categories?post=260870"},{"taxonomy":"post_tag","embeddable":true,"href":"https:\/\/www.europesays.com\/es\/wp-json\/wp\/v2\/tags?post=260870"}],"curies":[{"name":"wp","href":"https:\/\/api.w.org\/{rel}","templated":true}]}}