{"id":260872,"date":"2025-11-28T19:56:16","date_gmt":"2025-11-28T19:56:16","guid":{"rendered":"https:\/\/www.europesays.com\/es\/260872\/"},"modified":"2025-11-28T19:56:16","modified_gmt":"2025-11-28T19:56:16","slug":"cruz-roja-insiste-a-los-jovenes-en-la-importancia-de-la-prevencion-del-vih-y-la-no-discriminacion-a-los-afectados","status":"publish","type":"post","link":"https:\/\/www.europesays.com\/es\/260872\/","title":{"rendered":"Cruz Roja insiste a los j\u00f3venes en la importancia de la prevenci\u00f3n del VIH y la no discriminaci\u00f3n a los afectados"},"content":{"rendered":"<p><img id=\"fotoPrincipalNoticia\" src=\"https:\/\/www.europesays.com\/es\/wp-content\/uploads\/2025\/11\/fotonoticia_20251128174930_690.jpg\" loading=\"eager\" decoding=\"async\" style=\"view-transition-name: fechor_20251128174930;\" border=\"0\" alt=\"Archivo - Manos sosteniendo lazos de concienciaci\u00f3n del VIH\/sida.\" fetchpriority=\"high\" title=\"Cruz Roja insiste a los j\u00f3venes en la importancia de la prevenci\u00f3n del VIH y la no discriminaci\u00f3n a los afectados\" width=\"690\" height=\"461\" itemprop=\"image\"\/><\/p>\n<p>Archivo &#8211; Manos sosteniendo lazos de concienciaci\u00f3n del VIH\/sida. &#8211; VASYL DOLMATOV\/ISTOCK &#8211; Archivo<\/p>\n<p>    MADRID 28 Nov. (EUROPA PRESS) &#8211; <\/p>\n<p>   Cruz Roja y Cruz Roja Juventud han lanzado la campa\u00f1a &#8216;Apoya, inf\u00f3rmate, prot\u00e9gete. Hazlo con ganas&#8217; para concienciar a la poblaci\u00f3n joven sobre la importancia de adoptar medidas de prevenci\u00f3n frente al virus de la inmunodeficiencia humana (VIH), y otras infecciones de transmisi\u00f3n sexual (ITS), y no discriminar a las personas afectadas.<\/p>\n<p>   Coincidiendo con el D\u00eda Mundial de la Lucha contra el SIDA, Cruz Roja ha puesto el foco en el impacto de la serofobia en la vida de las personas j\u00f3venes; la importancia de la informaci\u00f3n basada en la evidencia cient\u00edfica frente a los bulos; una educaci\u00f3n sexual adecuada para la prevenci\u00f3n de ITS y su detecci\u00f3n precoz; contar con un entorno seguro donde expresar sus inquietudes y dudas; y el autocuidado y las pruebas de VIH e ITS.<\/p>\n<p>   En este sentido, la entidad ha advertido que el VIH contin\u00faa siendo un problema de salud mundial, si bien se han producido importantes avances en la prevenci\u00f3n, detecci\u00f3n y tratamiento. A su vez, ha aseverado los casos de ITS est\u00e1n incrementando en los \u00faltimos a\u00f1os, por lo que se hace necesario seguir informando y sensibilizando para romper estigmas y prevenir nuevas infecciones.<\/p>\n<p>   Seg\u00fan los datos de ONUSIDA, m\u00e1s de 40 millones de personas en el mundo viven con VIH, y el 53 por ciento corresponde a mujeres y ni\u00f1as. En Espa\u00f1a, en 2023 se registraron cerca de 3.200 nuevos diagn\u00f3sticos de VIH, de los que el 33,5 por ciento correspond\u00edan a personas de entre 23 a 34 a\u00f1os.<\/p>\n<p>   En este contexto, Cruz Roja Espa\u00f1ola centra su intervenci\u00f3n en la prevenci\u00f3n del VIH y otras ITS, haciendo especial hincapi\u00e9 en el diagn\u00f3stico precoz, as\u00ed como en la atenci\u00f3n integral a personas que viven con VIH\/sida y sus entornos, incluyendo la promoci\u00f3n de la adecuada adherencia terap\u00e9utica. De esta manera, en el a\u00f1o 2024 m\u00e1s de 64.500 personas participaron en actividades de informaci\u00f3n, formaci\u00f3n y apoyo integral en relaci\u00f3n con el VIH\/sida y otras ITS.<\/p>\n<p>20 A\u00d1OS DE INFO PREVENCI\u00d3N<\/p>\n<p>   Cruz Roja tambi\u00e9n conmemora este a\u00f1o el vig\u00e9simo aniversario de la puesta en marcha del servicio Info Prevenci\u00f3n, proyecto que naci\u00f3 en 2005 con el objetivo de ofrecer informaci\u00f3n rigurosa, accesible y cercana sobre la prevenci\u00f3n del VIH y otras ITS, adem\u00e1s de fomentar actitudes de responsabilidad para evitar conductas de riesgo, favorecer el diagn\u00f3stico precoz, contribuir a eliminar el estigma y la discriminaci\u00f3n y llegar a aquella poblaci\u00f3n que no puede acceder a servicios de informaci\u00f3n y asesoramiento a trav\u00e9s de otros medios.<\/p>\n<p>   En este per\u00edodo, este recurso multicanal gratuito, confidencial y accesible para toda la poblaci\u00f3n ha atendido m\u00e1s de 624.000 consultas sobre v\u00edas de transmisi\u00f3n, pruebas diagn\u00f3sticas y recursos sanitarios, de las que un 84,2 por ciento se realizaron v\u00eda telef\u00f3nica o chat.<\/p>\n<p>   La informaci\u00f3n m\u00e1s solicitada tiene que ver con las v\u00edas de transmisi\u00f3n (85,52% de las consultas), la transmisi\u00f3n en pr\u00e1cticas sexuales (70,26%), y relacionadas con la prueba del VIH (43,80%). En cuanto a la edad de las personas usuarias de este servicio, la mayor parte (43,93%) corresponde a una franja de edad de entre 30 a 39 a\u00f1os, y un 26,70 por ciento entre 20 y 29 a\u00f1os.<\/p>\n","protected":false},"excerpt":{"rendered":"Archivo &#8211; Manos sosteniendo lazos de concienciaci\u00f3n del VIH\/sida. &#8211; VASYL DOLMATOV\/ISTOCK &#8211; Archivo MADRID 28 Nov. (EUROPA&hellip;\n","protected":false},"author":2,"featured_media":260873,"comment_status":"","ping_status":"","sticky":false,"template":"","format":"standard","meta":{"footnotes":""},"categories":[92],"tags":[25,24,165,166,23],"class_list":{"0":"post-260872","1":"post","2":"type-post","3":"status-publish","4":"format-standard","5":"has-post-thumbnail","7":"category-salud","8":"tag-es","9":"tag-espana","10":"tag-health","11":"tag-salud","12":"tag-spain"},"share_on_mastodon":{"url":"https:\/\/pubeurope.com\/@es\/115629089685963795","error":""},"_links":{"self":[{"href":"https:\/\/www.europesays.com\/es\/wp-json\/wp\/v2\/posts\/260872","targetHints":{"allow":["GET"]}}],"collection":[{"href":"https:\/\/www.europesays.com\/es\/wp-json\/wp\/v2\/posts"}],"about":[{"href":"https:\/\/www.europesays.com\/es\/wp-json\/wp\/v2\/types\/post"}],"author":[{"embeddable":true,"href":"https:\/\/www.europesays.com\/es\/wp-json\/wp\/v2\/users\/2"}],"replies":[{"embeddable":true,"href":"https:\/\/www.europesays.com\/es\/wp-json\/wp\/v2\/comments?post=260872"}],"version-history":[{"count":0,"href":"https:\/\/www.europesays.com\/es\/wp-json\/wp\/v2\/posts\/260872\/revisions"}],"wp:featuredmedia":[{"embeddable":true,"href":"https:\/\/www.europesays.com\/es\/wp-json\/wp\/v2\/media\/260873"}],"wp:attachment":[{"href":"https:\/\/www.europesays.com\/es\/wp-json\/wp\/v2\/media?parent=260872"}],"wp:term":[{"taxonomy":"category","embeddable":true,"href":"https:\/\/www.europesays.com\/es\/wp-json\/wp\/v2\/categories?post=260872"},{"taxonomy":"post_tag","embeddable":true,"href":"https:\/\/www.europesays.com\/es\/wp-json\/wp\/v2\/tags?post=260872"}],"curies":[{"name":"wp","href":"https:\/\/api.w.org\/{rel}","templated":true}]}}