{"id":260876,"date":"2025-11-28T19:58:19","date_gmt":"2025-11-28T19:58:19","guid":{"rendered":"https:\/\/www.europesays.com\/es\/260876\/"},"modified":"2025-11-28T19:58:19","modified_gmt":"2025-11-28T19:58:19","slug":"se-acaba-el-black-friday-pero-aun-puedes-conseguir-estos-chollos-en-portatiles-macbook-consolas-ps5-lectores-kindle-y-mas","status":"publish","type":"post","link":"https:\/\/www.europesays.com\/es\/260876\/","title":{"rendered":"Se acaba el Black Friday, pero a\u00fan puedes conseguir estos chollos en port\u00e1tiles MacBook, consolas PS5, lectores Kindle y m\u00e1s"},"content":{"rendered":"<p>Hoy, d\u00eda 28 de noviembre de 2025, se celebra el <a href=\"https:\/\/www.xataka.com\/black-friday\" rel=\"nofollow noopener\" target=\"_blank\">Black Friday<\/a> oficialmente aunque, de manera generalizada, multitud de tiendas llevan inmersas en sus campa\u00f1as de rebajas desde hace d\u00edas (e incluso semanas). Es m\u00e1s: muchas, lo extender\u00e1n algunas jornadas m\u00e1s. Sin contar con que <strong>el Cyber Monday tendr\u00e1 lugar el pr\u00f3ximo lunes<\/strong>.<\/p>\n<p>Pero si queremos aprovechar ya los chollos de <a href=\"https:\/\/www.xataka.com\/event\/black-friday-2025-las-mejores-ofertas-y-rebajas-de-mediamarkt-amazon-el-corte-ingles-apple-en-directo\" rel=\"nofollow noopener\" target=\"_blank\">Black Friday<\/a>, por si acaso se llegasen a agotar (cosa l\u00f3gica, teniendo en cuenta algunos preciazos), <strong>a\u00fan podemos conseguir todas estas rebajas<\/strong> en equipos como el MacBook Air M4, la Nintendo Switch 2 o el lector Kindle m\u00e1s barato de todos, que ahora lo es a\u00fan m\u00e1s:<\/p>\n<ul>\n<li value=\"1\"><strong>MacBook Air M4 16\/256<\/strong> por <a rel=\"nofollow, sponsored, noopener, noreferrer\" target=\"_blank\" class=\"js-ecommerce\" id=\"link-ecommerce-1\" href=\"https:\/\/www.xataka.com\/redirect?url=https%3A%2F%2Fwww.amazon.es%2FApple-2025-MacBook-Pulgadas-Chip%2Fdp%2FB0DZDCW7V4&amp;category=seleccion&amp;ecomPostExpiration=perish&amp;postId=328054\" data-vars-affiliate-url=\"https:\/\/www.amazon.es\/Apple-2025-MacBook-Pulgadas-Chip\/dp\/B0DZDCW7V4\">859 euros<\/a>, preciazo m\u00ednimo hist\u00f3rico para uno de los mejores port\u00e1tiles compactos del mercado<\/li>\n<li value=\"2\"><strong>Nintendo Switch 2 m\u00e1s Mario Kart World<\/strong> por <a rel=\"nofollow, sponsored, noopener, noreferrer\" target=\"_blank\" class=\"js-ecommerce\" id=\"link-ecommerce-2\" href=\"https:\/\/www.xataka.com\/redirect?url=https%3A%2F%2Fwww.mediamarkt.es%2Fes%2Fproduct%2F_consola-nintendo-switch-2-79-full-hd-hdr-120-hz-256-gb-magnetic-joy-con-2-con-modo-raton-azul-y-rojo-neon-juego-mario-kart-world-1598254.html&amp;category=seleccion&amp;ecomPostExpiration=perish&amp;postId=328054\" data-vars-affiliate-url=\"https:\/\/www.mediamarkt.es\/es\/product\/_consola-nintendo-switch-2-79-full-hd-hdr-120-hz-256-gb-magnetic-joy-con-2-con-modo-raton-azul-y-rojo-neon-juego-mario-kart-world-1598254.html\">449 euros<\/a>, un regalazo para esta Navidad que ahora sale por 60 euros menos<\/li>\n<li value=\"3\"><strong>Kindle b\u00e1sico<\/strong> por <a rel=\"nofollow, sponsored, noopener, noreferrer\" target=\"_blank\" class=\"js-ecommerce\" id=\"link-ecommerce-3\" href=\"https:\/\/www.xataka.com\/redirect?url=https%3A%2F%2Fwww.amazon.es%2Fdp%2FB0CP31JRLK&amp;category=seleccion&amp;ecomPostExpiration=perish&amp;postId=328054\" data-vars-affiliate-url=\"https:\/\/www.amazon.es\/kindle-2024\/dp\/B0CP31JRLK\">88 euros<\/a>, el precio m\u00e1s bajo hasta la fecha para el dispositivo de Amazon m\u00e1s vendido<\/li>\n<li value=\"4\"><strong>Fire TV Stick 4K Plus<\/strong> por <a rel=\"nofollow, sponsored, noopener, noreferrer\" target=\"_blank\" class=\"js-ecommerce\" id=\"link-ecommerce-4\" href=\"https:\/\/www.xataka.com\/redirect?url=https%3A%2F%2Fwww.amazon.es%2Ffire-tv-stick-4k-plus%2Fdp%2FB0F7ZFWVTC&amp;category=seleccion&amp;ecomPostExpiration=perish&amp;postId=328054\" data-vars-affiliate-url=\"https:\/\/www.amazon.es\/fire-tv-stick-4k-plus\/dp\/B0F7ZFWVTC\">29,99 euros<\/a>, m\u00e1s del 50% de descuento para, ahora, uno de los Fire TV Stick con mejor relaci\u00f3n calidad precio de todo el cat\u00e1logo<\/li>\n<li value=\"5\"><strong>PlayStation 5 Pro<\/strong> por <a rel=\"nofollow, sponsored, noopener, noreferrer\" target=\"_blank\" class=\"js-ecommerce\" id=\"link-ecommerce-5\" href=\"https:\/\/www.xataka.com\/redirect?url=https%3A%2F%2Fwww.mediamarkt.es%2Fes%2Fproduct%2F_consola-sony-ps5-pro-2025-2-tb-ssd-4k-spectral-super-resolution-pssr-1-mando-digital-sin-lector-de-discos-blanco-1607133.html&amp;category=seleccion&amp;ecomPostExpiration=perish&amp;postId=328054\" data-vars-affiliate-url=\"https:\/\/www.mediamarkt.es\/es\/product\/_consola-sony-ps5-pro-2025-2-tb-ssd-4k-spectral-super-resolution-pssr-1-mando-digital-sin-lector-de-discos-blanco-1607133.html\">699,99 euros<\/a>, que la hace protagonizar una de sus mejores ofertas hasta la fecha<\/li>\n<\/ul>\n<p>    <a href=\"https:\/\/www.xataka.com\/seleccion\/mejor-momento-para-cambiar-movil-black-friday-estos-algunos-chollos-smartphones-que-hemos-encontrado\" class=\"pivot-outboundlink\" data-vars-post-title=\"El mejor momento para cambiar de m\u00f3vil es el Black Friday: estos son algunos de los chollos en smartphones que hemos encontrado\" rel=\"nofollow noopener\" target=\"_blank\"><br \/>\n     <img loading=\"lazy\" decoding=\"async\" alt=\"El mejor momento para cambiar de m\u00f3vil es el Black Friday: estos son algunos de los chollos en smartphones que hemos encontrado\" width=\"375\" height=\"142\" src=\"https:\/\/www.europesays.com\/es\/wp-content\/uploads\/2025\/11\/1764359892_404_375_142.jpeg\"\/><br \/>\n    <\/a><\/p>\n<p>MacBook Air M4<\/p>\n<p>                    <a rel=\"nofollow, sponsored, noopener, noreferrer\" target=\"_blank\" class=\"js-ecommerce\" id=\"link-ecommerce-6\" href=\"https:\/\/www.xataka.com\/redirect?url=https%3A%2F%2Fwww.amazon.es%2FApple-2025-MacBook-Pulgadas-Chip%2Fdp%2FB0DZDCW7V4&amp;category=seleccion&amp;ecomPostExpiration=perish&amp;postId=328054\" data-vars-affiliate-url=\"https:\/\/www.amazon.es\/Apple-2025-MacBook-Pulgadas-Chip\/dp\/B0DZDCW7V4\"><br \/>\n         <img class=\"centro_sinmarco\" height=\"520\" width=\"857\" loading=\"lazy\" decoding=\"async\"  fetchpriority=\"high\"  src=\"https:\/\/www.europesays.com\/es\/wp-content\/uploads\/2025\/11\/1764359893_230_450_1000.jpeg\" alt=\"Recop01\"\/><\/p>\n<p>     <\/a><\/p>\n<p>En lo que a dispositivos para trabajar o estudiar se refiere, si me tuviera que quedar con una sola oferta de este Black Friday, sin duda me decantar\u00eda por la protagonizada por el <a class=\"text-outboundlink\" href=\"https:\/\/www.xataka.com\/analisis\/macbook-air-m4-2025-analisis-caracteristicas-precio-especificaciones\" data-vars-post-title=\"MacBook Air M4, an\u00e1lisis: si el port\u00e1til m\u00e1s interesante de Apple ahora cuesta menos y es m\u00e1s potente, apaga y v\u00e1monos\" data-vars-post-url=\"https:\/\/www.xataka.com\/analisis\/macbook-air-m4-2025-analisis-caracteristicas-precio-especificaciones\" rel=\"nofollow noopener\" target=\"_blank\">MacBook Air M4<\/a> en tiendas como Amazon o MediaMarkt. <strong>Est\u00e1 rebajado a su precio m\u00e1s bajo hasta la fecha<\/strong>, <a rel=\"nofollow, sponsored, noopener, noreferrer\" target=\"_blank\" class=\"js-ecommerce\" id=\"link-ecommerce-7\" href=\"https:\/\/www.xataka.com\/redirect?url=https%3A%2F%2Fwww.amazon.es%2FApple-2025-MacBook-Pulgadas-Chip%2Fdp%2FB0DZDCW7V4&amp;category=seleccion&amp;ecomPostExpiration=perish&amp;postId=328054\" data-vars-affiliate-url=\"https:\/\/www.amazon.es\/Apple-2025-MacBook-Pulgadas-Chip\/dp\/B0DZDCW7V4\">859 euros<\/a>, y lo cierto es que es una ganga teniendo en cuenta lo que ofrece.<\/p>\n<p>El modelo b\u00e1sico de estos equipos ya no es tan b\u00e1sico y <strong>los 16 GB de RAM y 256 GB de SSD de este MacBook Air son buenos ejemplos de ello<\/strong>. Adem\u00e1s de dicha configuraci\u00f3n de memorias, cuenta con una pantalla de 13 pulgadas, dos puertos USB, uno jack de auriculares y otro MagSafe para la carga. Adem\u00e1s, encierra <a class=\"text-outboundlink\" href=\"https:\/\/www.xataka.com\/componentes\/chip-m4-apple-explicado-su-potencia-persigue-exprimir-ultima-gota-pantalla-tandem-oled-ipad-pro\" data-vars-post-title=\"El chip M4 de Apple, explicado: su potencia persigue exprimir hasta la \u00faltima gota la pantalla Tandem OLED del iPad Pro\" data-vars-post-url=\"https:\/\/www.xataka.com\/componentes\/chip-m4-apple-explicado-su-potencia-persigue-exprimir-ultima-gota-pantalla-tandem-oled-ipad-pro\" rel=\"nofollow noopener\" target=\"_blank\">el potente M4 de Apple<\/a>, tiene una gran autonom\u00eda y es compatible con <a class=\"text-outboundlink\" href=\"https:\/\/www.xataka.com\/basics\/apple-intelligence-que-disponibilidad-que-va-a-poder-hacer-inteligencia-artificial-para-iphone-ipad-mac\" data-vars-post-title=\"Apple Intelligence: qu\u00e9 es, disponibilidad y qu\u00e9 va a poder hacer la inteligencia artificial para iPhone, iPad y Mac\" data-vars-post-url=\"https:\/\/www.xataka.com\/basics\/apple-intelligence-que-disponibilidad-que-va-a-poder-hacer-inteligencia-artificial-para-iphone-ipad-mac\" rel=\"nofollow noopener\" target=\"_blank\">Apple Intelligence<\/a>.<\/p>\n<p> <a rel=\"nofollow, sponsored, noopener, noreferrer\" target=\"_blank\" href=\"https:\/\/www.xataka.com\/redirect?site=xataka&amp;url=https%3A%2F%2Fwww.amazon.es%2Fdp%2FB0DZDCW7V4%3Ftag%3Dxataka-21%26linkCode%3Dogi%26th%3D1%26psc%3D1&amp;affiliate_id=&amp;ecomPostExpiration=perish&amp;postId=328054\"><br \/>\n     <img loading=\"lazy\" decoding=\"async\" src=\"https:\/\/www.europesays.com\/es\/wp-content\/uploads\/2025\/11\/1764359893_796_original.jpeg\" alt=\"Apple 2025 MacBook Air de 13 Pulgadas con Chip M4 \" width=\"500\" height=\"500\"\/><br \/>\n   <\/a><\/p>\n<p class=\"pivot-ecommerce-desc\">Apple 2025 MacBook Air de 13 Pulgadas con Chip M4 <\/p>\n<p>El precio podr\u00eda variar. Obtenemos comisi\u00f3n por estos enlaces<\/p>\n<p>Nintendo Switch 2 m\u00e1s Mario Kart World<\/p>\n<p>                    <a rel=\"nofollow, sponsored, noopener, noreferrer\" target=\"_blank\" class=\"js-ecommerce\" id=\"link-ecommerce-8\" href=\"https:\/\/www.xataka.com\/redirect?url=https%3A%2F%2Fwww.mediamarkt.es%2Fes%2Fproduct%2F_consola-nintendo-switch-2-79-full-hd-hdr-120-hz-256-gb-magnetic-joy-con-2-con-modo-raton-azul-y-rojo-neon-juego-mario-kart-world-1598254.html&amp;category=seleccion&amp;ecomPostExpiration=perish&amp;postId=328054\" data-vars-affiliate-url=\"https:\/\/www.mediamarkt.es\/es\/product\/_consola-nintendo-switch-2-79-full-hd-hdr-120-hz-256-gb-magnetic-joy-con-2-con-modo-raton-azul-y-rojo-neon-juego-mario-kart-world-1598254.html\"><br \/>\n         <img class=\"centro_sinmarco\" height=\"1026\" width=\"1339\" loading=\"lazy\" decoding=\"async\"  fetchpriority=\"high\"  src=\"https:\/\/www.europesays.com\/es\/wp-content\/uploads\/2025\/11\/1764359894_416_450_1000.jpeg\" alt=\"Recop02\"\/><\/p>\n<p>     <\/a><\/p>\n<p>Aunque sali\u00f3 a principios del mes de junio, no ha sido hasta ahora, en pleno Black Friday, cuando <a class=\"text-outboundlink\" href=\"https:\/\/www.xataka.com\/analisis\/nintendo-switch-2-analisis-caracteristicas-precio-especificaciones\" data-vars-post-title=\"Nintendo Switch 2, an\u00e1lisis: lo \u00fanico que necesitaba como jugador de Switch era, precisamente, una Switch en esteroides\" data-vars-post-url=\"https:\/\/www.xataka.com\/analisis\/nintendo-switch-2-analisis-caracteristicas-precio-especificaciones\" rel=\"nofollow noopener\" target=\"_blank\">Nintendo Switch 2<\/a>, ha protagonizado una oferta importante de forma generalizada y simult\u00e1nea en diferentes tiendas. En estos momentos, el pack formado por la consola m\u00e1s &#8216;<a class=\"text-outboundlink\" href=\"https:\/\/www.3djuegos.com\/juegos\/mario-kart-world\/analisis\/despues-114-horas-a-mario-kart-world-redaccion-cree-que-unica-polemica-que-nintendo-se-atreva-a-vender-switch-2-juego\" data-vars-post-title=\"Despu\u00e9s de 114 horas a Mario Kart World, la redacci\u00f3n cree que la \u00fanica pol\u00e9mica es que Nintendo se atreva a vender una Switch 2 sin el juego. An\u00e1lisis\" data-vars-post-url=\"https:\/\/www.3djuegos.com\/juegos\/mario-kart-world\/analisis\/despues-114-horas-a-mario-kart-world-redaccion-cree-que-unica-polemica-que-nintendo-se-atreva-a-vender-switch-2-juego\" rel=\"nofollow noopener\" target=\"_blank\">Mario Kart World<\/a>&#8216; tiene un precio de <a rel=\"nofollow, sponsored, noopener, noreferrer\" target=\"_blank\" class=\"js-ecommerce\" id=\"link-ecommerce-9\" href=\"https:\/\/www.xataka.com\/redirect?url=https%3A%2F%2Fwww.mediamarkt.es%2Fes%2Fproduct%2F_consola-nintendo-switch-2-79-full-hd-hdr-120-hz-256-gb-magnetic-joy-con-2-con-modo-raton-azul-y-rojo-neon-juego-mario-kart-world-1598254.html&amp;category=seleccion&amp;ecomPostExpiration=perish&amp;postId=328054\" data-vars-affiliate-url=\"https:\/\/www.mediamarkt.es\/es\/product\/_consola-nintendo-switch-2-79-full-hd-hdr-120-hz-256-gb-magnetic-joy-con-2-con-modo-raton-azul-y-rojo-neon-juego-mario-kart-world-1598254.html\">449 euros<\/a> en MediaMarkt o PcComponentes (entre otras) y <strong>es un chollo dif\u00edcil de dejar escapar<\/strong>.<\/p>\n<p>Si la nueva consola ya ten\u00eda papeletas de ser uno de los <a class=\"text-outboundlink\" href=\"https:\/\/www.vidaextra.com\/mejores-ofertas\/regalos-navidad\" data-vars-post-title=\"Regalos de Navidad\" data-vars-post-url=\"https:\/\/www.vidaextra.com\/mejores-ofertas\/regalos-navidad\" rel=\"nofollow noopener\" target=\"_blank\">regalos m\u00e1s habituales de esta Navidad<\/a>, ahora lo es a\u00fan m\u00e1s. Este pack, con un PVP de 509 euros y ahora por unos 60 euros menos, <strong>viene con la propia consola y &#8216;Mario Kart World&#8217; en formato digital<\/strong>. Consola h\u00edbrida que mejora a la anterior generaci\u00f3n en puntos clave, como son la resoluci\u00f3n, la tasa de refresco y, sobre todo, la potencia de su hardware.<\/p>\n<p> <a rel=\"nofollow, sponsored, noopener, noreferrer\" target=\"_blank\" href=\"https:\/\/www.xataka.com\/redirect?site=xataka&amp;url=https%3A%2F%2Fwww.amazon.es%2Fdp%2FB0F2JCL3NZ%3Ftag%3Dxataka-21%26linkCode%3Dogi%26th%3D1%26psc%3D1&amp;affiliate_id=&amp;ecomPostExpiration=perish&amp;postId=328054\"><br \/>\n     <img loading=\"lazy\" decoding=\"async\" src=\"https:\/\/www.europesays.com\/es\/wp-content\/uploads\/2025\/11\/1764359895_707_original.jpeg\" alt=\"Nintendo Switch 2 + Mario Kart World\" width=\"500\" height=\"324\"\/><br \/>\n   <\/a><\/p>\n<p class=\"pivot-ecommerce-desc\">Nintendo Switch 2 + Mario Kart World<\/p>\n<p>El precio podr\u00eda variar. Obtenemos comisi\u00f3n por estos enlaces<\/p>\n<p>Kindle<\/p>\n<p>                    <a rel=\"nofollow, sponsored, noopener, noreferrer\" target=\"_blank\" class=\"js-ecommerce\" id=\"link-ecommerce-10\" href=\"https:\/\/www.xataka.com\/redirect?url=https%3A%2F%2Fwww.amazon.es%2Fdp%2FB0CP31JRLK&amp;category=seleccion&amp;ecomPostExpiration=perish&amp;postId=328054\" data-vars-affiliate-url=\"https:\/\/www.amazon.es\/kindle-2024\/dp\/B0CP31JRLK\"><br \/>\n         <img class=\"centro_sinmarco\" height=\"631\" width=\"969\" loading=\"lazy\" decoding=\"async\"  fetchpriority=\"high\"  src=\"https:\/\/www.europesays.com\/es\/wp-content\/uploads\/2025\/11\/1764359895_506_450_1000.jpeg\" alt=\"Recop03\"\/><\/p>\n<p>     <\/a><\/p>\n<p>Un habitual de los <a rel=\"nofollow, sponsored, noopener, noreferrer\" target=\"_blank\" class=\"js-ecommerce\" id=\"link-ecommerce-11\" href=\"https:\/\/www.xataka.com\/redirect?url=https%3A%2F%2Fwww.amazon.es%2Fblackfriday&amp;category=seleccion&amp;ecomPostExpiration=perish&amp;postId=328054\" data-vars-affiliate-url=\"https:\/\/www.amazon.es\/blackfriday\">Black Friday de Amazon<\/a> y MediaMarkt es el Kindle. Todos los Kindle, en realidad. Pero <strong>el modelo b\u00e1sico es de lo mejorcito en relaci\u00f3n calidad precio<\/strong> cuando, como ahora, lo encontramos rebajado. Durante estas pasadas jornadas ya marcaba un precio m\u00ednimo de lo m\u00e1s interesante, pero hoy est\u00e1 a\u00fan m\u00e1s barato y baja hasta los <a rel=\"nofollow, sponsored, noopener, noreferrer\" target=\"_blank\" class=\"js-ecommerce\" id=\"link-ecommerce-12\" href=\"https:\/\/www.xataka.com\/redirect?url=https%3A%2F%2Fwww.amazon.es%2Fdp%2FB0CP31JRLK&amp;category=seleccion&amp;ecomPostExpiration=perish&amp;postId=328054\" data-vars-affiliate-url=\"https:\/\/www.amazon.es\/kindle-2024\/dp\/B0CP31JRLK\">88 euros<\/a>.<\/p>\n<p>Es el modelo en color verde, el m\u00e1s vendido de la categor\u00eda de dispositivos de Amazon en dicha tienda, quien tiene este buen\u00edsimo precio. De no llegar a tiempo, el modelo negro sigue rebajado a unos m\u00e1s que suculentos <a rel=\"nofollow, sponsored, noopener, noreferrer\" target=\"_blank\" class=\"js-ecommerce\" id=\"link-ecommerce-13\" href=\"https:\/\/www.xataka.com\/redirect?url=https%3A%2F%2Fwww.amazon.es%2Fkindle-2024%2Fdp%2FB0CP32JG8B&amp;category=seleccion&amp;ecomPostExpiration=perish&amp;postId=328054\" data-vars-affiliate-url=\"https:\/\/www.amazon.es\/kindle-2024\/dp\/B0CP32JG8B\">90,08 euros<\/a>. Ambos, dos lectores con pantalla de 6 pulgadas (con luz incorporada) a 300ppp, 16 GB de espacio donde caben cientos de libros y, sobre todo, <strong>una autonom\u00eda de infarto<\/strong> que da para semanas y semanas de uso con una sola carga.<\/p>\n<p> <a rel=\"nofollow, sponsored, noopener, noreferrer\" target=\"_blank\" href=\"https:\/\/www.xataka.com\/redirect?site=xataka&amp;url=https%3A%2F%2Fwww.mediamarkt.es%2Fes%2Fproduct%2F_ebook-amazon-kindle-2024-6-hd-300ppp-16-gb-memoria-8-semanas-autonomia-usb-c-matcha-green-1581504.html&amp;affiliate_id=&amp;ecomPostExpiration=perish&amp;postId=328054\"><br \/>\n     <img loading=\"lazy\" decoding=\"async\" src=\"https:\/\/www.europesays.com\/es\/wp-content\/uploads\/2025\/11\/1764359896_157_original.jpeg\" alt=\"Amazon Kindle (\u00faltima generaci\u00f3n) \" width=\"500\" height=\"500\"\/><br \/>\n   <\/a><\/p>\n<p class=\"pivot-ecommerce-desc\">Amazon Kindle (\u00faltima generaci\u00f3n) <\/p>\n<p>El precio podr\u00eda variar. Obtenemos comisi\u00f3n por estos enlaces<\/p>\n<p>Adem\u00e1s de este, <strong>el resto de miembros de la familia Kindle tambi\u00e9n siguen muy rebajados<\/strong> durante este Black Friday:<\/p>\n<ul>\n<li value=\"1\"><strong>Kindle Paperwhite<\/strong> por <a rel=\"nofollow, sponsored, noopener, noreferrer\" target=\"_blank\" class=\"js-ecommerce\" id=\"link-ecommerce-14\" href=\"https:\/\/www.xataka.com\/redirect?url=https%3A%2F%2Fwww.amazon.es%2Fdp%2FB0CFPWLGF2&amp;category=seleccion&amp;ecomPostExpiration=perish&amp;postId=328054\" data-vars-affiliate-url=\"https:\/\/www.amazon.es\/dp\/B0CFPWLGF2\">143,99 euros<\/a>, alternativa de 7 pulgadas<\/li>\n<li value=\"2\"><strong>Kindle Colorsoft<\/strong> por <a rel=\"nofollow, sponsored, noopener, noreferrer\" target=\"_blank\" class=\"js-ecommerce\" id=\"link-ecommerce-15\" href=\"https:\/\/www.xataka.com\/redirect?url=https%3A%2F%2Fwww.amazon.es%2Fdp%2FB0CX8MQF7R&amp;category=seleccion&amp;ecomPostExpiration=perish&amp;postId=328054\" data-vars-affiliate-url=\"https:\/\/www.amazon.es\/dp\/B0CX8MQF7R\">180,99 euros<\/a>, similar al Paperwhite pero con panel a color<\/li>\n<li value=\"3\"><strong>Kindle Scribe<\/strong> 16 GB por <a rel=\"nofollow, sponsored, noopener, noreferrer\" target=\"_blank\" class=\"js-ecommerce\" id=\"link-ecommerce-16\" href=\"https:\/\/www.xataka.com\/redirect?url=https%3A%2F%2Fwww.amazon.es%2Fdp%2FB0CZB5RHWX&amp;category=seleccion&amp;ecomPostExpiration=perish&amp;postId=328054\" data-vars-affiliate-url=\"https:\/\/www.amazon.es\/dp\/B0CZB5RHWX\">294 euros<\/a>, el gama alta de la familia Kindle, que permite escribir en su pantalla<\/li>\n<\/ul>\n<p>    <a href=\"https:\/\/www.xataka.com\/seleccion\/llega-traca-final-tienda-oficial-samsung-tenemos-descuentos-61-muchas-facilidades-financiacion\" class=\"pivot-outboundlink\" data-vars-post-title=\"Llega la traca final de la tienda oficial de Samsung: tenemos descuentos de hasta el 61% y muchas facilidades de financiaci\u00f3n \" rel=\"nofollow noopener\" target=\"_blank\"><br \/>\n     <img loading=\"lazy\" decoding=\"async\" alt=\"Llega la traca final de la tienda oficial de Samsung: tenemos descuentos de hasta el 61% y muchas facilidades de financiaci\u00f3n \" width=\"375\" height=\"142\" src=\"https:\/\/www.europesays.com\/es\/wp-content\/uploads\/2025\/11\/1764359896_419_375_142.jpeg\"\/><br \/>\n    <\/a><\/p>\n<p>Fire TV Stick 4K Plus<\/p>\n<p>                    <a rel=\"nofollow, sponsored, noopener, noreferrer\" target=\"_blank\" class=\"js-ecommerce\" id=\"link-ecommerce-17\" href=\"https:\/\/www.xataka.com\/redirect?url=https%3A%2F%2Fwww.amazon.es%2Ffire-tv-stick-4k-plus%2Fdp%2FB0F7ZFWVTC&amp;category=seleccion&amp;ecomPostExpiration=perish&amp;postId=328054\" data-vars-affiliate-url=\"https:\/\/www.amazon.es\/fire-tv-stick-4k-plus\/dp\/B0F7ZFWVTC\"><br \/>\n         <img class=\"centro_sinmarco\" height=\"627\" width=\"845\" loading=\"lazy\" decoding=\"async\"  fetchpriority=\"high\"  src=\"https:\/\/www.europesays.com\/es\/wp-content\/uploads\/2025\/11\/1764359897_432_450_1000.jpeg\" alt=\"Recop04\"\/><\/p>\n<p>     <\/a><\/p>\n<p>Cuando est\u00e1n a su PVP, el <a class=\"text-outboundlink\" href=\"https:\/\/www.xataka.com\/seleccion\/mejores-amazon-fire-tv-cual-comprar-modelos-recomendados-para-convertir-tu-tv-smart-tv-funcion-uso\" data-vars-post-title=\"Mejores Amazon Fire TV. Cu\u00e1l comprar y modelos recomendados para convertir tu TV en un smart TV en funci\u00f3n del uso\" data-vars-post-url=\"https:\/\/www.xataka.com\/seleccion\/mejores-amazon-fire-tv-cual-comprar-modelos-recomendados-para-convertir-tu-tv-smart-tv-funcion-uso\" rel=\"nofollow noopener\" target=\"_blank\">Fire TV Stick HD<\/a> es el m\u00e1s econ\u00f3mico e interesante de todos si buscamos la mejor relaci\u00f3n calidad precio. Pero si los encontramos en oferta, entonces este Fire TV Stick 4K Plus (rebajado a s\u00f3lo <a rel=\"nofollow, sponsored, noopener, noreferrer\" target=\"_blank\" class=\"js-ecommerce\" id=\"link-ecommerce-18\" href=\"https:\/\/www.xataka.com\/redirect?url=https%3A%2F%2Fwww.amazon.es%2Ffire-tv-stick-4k-plus%2Fdp%2FB0F7ZFWVTC&amp;category=seleccion&amp;ecomPostExpiration=perish&amp;postId=328054\" data-vars-affiliate-url=\"https:\/\/www.amazon.es\/fire-tv-stick-4k-plus\/dp\/B0F7ZFWVTC\">29,99 euros<\/a>) ocupa ese lugar, <strong>al combinar precio contenido o potencia de sobra<\/strong> para cualquier televisi\u00f3n actual.<\/p>\n<p>Con un descuentazo del 57%, este dispositivo de Amazon es ahora una genial opci\u00f3n de compra si nuestra televisi\u00f3n no cuenta con funciones de smart TV o si, aunque s\u00ed cuente, lo hace con <strong>un rendimiento que no termina de ser todo lo que nos gustar\u00eda<\/strong>. Compatible con paneles 4K, cuenta con Dolby Vision, Dolby Atmos, HDR 10+ y WiFi 6. Viene con mando y permite <a class=\"text-outboundlink\" href=\"https:\/\/www.xataka.com\/basics\/que-alexa-que-puedes-hacer-que-dispositivos-compatibles\" data-vars-post-title=\"Qu\u00e9 es Alexa, qu\u00e9 puedes hacer con \u00e9l y qu\u00e9 dispositivos son compatibles\" data-vars-post-url=\"https:\/\/www.xataka.com\/basics\/que-alexa-que-puedes-hacer-que-dispositivos-compatibles\" rel=\"nofollow noopener\" target=\"_blank\">interactuar con Alexa<\/a>.<\/p>\n<p> <a rel=\"nofollow, sponsored, noopener, noreferrer\" target=\"_blank\" href=\"https:\/\/www.xataka.com\/redirect?site=xataka&amp;url=https%3A%2F%2Fwww.amazon.es%2Fdp%2FB0F7ZFWVTC%3Ftag%3Dxataka-21%26linkCode%3Dogi%26th%3D1%26psc%3D1&amp;affiliate_id=&amp;ecomPostExpiration=perish&amp;postId=328054\"><br \/>\n     <img loading=\"lazy\" decoding=\"async\" src=\"https:\/\/www.europesays.com\/es\/wp-content\/uploads\/2025\/11\/1764359897_753_original.jpeg\" alt=\"Amazon Fire TV Stick 4K Plus \" width=\"500\" height=\"500\"\/><br \/>\n   <\/a><\/p>\n<p class=\"pivot-ecommerce-desc\">Amazon Fire TV Stick 4K Plus <\/p>\n<p>El precio podr\u00eda variar. Obtenemos comisi\u00f3n por estos enlaces<\/p>\n<p>Como sucede con los lectores Kindle, <strong>el resto de dispositivos Fire TV Stick<\/strong> tambi\u00e9n est\u00e1n rebajados a estos precios:<\/p>\n<ul>\n<li value=\"1\"><strong>Fire TV Stick HD<\/strong> por <a rel=\"nofollow, sponsored, noopener, noreferrer\" target=\"_blank\" class=\"js-ecommerce\" id=\"link-ecommerce-19\" href=\"https:\/\/www.xataka.com\/redirect?url=https%3A%2F%2Fwww.amazon.es%2Fdp%2FB0CQMWQDH4&amp;category=seleccion&amp;ecomPostExpiration=perish&amp;postId=328054\" data-vars-affiliate-url=\"https:\/\/www.amazon.es\/dp\/B0CQMWQDH4\">26,85 euros<\/a>, perfecto para televisiones FullHD<\/li>\n<li value=\"2\"><strong>Fire TV Stick 4K Select<\/strong> por <a rel=\"nofollow, sponsored, noopener, noreferrer\" target=\"_blank\" class=\"js-ecommerce\" id=\"link-ecommerce-20\" href=\"https:\/\/www.xataka.com\/redirect?url=https%3A%2F%2Fwww.amazon.es%2Fdp%2FB0CN41GMDK&amp;category=seleccion&amp;ecomPostExpiration=perish&amp;postId=328054\" data-vars-affiliate-url=\"https:\/\/www.amazon.es\/dp\/B0CN41GMDK\">19,99 euros<\/a>, alternativa econ\u00f3mica al 4K Plus (y opci\u00f3n de compra m\u00e1s vendida de su categor\u00eda)<\/li>\n<li value=\"3\"><strong>Fire TV Stick 4K Max<\/strong> por <a rel=\"nofollow, sponsored, noopener, noreferrer\" target=\"_blank\" class=\"js-ecommerce\" id=\"link-ecommerce-21\" href=\"https:\/\/www.xataka.com\/redirect?url=https%3A%2F%2Fwww.amazon.es%2Fdp%2FB0CW4HD359&amp;category=seleccion&amp;ecomPostExpiration=perish&amp;postId=328054\" data-vars-affiliate-url=\"https:\/\/www.amazon.es\/dp\/B0CW4HD359\">46,69 euros<\/a>, el modelo m\u00e1s potente y caro, que ahora sale mucho m\u00e1s barato<\/li>\n<\/ul>\n<p>PlayStation 5 Pro<\/p>\n<p>                    <a rel=\"nofollow, sponsored, noopener, noreferrer\" target=\"_blank\" class=\"js-ecommerce\" id=\"link-ecommerce-22\" href=\"https:\/\/www.xataka.com\/redirect?url=https%3A%2F%2Fwww.pccomponentes.com%2Fsony-playstation-5-pro-con-nuevo-dualsense&amp;category=seleccion&amp;ecomPostExpiration=perish&amp;postId=328054\" data-vars-affiliate-url=\"https:\/\/www.pccomponentes.com\/sony-playstation-5-pro-con-nuevo-dualsense\"><br \/>\n         <img class=\"centro_sinmarco\" height=\"1039\" width=\"1305\" loading=\"lazy\" decoding=\"async\"  fetchpriority=\"high\"  src=\"https:\/\/www.europesays.com\/es\/wp-content\/uploads\/2025\/11\/1764359898_248_450_1000.jpeg\" alt=\"Recop05\"\/><\/p>\n<p>     <\/a><\/p>\n<p>Este Black Friday nos ha dejado geniales chollos en videoconsolas. Buenas noticias, sin duda, con la vista puesta en esos regalos navide\u00f1os que muchos ya estamos adelantando. Nintendo Switch 2 es el mejor ejemplo de ello, pero <strong>los chollos protagonizados por las PlayStation 5 no se quedan demasiado atr\u00e1s<\/strong>. Con menci\u00f3n especial a <a class=\"text-outboundlink\" href=\"https:\/\/www.xataka.com\/analisis\/playstation-5-pro-analisis-caracteristicas-precio-especificaciones\" data-vars-post-title=\"PlayStation 5 Pro, an\u00e1lisis: jugar de esta forma en una consola sin lector de discos genera sentimientos encontrados\" data-vars-post-url=\"https:\/\/www.xataka.com\/analisis\/playstation-5-pro-analisis-caracteristicas-precio-especificaciones\" rel=\"nofollow noopener\" target=\"_blank\">PS5 Pro<\/a>, que sale por <a rel=\"nofollow, sponsored, noopener, noreferrer\" target=\"_blank\" class=\"js-ecommerce\" id=\"link-ecommerce-23\" href=\"https:\/\/www.xataka.com\/redirect?url=https%3A%2F%2Fwww.amazon.es%2FPlaystation-CFI-7021-Consola-PlayStation5-Pro%2Fdp%2FB0DHSV68YZ&amp;category=seleccion&amp;ecomPostExpiration=perish&amp;postId=328054\" data-vars-affiliate-url=\"https:\/\/www.amazon.es\/Playstation-CFI-7021-Consola-PlayStation5-Pro\/dp\/B0DHSV68YZ\">699 euros<\/a>.<\/p>\n<p>La m\u00e1s potente de cuantas forman parte del cat\u00e1logo de consolas next-gen <strong>tiene en su elevado PVP su mayor punto en contra<\/strong>. Sin embargo, si llev\u00e1bamos tiempo valorando su compra, la oferta que protagoniza tanto en la tienda oficial de Sony como en Amazon, MediaMarkt y tantas otras, puede hacernos cambiar de parecer.<\/p>\n<p> <a rel=\"nofollow, sponsored, noopener, noreferrer\" target=\"_blank\" href=\"https:\/\/www.xataka.com\/redirect?site=xataka&amp;url=https%3A%2F%2Fwww.amazon.es%2Fdp%2FB0DHSV68YZ%3Ftag%3Dxataka-21%26linkCode%3Dogi%26th%3D1%26psc%3D1&amp;affiliate_id=&amp;ecomPostExpiration=perish&amp;postId=328054\"><br \/>\n     <img loading=\"lazy\" decoding=\"async\" src=\"https:\/\/www.europesays.com\/es\/wp-content\/uploads\/2025\/11\/1764359898_433_original.jpeg\" alt=\"Sony PlayStation 5 Pro\" width=\"500\" height=\"333\"\/><br \/>\n   <\/a><\/p>\n<p>El precio podr\u00eda variar. Obtenemos comisi\u00f3n por estos enlaces<\/p>\n<p>Pero ojo, que ah\u00ed no acaba la cosa y <strong>el resto de consolas PS5 tambi\u00e9n tienen descuentazos aplicados<\/strong> durante todo el Black Friday. Si PS5 Pro se nos va de precio, estas otras tambi\u00e9n son opciones de compra brutales:<\/p>\n<ul>\n<li value=\"1\"><strong>PlayStation 5 Slim Digital<\/strong> sin lector de discos por <a rel=\"nofollow, sponsored, noopener, noreferrer\" target=\"_blank\" class=\"js-ecommerce\" id=\"link-ecommerce-24\" href=\"https:\/\/www.xataka.com\/redirect?url=https%3A%2F%2Fwww.amazon.es%2FPlaystation-CFI-7021-Consola-PlayStation5-Pro%2Fdp%2FB0FN7ZG39D&amp;category=seleccion&amp;ecomPostExpiration=perish&amp;postId=328054\" data-vars-affiliate-url=\"https:\/\/www.amazon.es\/Playstation-CFI-7021-Consola-PlayStation5-Pro\/dp\/B0FN7ZG39D\">349 euros<\/a>, el modelo m\u00e1s econ\u00f3mico<\/li>\n<li value=\"2\"><strong>PlayStation 5 Slim Est\u00e1ndar<\/strong> con lector de discos por <a rel=\"nofollow, sponsored, noopener, noreferrer\" target=\"_blank\" class=\"js-ecommerce\" id=\"link-ecommerce-25\" href=\"https:\/\/www.xataka.com\/redirect?url=https%3A%2F%2Fwww.amazon.es%2FPlaystation-CFI-7021-Consola-PlayStation5-Pro%2Fdp%2FB0FP2S1MNB&amp;category=seleccion&amp;ecomPostExpiration=perish&amp;postId=328054\" data-vars-affiliate-url=\"https:\/\/www.amazon.es\/Playstation-CFI-7021-Consola-PlayStation5-Pro\/dp\/B0FP2S1MNB\">449 euros<\/a>, la elecci\u00f3n acertada si somos m\u00e1s del formato f\u00edsico frente al digital<\/li>\n<\/ul>\n<p>    <a href=\"https:\/\/www.xataka.com\/seleccion\/mejor-xiaomi-poco-historia-se-ha-lanzado-pleno-black-friday-esta-oferta-viene-subwoofer-firmado-bose\" class=\"pivot-outboundlink\" data-vars-post-title=\"El mejor Xiaomi POCO de la historia se ha lanzado en pleno Black Friday. Ya est\u00e1 de oferta y viene con subwoofer firmado por Bose\" rel=\"nofollow noopener\" target=\"_blank\"><br \/>\n     <img loading=\"lazy\" decoding=\"async\" alt=\"El mejor Xiaomi POCO de la historia se ha lanzado en pleno Black Friday. Ya est\u00e1 de oferta y viene con subwoofer firmado por Bose\" width=\"375\" height=\"142\" src=\"https:\/\/www.europesays.com\/es\/wp-content\/uploads\/2025\/11\/1764359899_719_375_142.jpeg\"\/><br \/>\n    <\/a><\/p>\n<p>Algunos de los enlaces de este art\u00edculo son afiliados y pueden reportar un beneficio a Xataka. En caso de no disponibilidad, las ofertas pueden variar.<\/p>\n<p>Im\u00e1genes | Nintendo, Sony, Amazon, Apple<\/p>\n<p>En Xataka | <a class=\"text-outboundlink\" href=\"https:\/\/www.xataka.com\/seleccion\/que-kindle-comprar-guia-compra-recomendaciones-para-acertar-lectores-libros-electronicos-amazon\" data-vars-post-title=\"Qu\u00e9 Kindle comprar: gu\u00eda de compra con recomendaciones para acertar con los lectores de libros electr\u00f3nicos de Amazon\" data-vars-post-url=\"https:\/\/www.xataka.com\/seleccion\/que-kindle-comprar-guia-compra-recomendaciones-para-acertar-lectores-libros-electronicos-amazon\" rel=\"nofollow noopener\" target=\"_blank\">Qu\u00e9 Kindle comprar: gu\u00eda de compra con recomendaciones para acertar con los lectores de libros electr\u00f3nicos de Amazon<\/a><\/p>\n<p>En Xataka | <a class=\"text-outboundlink\" href=\"https:\/\/www.xataka.com\/seleccion\/que-libro-electronico-comprar-guia-compra-ebook-recomendaciones-11-modelos-destacados\" data-vars-post-title=\"Mejores libros electr\u00f3nicos. Qu\u00e9 eBook comprar y 11 modelos recomendados\" data-vars-post-url=\"https:\/\/www.xataka.com\/seleccion\/que-libro-electronico-comprar-guia-compra-ebook-recomendaciones-11-modelos-destacados\" rel=\"nofollow noopener\" target=\"_blank\">Mejores libros electr\u00f3nicos. Qu\u00e9 eBook comprar y 11 modelos recomendados<\/a><\/p>\n","protected":false},"excerpt":{"rendered":"Hoy, d\u00eda 28 de noviembre de 2025, se celebra el Black Friday oficialmente aunque, de manera generalizada, multitud&hellip;\n","protected":false},"author":2,"featured_media":260877,"comment_status":"","ping_status":"","sticky":false,"template":"","format":"standard","meta":{"footnotes":""},"categories":[81],"tags":[119,123,124,25,24,117,121,122,23,118,120],"class_list":{"0":"post-260876","1":"post","2":"type-post","3":"status-publish","4":"format-standard","5":"has-post-thumbnail","7":"category-ciencia-y-tecnologia","8":"tag-ciencia","9":"tag-ciencia-y-tecnologia","10":"tag-cienciaytecnologia","11":"tag-es","12":"tag-espana","13":"tag-science","14":"tag-science-and-technology","15":"tag-scienceandtechnology","16":"tag-spain","17":"tag-technology","18":"tag-tecnologia"},"share_on_mastodon":{"url":"https:\/\/pubeurope.com\/@es\/115629100267543800","error":""},"_links":{"self":[{"href":"https:\/\/www.europesays.com\/es\/wp-json\/wp\/v2\/posts\/260876","targetHints":{"allow":["GET"]}}],"collection":[{"href":"https:\/\/www.europesays.com\/es\/wp-json\/wp\/v2\/posts"}],"about":[{"href":"https:\/\/www.europesays.com\/es\/wp-json\/wp\/v2\/types\/post"}],"author":[{"embeddable":true,"href":"https:\/\/www.europesays.com\/es\/wp-json\/wp\/v2\/users\/2"}],"replies":[{"embeddable":true,"href":"https:\/\/www.europesays.com\/es\/wp-json\/wp\/v2\/comments?post=260876"}],"version-history":[{"count":0,"href":"https:\/\/www.europesays.com\/es\/wp-json\/wp\/v2\/posts\/260876\/revisions"}],"wp:featuredmedia":[{"embeddable":true,"href":"https:\/\/www.europesays.com\/es\/wp-json\/wp\/v2\/media\/260877"}],"wp:attachment":[{"href":"https:\/\/www.europesays.com\/es\/wp-json\/wp\/v2\/media?parent=260876"}],"wp:term":[{"taxonomy":"category","embeddable":true,"href":"https:\/\/www.europesays.com\/es\/wp-json\/wp\/v2\/categories?post=260876"},{"taxonomy":"post_tag","embeddable":true,"href":"https:\/\/www.europesays.com\/es\/wp-json\/wp\/v2\/tags?post=260876"}],"curies":[{"name":"wp","href":"https:\/\/api.w.org\/{rel}","templated":true}]}}