{"id":260880,"date":"2025-11-28T20:00:24","date_gmt":"2025-11-28T20:00:24","guid":{"rendered":"https:\/\/www.europesays.com\/es\/260880\/"},"modified":"2025-11-28T20:00:24","modified_gmt":"2025-11-28T20:00:24","slug":"maduro-no-asistio-a-la-celebracion-de-los-105-anos-de-la-aviacion-militar-bolivariana-envio-un-mensaje-desde-un-recinto-cerrado","status":"publish","type":"post","link":"https:\/\/www.europesays.com\/es\/260880\/","title":{"rendered":"Maduro no asisti\u00f3 a la celebraci\u00f3n de los 105 a\u00f1os de la Aviaci\u00f3n Militar Bolivariana: envi\u00f3 un mensaje desde un recinto cerrado"},"content":{"rendered":"<p><img alt=\"Nicol\u00e1s Maduro en un video\" class=\"global-image\" decoding=\"async\" fetchpriority=\"high\" height=\"1080\" loading=\"eager\" src=\"https:\/\/www.europesays.com\/es\/wp-content\/uploads\/2025\/11\/2DM5LOVUOVBV3IQBNTY5RP3C7A.jpg\" width=\"1920\"\/>Nicol\u00e1s Maduro en un video grabado desde un lugar cerrado<\/p>\n<p class=\"paragraph\">El desfile por el <b>D\u00eda de la Aviaci\u00f3n Militar Bolivariana<\/b>, celebrado este 27 de noviembre, estuvo encabezado por el ministro de la Defensa, desde la Base A\u00e9rea Libertador en Maracay, mientras <b>Nicol\u00e1s Maduro apareci\u00f3 en un mensaje grabado<\/b>, desde un recinto cerrado. Dos oficiales consideran que lo peor del evento fue la apolog\u00eda al intento de golpe del 27N de 1992.<\/p>\n<p class=\"paragraph\">El ministro de la Defensa, <b>GJ Vladimir Padrino L\u00f3pez<\/b>, junto al comandante Estrat\u00e9gico Operacional y altos oficiales, encabezaron el desfile al que Nicol\u00e1s Maduro no se atrevi\u00f3 a llegar, m\u00e1s que a trav\u00e9s de un video de 22 minutos. Hubo un gran esfuerzo en el despliegue de los aviones en el aire, aunque los oficiales del pres\u00eddium estaban m\u00e1s entretenidos con sus tel\u00e9fonos celulares y charlas entre ellos.<\/p>\n<p class=\"paragraph\">Padrino dio un discurso, en la misma narrativa de Maduro y el jefe de la agrupaci\u00f3n de parada, con consignas, mensajes ideol\u00f3gicos, respuestas a la operaci\u00f3n de EEUU en el Caribe y apolog\u00eda al golpe que oficiales de la Aviaci\u00f3n intentaron contra el entonces presidente de la Rep\u00fablica, <b>Carlos Andr\u00e9s P\u00e9rez<\/b>.<\/p>\n<p class=\"paragraph\">El jefe de la agrupaci\u00f3n de parada, general de brigada <b>Hern\u00e1n Miguel Acosta Figueroa<\/b>, destac\u00f3 la presencia de <b>1.358 soldados<\/b> y reivindic\u00f3 la intentona golpista del 27N como una \u201c<b>gesta heroica<\/b>\u201d.<\/p>\n<p><img alt=\"Los aviones desplegaron los colores\" class=\"global-image\" decoding=\"async\" fetchpriority=\"low\" height=\"1080\" loading=\"lazy\" src=\"https:\/\/www.europesays.com\/es\/wp-content\/uploads\/2025\/11\/IBUMHE7XZFEQPFD7ALPG7NDGLI.jpg\" width=\"1920\"\/>Los aviones desplegaron los colores del tricolor venezolano<\/p>\n<p class=\"paragraph\">La conmemoraci\u00f3n, que marca 33 a\u00f1os de aquel levantamiento fallido contra la democracia, gener\u00f3 malestar en sectores internos. Un oficial, que pidi\u00f3 no ser identificado, le dijo a <b>Infobae<\/b> que \u201c<b>lo \u00fanico realmente destacable del acto fue la formaci\u00f3n final de los aviones en el espect\u00e1culo a\u00e9reo<\/b>\u201d. <\/p>\n<p class=\"paragraph\">Fue manifiesto el <b>descontento<\/b> con la presencia del gobernador del estado Lara, <b>Luis Ram\u00f3n Reyes Reyes<\/b>, recientemente ascendido a general de brigada pese a estar retirado. \u201cEs irritante verlo disfrazado con uniforme\u201d, dijo el oficial en conversaci\u00f3n con <b>Infobae<\/b>. <\/p>\n<p class=\"paragraph\">Seg\u00fan el oficial consultado, los discursos oficiales ignoraron la realidad de la Fuerza A\u00e9rea y se limitaron a la narrativa gubernamental: invasi\u00f3n, asedio, alabanzas a Maduro y advertencias contra Estados Unidos, sin abordar problemas internos ni ofrecer soluciones. \u201cEl mensaje del comandante general est\u00e1 fuera de la realidad, y el ministro recurri\u00f3 a pasajes coloquiales entre elogios y apolog\u00eda a la triste fecha del 27Nov92\u201d, afirm\u00f3.<\/p>\n<p><img alt=\"Los hombres de azul pizarra,\" class=\"global-image\" decoding=\"async\" fetchpriority=\"low\" height=\"1080\" loading=\"lazy\" src=\"https:\/\/www.europesays.com\/es\/wp-content\/uploads\/2025\/11\/BG6XRFFFHNGPLBW7VHQ2UOEKYA.jpg\" width=\"1920\"\/>Los hombres de azul pizarra, el color que identifica a los oficiales de la Aviaci\u00f3n Militar<\/p>\n<p class=\"paragraph\">El ministro de la defensa y Vicepresidente Sectorial de Defensa y Soberan\u00eda, <b>Vladimir Padrino L\u00f3pez<\/b>, destac\u00f3 en su discurso que \u201c<b>Venezuela est\u00e1 bajo un asedio militar<\/b>\u201d, pero asegurando que esa amenaza no intimidar\u00e1 ni disminuir\u00e1 la capacidad defensiva de la naci\u00f3n.<\/p>\n<p class=\"paragraph\">Insisti\u00f3 el titular castrense en la necesidad de mantener la firmeza ante el despliegue a\u00e9reo y naval que la administraci\u00f3n del presidente de Estados Unidos, <b>Donald Trump<\/b>, tiene desplegado en el Caribe, con la Operaci\u00f3n Lanza del Sur.<\/p>\n<p class=\"paragraph\">\u201c<b>Estamos obligados a cumplir nuestra tarea en cualquier circunstancia, no hay excusas de ning\u00fan tipo<\/b>\u201d, dijo Padrino asegurando que en el pa\u00eds, ante las presiones externas, se han desarrollado \u201ccapacidades que nunca nos hab\u00edamos imaginado\u201d.<\/p>\n<p><img alt=\"En el presidium los altos\" class=\"global-image\" decoding=\"async\" fetchpriority=\"low\" height=\"1080\" loading=\"lazy\" src=\"https:\/\/www.europesays.com\/es\/wp-content\/uploads\/2025\/11\/TH3WB6FLBFGZNCNKKNHKB3PBAQ.jpg\" width=\"1920\"\/>En el presidium los altos oficiales y civiles cruzaban piernas, manten\u00edan charlas y enviaban mensajes por los celulares<\/p>\n<p class=\"paragraph\"><b>N\u00e9stor Gonz\u00e1lez Gonz\u00e1lez<\/b>, general de brigada retirado y uno de los m\u00e1s f\u00e9rreos opositores a Hugo Ch\u00e1vez durante la crisis de abril de 2002, evoc\u00f3 la intentona golpista del 27 de noviembre de 1992 contra el entonces presidente Carlos Andr\u00e9s P\u00e9rez.<\/p>\n<p class=\"paragraph\">En un mensaje dirigido a sus compa\u00f1eros de armas, Gonz\u00e1lez record\u00f3 que \u201cse cumplen 33 a\u00f1os de la intentona golpista del 27 de noviembre de 1992 contra el gobierno democr\u00e1tico del presidente Carlos Andr\u00e9s P\u00e9rez, marcada por ataques a instalaciones por parte de militares sublevados de la Aviaci\u00f3n Militar, traidores a la patria que fueron finalmente repelidos y doblegados por la Fuerza A\u00e9rea Venezolana, leal a la Constituci\u00f3n, a la democracia y a la libertad de los venezolanos\u201d.<\/p>\n<p class=\"paragraph\">El ex oficial relat\u00f3 que, de forma simult\u00e1nea, grupos insurgentes de las Fuerzas Armadas atacaron por tierra instalaciones estrat\u00e9gicas, entre ellas el Palacio de Miraflores, el Regimiento de la Guardia de Honor y la Residencia Presidencial.<\/p>\n<p class=\"paragraph\">\u201cDurante doce horas defendimos estos espacios con nuestros valientes oficiales, suboficiales y guardias de honor, bajo el acertado comando del general de brigada Rafael Hung D\u00edaz, jefe de la Casa Militar, y del coronel Moreno Diego, comandante del Regimiento de la Guardia de Honor\u201d, afirm\u00f3.<\/p>\n<p class=\"paragraph\">Record\u00f3 Gonz\u00e1lez que la resistencia se prolong\u00f3 durante doce horas frente al asedio a\u00e9reo y terrestre, junto a comandantes de batallones y efectivos de la Guardia Nacional. \u201cAl final, prevalecieron la democracia, la libertad y el apego a la Constituci\u00f3n y las leyes\u201d, subray\u00f3, al tiempo que pidi\u00f3 a Dios por los oficiales y soldados que entregaron sus vidas en defensa del gobierno leg\u00edtimamente constituido.<\/p>\n<p class=\"paragraph\">El general retirado denunci\u00f3 que muchos de aquellos rebeldes \u201ctraidores a la patria\u201d se valieron de la Constituci\u00f3n y de los mecanismos democr\u00e1ticos para llegar al poder, \u201ctraicionando nuevamente la voluntad del pueblo venezolano\u201d.<\/p>\n<p class=\"paragraph\">\u201c<b>Hoy el pa\u00eds sufre las consecuencias de la explotaci\u00f3n de la miseria humana, la tiran\u00eda y el abuso de los derechos humanos por parte de una narcodictadura<\/b>\u201d, sentenci\u00f3.<\/p>\n<p class=\"paragraph\">Finalmente, Gonz\u00e1lez destac\u00f3 la resistencia ciudadana durante m\u00e1s de dos d\u00e9cadas, donde venezolanos, \u201cdesde el pa\u00eds y desde todas partes del mundo, junto con nuestra l\u00edder y Premio Nobel de la Paz, Mar\u00eda Corina Machado, se han mantenido luchando y resistiendo valientemente, igual que aquel 27 de noviembre de 1992, contra la tiran\u00eda. Venezuela ser\u00e1 libre. Ceder nuestros derechos es perder la Rep\u00fablica\u201d.<\/p>\n<p><img alt=\"Uno de los cabecillas del\" class=\"global-image\" decoding=\"async\" fetchpriority=\"low\" height=\"1080\" loading=\"lazy\" src=\"https:\/\/www.europesays.com\/es\/wp-content\/uploads\/2025\/11\/6EGXUQLHIJCD7HA7VB3X43MSGM.jpg\" width=\"1920\"\/>Uno de los cabecillas del 27N el GB de la Fuerza A\u00e9rea Francisco Visconti Osorio<\/p>\n<p class=\"paragraph\">La asonada militar del 27 de noviembre de 1992, la encabeza el ahora fallecido contralmirante Hern\u00e1n Gr\u00fcber Odrem\u00e1n, en compa\u00f1\u00eda del contralmirante Luis Enrique Cabrera Aguirre, el general de brigada de la Fuerza A\u00e9rea Francisco Visconti Osorio, con participaci\u00f3n del coronel del Ej\u00e9rcito Higinio Castro y el mayor de la Guardia Nacional Carlos Salima Colina.<\/p>\n<p class=\"paragraph\">Hubo participaci\u00f3n de organizaciones de civiles como Bandera Roja y Tercer Camino, as\u00ed como miembros del Frente Patri\u00f3tico y figuras destacadas que buscaron obtener reconocimiento pol\u00edtico luego de percatarse de la febrilidad que entre la opini\u00f3n p\u00fablica tuvo la intentona ocurrida meses antes, el 4 de febrero. <\/p>\n<p class=\"paragraph\">Los principales enfrentamientos fueron en la capital del pa\u00eds, espec\u00edficamente en el Distrito Federal, Caracas, y en los estados Miranda, Aragua y Carabobo. Solo dur\u00f3 un d\u00eda para que la insurrecci\u00f3n fuera sofocada y que los sublevados se rindieran y casi un centenar de ellos huyeran hacia Per\u00fa, incluyendo los jefes de la asonada, quienes solicitaron asilo en el pa\u00eds inca.<\/p>\n","protected":false},"excerpt":{"rendered":"Nicol\u00e1s Maduro en un video grabado desde un lugar cerrado El desfile por el D\u00eda de la Aviaci\u00f3n&hellip;\n","protected":false},"author":2,"featured_media":260881,"comment_status":"","ping_status":"","sticky":false,"template":"","format":"standard","meta":{"footnotes":""},"categories":[42],"tags":[17,18,13,14,11,61,62,63,64,19,20,9,10,15,16,12,21,22,65,66,67],"class_list":{"0":"post-260880","1":"post","2":"type-post","3":"status-publish","4":"format-standard","5":"has-post-thumbnail","7":"category-internacional","8":"tag-breaking-news","9":"tag-breakingnews","10":"tag-featured-news","11":"tag-featurednews","12":"tag-headlines","13":"tag-internacional","14":"tag-international","15":"tag-international-news","16":"tag-internationalnews","17":"tag-latest-news","18":"tag-latestnews","19":"tag-news","20":"tag-noticias","21":"tag-noticias-destacadas","22":"tag-noticiasdestacadas","23":"tag-titulares","24":"tag-ultimas-noticias","25":"tag-ultimasnoticias","26":"tag-world","27":"tag-world-news","28":"tag-worldnews"},"share_on_mastodon":{"url":"","error":""},"_links":{"self":[{"href":"https:\/\/www.europesays.com\/es\/wp-json\/wp\/v2\/posts\/260880","targetHints":{"allow":["GET"]}}],"collection":[{"href":"https:\/\/www.europesays.com\/es\/wp-json\/wp\/v2\/posts"}],"about":[{"href":"https:\/\/www.europesays.com\/es\/wp-json\/wp\/v2\/types\/post"}],"author":[{"embeddable":true,"href":"https:\/\/www.europesays.com\/es\/wp-json\/wp\/v2\/users\/2"}],"replies":[{"embeddable":true,"href":"https:\/\/www.europesays.com\/es\/wp-json\/wp\/v2\/comments?post=260880"}],"version-history":[{"count":0,"href":"https:\/\/www.europesays.com\/es\/wp-json\/wp\/v2\/posts\/260880\/revisions"}],"wp:featuredmedia":[{"embeddable":true,"href":"https:\/\/www.europesays.com\/es\/wp-json\/wp\/v2\/media\/260881"}],"wp:attachment":[{"href":"https:\/\/www.europesays.com\/es\/wp-json\/wp\/v2\/media?parent=260880"}],"wp:term":[{"taxonomy":"category","embeddable":true,"href":"https:\/\/www.europesays.com\/es\/wp-json\/wp\/v2\/categories?post=260880"},{"taxonomy":"post_tag","embeddable":true,"href":"https:\/\/www.europesays.com\/es\/wp-json\/wp\/v2\/tags?post=260880"}],"curies":[{"name":"wp","href":"https:\/\/api.w.org\/{rel}","templated":true}]}}