{"id":260882,"date":"2025-11-28T20:01:17","date_gmt":"2025-11-28T20:01:17","guid":{"rendered":"https:\/\/www.europesays.com\/es\/260882\/"},"modified":"2025-11-28T20:01:17","modified_gmt":"2025-11-28T20:01:17","slug":"dos-monjas-espanolas-excomulgadas-detenidas-por-presuntamente-vender-obras-de-la-iglesia","status":"publish","type":"post","link":"https:\/\/www.europesays.com\/es\/260882\/","title":{"rendered":"Dos monjas espa\u00f1olas excomulgadas, detenidas por presuntamente vender obras de la Iglesia"},"content":{"rendered":"<p>    <img src=\"https:\/\/www.europesays.com\/es\/wp-content\/uploads\/2025\/11\/2025-11-28T183A123A16Z-90550607.jpg\" width=\"1024\" height=\"682\" alt=\"\" loading=\"eager\" decoding=\"sync\" fetchpriority=\"high\"\/><\/p>\n<p>            afp_tickers        <\/p>\n<p>        Este contenido fue publicado en    <\/p>\n<p>        28 noviembre 2025 &#8211; 19:12\n<\/p>\n<p>Dos de las monjas espa\u00f1olas que se declararon en rebeld\u00eda contra el Vaticano y fueron excomulgadas en 2024, fueron brevemente detenidas por presuntamente vender obras pertenecientes a la Iglesia, inform\u00f3 este viernes un tribunal en la provincia de Burgos.<\/p>\n<p>\u00abEl Tribunal de Instancia de Briviesca ha acordado la libertad provisional de las dos exmonjas detenidas\u00bb el jueves, quienes \u00abest\u00e1n siendo investigadas por el delito de apropiaci\u00f3n indebida de bienes de inter\u00e9s cultural\u00bb, explic\u00f3 la corte en un breve comunicado.<\/p>\n<p>El anticuario al que se investiga por presuntamente recibir las obras robadas, tambi\u00e9n qued\u00f3 en libertad provisional, agreg\u00f3 el tribunal.<\/p>\n<p>Las dos monjas forman parte de un grupo de religiosas excomulgadas en 2024 luego de romper con el Vaticano, que siguen ocupando el convento de Santa Clara en el pueblo de Belorado, cercano de Burgos, pese a que la justicia, a pedido de la Iglesia cat\u00f3lica, les orden\u00f3 abandonarlo en agosto.<\/p>\n<p>Las monjas recurrieron y el caso sigue dirimi\u00e9ndose en tribunales.<\/p>\n<p>El tribunal no ofreci\u00f3 m\u00e1s detalles del caso de las obras sustra\u00eddas, pero seg\u00fan El Pa\u00eds, las monjas formar\u00edan parte de una trama para vender irregularmente patrimonio sacro del convento.<\/p>\n<p>El diario indic\u00f3 que agentes de la Guardia Civil registraron la ma\u00f1ana del viernes el convento de Belorado para \u00abesclarecer si las exmonjas han vendido irregularmente piezas de arte sacro\u00bb.<\/p>\n<p>\u00abNo hemos cometido ning\u00fan delito y no tenemos nada que ocultar\u00bb, afirm\u00f3 una de las monjas rebeldes de Belorado en un video en su cuenta de Instagram la noche del jueves.<\/p>\n<p>El caso, que ha cautivado la atenci\u00f3n en Espa\u00f1a, estall\u00f3 en mayo de 2024, cuando las hermanas del convento de Santa Clara, un recinto del siglo XV en el coraz\u00f3n de un pueblo de 1.800 vecinos, anunciaron que romp\u00edan con el Vaticano al considerar un \u00abusurpador\u00bb al entonces papa Francisco.<\/p>\n<p>El conflicto se deriv\u00f3 de un enfrentamiento inmobiliario, ya que, seg\u00fan las monjas, el Vaticano bloque\u00f3 su intento de comprar otro convento.<\/p>\n<p>Las religiosas fueron acusadas de adscribirse a una secta afiliada al \u00absedevacantismo\u00bb, un movimiento que considera herejes a todos los papas que sucedieron a P\u00edo XII (1939-1958).<\/p>\n<p>Las monjas aseguran que el convento de Belorado les pertenece.<\/p>\n<p>pho-du\/eg<\/p>\n","protected":false},"excerpt":{"rendered":"afp_tickers Este contenido fue publicado en 28 noviembre 2025 &#8211; 19:12 Dos de las monjas espa\u00f1olas que se&hellip;\n","protected":false},"author":2,"featured_media":260883,"comment_status":"","ping_status":"","sticky":false,"template":"","format":"standard","meta":{"footnotes":""},"categories":[8],"tags":[17,18,5797,26628,25,24,13,14,11,11895,19,20,7657,53539,9,10,15,16,5603,23,90,12,21,22],"class_list":{"0":"post-260882","1":"post","2":"type-post","3":"status-publish","4":"format-standard","5":"has-post-thumbnail","7":"category-espana","8":"tag-breaking-news","9":"tag-breakingnews","10":"tag-culture","11":"tag-culture-general","12":"tag-es","13":"tag-espana","14":"tag-featured-news","15":"tag-featurednews","16":"tag-headlines","17":"tag-justice-and-rights","18":"tag-latest-news","19":"tag-latestnews","20":"tag-law-and-order","21":"tag-monument-and-heritage-site","22":"tag-news","23":"tag-noticias","24":"tag-noticias-destacadas","25":"tag-noticiasdestacadas","26":"tag-religion","27":"tag-spain","28":"tag-ticker","29":"tag-titulares","30":"tag-ultimas-noticias","31":"tag-ultimasnoticias"},"share_on_mastodon":{"url":"https:\/\/pubeurope.com\/@es\/115629109389348544","error":""},"_links":{"self":[{"href":"https:\/\/www.europesays.com\/es\/wp-json\/wp\/v2\/posts\/260882","targetHints":{"allow":["GET"]}}],"collection":[{"href":"https:\/\/www.europesays.com\/es\/wp-json\/wp\/v2\/posts"}],"about":[{"href":"https:\/\/www.europesays.com\/es\/wp-json\/wp\/v2\/types\/post"}],"author":[{"embeddable":true,"href":"https:\/\/www.europesays.com\/es\/wp-json\/wp\/v2\/users\/2"}],"replies":[{"embeddable":true,"href":"https:\/\/www.europesays.com\/es\/wp-json\/wp\/v2\/comments?post=260882"}],"version-history":[{"count":0,"href":"https:\/\/www.europesays.com\/es\/wp-json\/wp\/v2\/posts\/260882\/revisions"}],"wp:featuredmedia":[{"embeddable":true,"href":"https:\/\/www.europesays.com\/es\/wp-json\/wp\/v2\/media\/260883"}],"wp:attachment":[{"href":"https:\/\/www.europesays.com\/es\/wp-json\/wp\/v2\/media?parent=260882"}],"wp:term":[{"taxonomy":"category","embeddable":true,"href":"https:\/\/www.europesays.com\/es\/wp-json\/wp\/v2\/categories?post=260882"},{"taxonomy":"post_tag","embeddable":true,"href":"https:\/\/www.europesays.com\/es\/wp-json\/wp\/v2\/tags?post=260882"}],"curies":[{"name":"wp","href":"https:\/\/api.w.org\/{rel}","templated":true}]}}