{"id":260884,"date":"2025-11-28T20:02:10","date_gmt":"2025-11-28T20:02:10","guid":{"rendered":"https:\/\/www.europesays.com\/es\/260884\/"},"modified":"2025-11-28T20:02:10","modified_gmt":"2025-11-28T20:02:10","slug":"diaz-ayuso-presenta-la-fabrica-de-los-deseos-un-videomapping-que-transforma-la-real-casa-de-correos-en-un-universo-magico","status":"publish","type":"post","link":"https:\/\/www.europesays.com\/es\/260884\/","title":{"rendered":"D\u00edaz Ayuso presenta la F\u00e1brica de los Deseos, un videomapping que transforma la Real Casa de Correos en un universo m\u00e1gico"},"content":{"rendered":"<p>La presidenta de la Comunidad de Madrid, Isabel D\u00edaz Ayuso, ha activado esta tarde el mecanismo con el que se inaugura un espect\u00e1culo visual sin precedentes que transformar\u00e1 \u00edntegramente la fachada de la Real Casa de Correos en la m\u00e1gica F\u00e1brica de los Deseos. A partir de esta hoy, el hist\u00f3rico edificio de la Puerta del Sol se convertir\u00e1 en un gigantesco escenario navide\u00f1o gracias a un videomapping de gran formato que, por primera vez, cubrir\u00e1 por completo su superficie con luz, color y m\u00fasica.&#13;<br \/>\n&#13;<\/p>\n","protected":false},"excerpt":{"rendered":"La presidenta de la Comunidad de Madrid, Isabel D\u00edaz Ayuso, ha activado esta tarde el mecanismo con el&hellip;\n","protected":false},"author":2,"featured_media":260885,"comment_status":"","ping_status":"","sticky":false,"template":"","format":"standard","meta":{"footnotes":""},"categories":[5],"tags":[17,18,25,24,13,14,11,19,20,9,10,15,16,23,12,21,22],"class_list":{"0":"post-260884","1":"post","2":"type-post","3":"status-publish","4":"format-standard","5":"has-post-thumbnail","7":"category-titulares","8":"tag-breaking-news","9":"tag-breakingnews","10":"tag-es","11":"tag-espana","12":"tag-featured-news","13":"tag-featurednews","14":"tag-headlines","15":"tag-latest-news","16":"tag-latestnews","17":"tag-news","18":"tag-noticias","19":"tag-noticias-destacadas","20":"tag-noticiasdestacadas","21":"tag-spain","22":"tag-titulares","23":"tag-ultimas-noticias","24":"tag-ultimasnoticias"},"share_on_mastodon":{"url":"https:\/\/pubeurope.com\/@es\/115629112879220277","error":""},"_links":{"self":[{"href":"https:\/\/www.europesays.com\/es\/wp-json\/wp\/v2\/posts\/260884","targetHints":{"allow":["GET"]}}],"collection":[{"href":"https:\/\/www.europesays.com\/es\/wp-json\/wp\/v2\/posts"}],"about":[{"href":"https:\/\/www.europesays.com\/es\/wp-json\/wp\/v2\/types\/post"}],"author":[{"embeddable":true,"href":"https:\/\/www.europesays.com\/es\/wp-json\/wp\/v2\/users\/2"}],"replies":[{"embeddable":true,"href":"https:\/\/www.europesays.com\/es\/wp-json\/wp\/v2\/comments?post=260884"}],"version-history":[{"count":0,"href":"https:\/\/www.europesays.com\/es\/wp-json\/wp\/v2\/posts\/260884\/revisions"}],"wp:featuredmedia":[{"embeddable":true,"href":"https:\/\/www.europesays.com\/es\/wp-json\/wp\/v2\/media\/260885"}],"wp:attachment":[{"href":"https:\/\/www.europesays.com\/es\/wp-json\/wp\/v2\/media?parent=260884"}],"wp:term":[{"taxonomy":"category","embeddable":true,"href":"https:\/\/www.europesays.com\/es\/wp-json\/wp\/v2\/categories?post=260884"},{"taxonomy":"post_tag","embeddable":true,"href":"https:\/\/www.europesays.com\/es\/wp-json\/wp\/v2\/tags?post=260884"}],"curies":[{"name":"wp","href":"https:\/\/api.w.org\/{rel}","templated":true}]}}