{"id":260890,"date":"2025-11-28T20:11:13","date_gmt":"2025-11-28T20:11:13","guid":{"rendered":"https:\/\/www.europesays.com\/es\/260890\/"},"modified":"2025-11-28T20:11:13","modified_gmt":"2025-11-28T20:11:13","slug":"griezmann-y-simeone-ganan-el-golden-foot","status":"publish","type":"post","link":"https:\/\/www.europesays.com\/es\/260890\/","title":{"rendered":"Griezmann y Simeone ganan el &#8216;Golden foot&#8217;"},"content":{"rendered":"<p data-mrf-recirculation=\"Links P\u00e1rrafos\" class=\"ue-c-article__paragraph paragraph xai-icon-container ue-c-article--first-letter-highlighted\"><strong>Antoine Griezmann y Diego Pablo Simeone<\/strong> fueron los grandes triunfadores de los <strong>Golden Foot 2025<\/strong>, convirtiendo al Atl\u00e9tico en el gran protagonista tanto de la gala que tuvo lugar el pasado jueves en M\u00f3naco como en el propio palmar\u00e9s de los premios.<\/p>\n<p data-mrf-recirculation=\"Links P\u00e1rrafos\" class=\"ue-c-article__paragraph paragraph xai-icon-container\">As\u00ed, el franc\u00e9s vio premiada su trayectoria al ser considerado como <strong>\u00abuno de los mayores talentos de su generaci\u00f3n\u00bb<\/strong>, destacando a su vez que \u00abdesde la Real Sociedad al Barcelona y ahora brillando en el Atl\u00e9tico de Madrid <strong>contin\u00faa escribiendo la historia del f\u00fatbol\u00bb<\/strong>.\u00a0<\/p>\n<p data-mrf-recirculation=\"Links P\u00e1rrafos\" class=\"ue-c-article__paragraph paragraph xai-icon-container\">No se quedar\u00edan ah\u00ed los m\u00e9ritos constatados para que Griezmann se impusiera al resto de nominados, tambi\u00e9n de talla mundial:<strong> Dembel\u00e9, Rodri, Achraf, Dibu Mart\u00ednez, De Paul, Courtois, Mbappe, Di Mar\u00eda y De Bruyne<\/strong>.<\/p>\n<p data-mrf-recirculation=\"Links P\u00e1rrafos\" class=\"ue-c-article__paragraph paragraph xai-icon-container\">\u00abUn campe\u00f3n del mundo, ganador de la Nations League y <strong>uno de los jugadores m\u00e1s ic\u00f3nicos, con un impacto en el juego innegable<\/strong>\u00ab, continuar\u00edan antes de anunciar que la huella de su pie pasar\u00e1 a formar parte del Paseo de Campeones de M\u00f3naco.<\/p>\n<p>El Cholo, eterno<\/p>\n<p data-mrf-recirculation=\"Links P\u00e1rrafos\" class=\"ue-c-article__paragraph paragraph xai-icon-container\">Del mismo modo, Simeone se llevar\u00eda el premio en la <strong>categor\u00eda de leyendas<\/strong> como un \u00abl\u00edder que con su pasi\u00f3n, disciplina y un esp\u00edritu inquebrantable ha marcado una era del deporte\u00bb. En este sentido, los Golden Foot Awards han valorado toda su carrera. \u00abComo jugador brill\u00f3 con Argentina y en las mayores Ligas europeas gracias a su inteligencia, intensidad y mentalidad ganadora. <strong>Como entrenador, transform\u00f3 al Atl\u00e9tico de Madrid en uno de los clubes m\u00e1s competitivos y admirados del mundo<\/strong> ganando t\u00edtulos, redefiniendo su identidad e inspirando a una generaci\u00f3n con su legendaria filosof\u00eda del Cholismo. Pocas figuras han cambiado un club, una cultura y una afici\u00f3n como \u00e9l\u00bb.<\/p>\n<p data-mrf-recirculation=\"Links P\u00e1rrafos\" class=\"ue-c-article__paragraph paragraph xai-icon-container\">De ah\u00ed que sus huellas tambi\u00e9n integrar\u00e1n ese Paseo de la fama. \u00abPor su excepcional influencia recibe una distinci\u00f3n para quienes dejan una huella duradera e innegable en el f\u00fatbol mundial. Tu <strong>legado de pasi\u00f3n y liderazgo quedar\u00e1 para siempre<\/strong>\u00ab, finalizar\u00edan.<\/p>\n","protected":false},"excerpt":{"rendered":"Antoine Griezmann y Diego Pablo Simeone fueron los grandes triunfadores de los Golden Foot 2025, convirtiendo al Atl\u00e9tico&hellip;\n","protected":false},"author":2,"featured_media":260891,"comment_status":"","ping_status":"","sticky":false,"template":"","format":"standard","meta":{"footnotes":""},"categories":[268],"tags":[168,25,24,280,282,281,23,167],"class_list":{"0":"post-260890","1":"post","2":"type-post","3":"status-publish","4":"format-standard","5":"has-post-thumbnail","7":"category-futbol","8":"tag-deportes","9":"tag-es","10":"tag-espana","11":"tag-football","12":"tag-futbol","13":"tag-soccer","14":"tag-spain","15":"tag-sports"},"share_on_mastodon":{"url":"https:\/\/pubeurope.com\/@es\/115629148517803681","error":""},"_links":{"self":[{"href":"https:\/\/www.europesays.com\/es\/wp-json\/wp\/v2\/posts\/260890","targetHints":{"allow":["GET"]}}],"collection":[{"href":"https:\/\/www.europesays.com\/es\/wp-json\/wp\/v2\/posts"}],"about":[{"href":"https:\/\/www.europesays.com\/es\/wp-json\/wp\/v2\/types\/post"}],"author":[{"embeddable":true,"href":"https:\/\/www.europesays.com\/es\/wp-json\/wp\/v2\/users\/2"}],"replies":[{"embeddable":true,"href":"https:\/\/www.europesays.com\/es\/wp-json\/wp\/v2\/comments?post=260890"}],"version-history":[{"count":0,"href":"https:\/\/www.europesays.com\/es\/wp-json\/wp\/v2\/posts\/260890\/revisions"}],"wp:featuredmedia":[{"embeddable":true,"href":"https:\/\/www.europesays.com\/es\/wp-json\/wp\/v2\/media\/260891"}],"wp:attachment":[{"href":"https:\/\/www.europesays.com\/es\/wp-json\/wp\/v2\/media?parent=260890"}],"wp:term":[{"taxonomy":"category","embeddable":true,"href":"https:\/\/www.europesays.com\/es\/wp-json\/wp\/v2\/categories?post=260890"},{"taxonomy":"post_tag","embeddable":true,"href":"https:\/\/www.europesays.com\/es\/wp-json\/wp\/v2\/tags?post=260890"}],"curies":[{"name":"wp","href":"https:\/\/api.w.org\/{rel}","templated":true}]}}