{"id":260900,"date":"2025-11-28T20:18:31","date_gmt":"2025-11-28T20:18:31","guid":{"rendered":"https:\/\/www.europesays.com\/es\/260900\/"},"modified":"2025-11-28T20:18:31","modified_gmt":"2025-11-28T20:18:31","slug":"emocion-saludo-en-espanol-y-confusion-con-un-doble","status":"publish","type":"post","link":"https:\/\/www.europesays.com\/es\/260900\/","title":{"rendered":"emoci\u00f3n, saludo en espa\u00f1ol y confusi\u00f3n con un doble"},"content":{"rendered":"<p id=\"eiEAAIcXhu\" data-wc=\"104\">Tras su parada en Madrid, Richard Gere ya se encuentra en Murcia. A pesar de que se esperaba que la estrella de Hollywood fuera con<a class=\"hm-link ho-link\" href=\"https:\/\/www.hola.com\/actualidad\/20251128870013\/richard-alejandra-gere-visita-murcia-planes\/\" data-mrf-recirculation=\"article-body-link\" rel=\"nofollow noopener\" target=\"_blank\">\u00a0Alejandra gere, finlamente ha aparecido solo en la ciudad para cumplir dos compromisos muy especiales<\/a> centrados en acompa\u00f1ar a los ni\u00f1os con c\u00e1ncer atendidos por la Fundaci\u00f3n Aladina. El actor internacional y protagonista de Pretty Woman y Oficial y caballero o Chicago\u00a0ha vivido una jornada llena de emociones, en la que se ha volcado por completo en ofrecer apoyo y cari\u00f1o a quienes m\u00e1s lo necesitan, tal y como anunciaron en un comunicado difundido por The Gere Foundation.<\/p>\n<p> <img src=\"https:\/\/www.europesays.com\/es\/wp-content\/uploads\/2025\/11\/6bccccf5aa19-europapress7134095actorrichardgereintervienecolocacionprimerapiedragimn.jpg\"   width=\"1024\" height=\"682\" loading=\"lazy\" decoding=\"async\" alt=\"El actor Richard Gere interviene durante la colocaci\u00f3n de la primera piedra en el Hospital Materno Infantil Virgen de La Arrixaca\" fetchpriority=\"auto\" class=\"image ho-image\"\/>\u00a9 Europa PressRichard Gere en Murcia tras su paso por Madrid<\/p>\n<p> <img src=\"https:\/\/www.europesays.com\/es\/wp-content\/uploads\/2025\/11\/1f8b7c6daa34-europapress7134163actorrichardgerecolocacionprimerapiedragimnasiopediat.jpg\"   width=\"682\" height=\"1024\" loading=\"lazy\" decoding=\"async\" alt=\"El actor Richard Gere en Murcia para apoyar a los ni\u00f1os con c\u00e1ncer\" fetchpriority=\"auto\" class=\"image ho-image\"\/>\u00a9 Europa Press<\/p>\n<p> <img src=\"https:\/\/www.europesays.com\/es\/wp-content\/uploads\/2025\/11\/d041f56ce978-europapress7134172actorrichardgerecolocacionprimerapiedragimnasiopediat.jpg\"   width=\"1024\" height=\"682\" loading=\"lazy\" decoding=\"async\" alt=\"Richard Gere apoyando a los ni\u00f1os con c\u00e1ncer en Murcia\" fetchpriority=\"auto\" class=\"image ho-image\"\/>\u00a9 Europa Press<\/p>\n<p id=\"eNoH-K_Wh53\" data-wc=\"164\">La primera parada de<a class=\"hm-link ho-link\" href=\"https:\/\/www.hola.com\/biografias\/richard-gere\/\" data-mrf-recirculation=\"article-body-link\" rel=\"nofollow noopener\" target=\"_blank\">\u00a0Richard Gere\u00a0<\/a>en Murcia ha comenzado a las 17:00 horas y ha sido el Hospital Universitario Virgen de la Arrixaca (HUVA), un centro que ha recibido una aportaci\u00f3n de un mill\u00f3n de euros por parte de la Fundaci\u00f3n Aladina y donde la estrella de Hollywood estuvo muy cercano con los asistentes y mostr\u00f3 su cari\u00f1o a los ni\u00f1os que participaron en el acto, empujando \u00e9l mismo una de las sillas de ruedas. All\u00ed ha participado en la colocaci\u00f3n de la primera piedra del futuro gimnasio pedi\u00e1trico, un espacio pensado para mejorar la calidad de vida de los peque\u00f1os pacientes y ofrecerles un entorno m\u00e1s acogedor y lleno de est\u00edmulos durante su tratamiento, ya que contar\u00e1 con un gimnasio para rehabilitaci\u00f3n y deporte, boxes individuales, dos cuartos de ba\u00f1o, espacio de almacenaje y un despacho. Actualmente, en la Regi\u00f3n de Murcia hay unos 150 pacientes oncol\u00f3gicos menores de 18 a\u00f1os, de los que un centenar aproximadamente son menores de 14 a\u00f1os.<\/p>\n<p> <img src=\"https:\/\/www.europesays.com\/es\/wp-content\/uploads\/2025\/11\/e6fc3de8dfa7-europapress7134093actorrichardgereintervienecolocacionprimerapiedragimn.jpg\"   width=\"1024\" height=\"682\" loading=\"lazy\" decoding=\"async\" alt=\"El actor Richard Gere interviene durante la colocaci\u00f3n de la primera piedra en el Hospital Materno Infantil Virgen de La Arrixaca\" fetchpriority=\"auto\" class=\"image ho-image\"\/>\u00a9 Europa PressEl actor Richard Gere interviene durante la colocaci\u00f3n de la primera piedra en el Hospital Materno Infantil Virgen de La Arrixaca<\/p>\n<p id=\"e-XmcoaL-I\" data-wc=\"136\">La siguiente parada de la estrella de la interpretaci\u00f3n tuvo lugar en la Plaza Circular de Murcia, donde cuatro \u00e1ngeles vigilaban el espacio desde primera hora de la tarde. Entre las 18:30 y las 19:00, la pandilla de Drilo el Cocodrilo ameniz\u00f3 la espera con m\u00fasica y diversi\u00f3n. A las siete en punto, Richard Gere lleg\u00f3 para acompa\u00f1ar a los menores con c\u00e1ncer en el encendido del Gran \u00c1rbol de Navidad de la ciudad, que se ilumin\u00f3 con un espect\u00e1culo piromusical lleno de efectos especiales. Un total de 65 ca\u00f1ones dibujaron en el cielo un \u00e1rbol navide\u00f1o que, seg\u00fan la prensa regional, podr\u00e1 verse desde la huerta murciana, alcanzando hasta 2 kil\u00f3metros de altura. Nada m\u00e1s subirse al escenario, el actor habl\u00f3 en espa\u00f1ol: <strong>\u00ab\u00a1Hola Murcia! \u00a1Hola chicos y chicas!<\/strong>\u00ab, dijo muy sonriente mientras era ovacionado.<\/p>\n<p> <img src=\"https:\/\/www.europesays.com\/es\/wp-content\/uploads\/2025\/11\/6863404af8d6-europapress7134206actorrichardgereparticipaencendidogranarbolnavidadmu.jpg\"   width=\"1024\" height=\"682\" loading=\"lazy\" decoding=\"async\" alt=\"El actor Richard Gere participa en el encendido del Gran \u00c3\u0081rbol de la Navidad de Murcia 2025\" fetchpriority=\"auto\" class=\"image ho-image\"\/>\u00a9 Europa PressEl actor Richard Gere participa en el encendido del Gran \u00c1rbol de la Navidad de Murcia<\/p>\n<p> <img src=\"https:\/\/www.europesays.com\/es\/wp-content\/uploads\/2025\/11\/39707ab1d689-europapress7134222presidentefundacionaladinapacoaranga1iactorrichardge.jpg\"   width=\"1024\" height=\"682\" loading=\"lazy\" decoding=\"async\" alt=\"El actor Richard Gere participa en el encendido del Gran \u00c1rbol de la Navidad de Murcia\" fetchpriority=\"auto\" class=\"image ho-image\"\/>\u00a9 Europa PressEl actor Richard Gere participa en el encendido del Gran \u00c1rbol de la Navidad de Murcia<\/p>\n<p id=\"eGMUmWHshFd\" data-wc=\"85\">Decenas de personas se acercaron a la Plaza Circular para presenciar este emotivo momento y ver de cerca al ganador del Goya Internacional 2025. Para que ning\u00fan asistente se perdiera detalle, el Ayuntamiento de Murcia instal\u00f3 pantallas y altavoces. Adem\u00e1s, repartieron varitas con forma de \u00e1rbol de la Fundaci\u00f3n Aladina, de modo que todos los ni\u00f1os pudieron participar en el encendido junto al matrimonio. Tras la ceremonia, el DJ Carlos Jean tom\u00f3 el protagonismo con su m\u00fasica, poniendo el toque final y amenizando el evento.<\/p>\n<p> <img src=\"https:\/\/www.europesays.com\/es\/wp-content\/uploads\/2025\/11\/51ec71481b30-hoy-murcia-levanta-un-sueo-un-gimnasio-que-ser-luz-movimiento-y-vida-para-nu.jpg\"   width=\"1024\" height=\"700\" loading=\"lazy\" decoding=\"async\" alt=\"Richard Gere saludando a Jos\u00e9 Ballesta\" fetchpriority=\"auto\" class=\"image ho-image\"\/>\u00a9 ballesta_murciaRichard Gere saludando a Jos\u00e9 Ballesta<\/p>\n<p> <img src=\"https:\/\/www.europesays.com\/es\/wp-content\/uploads\/2025\/11\/9681dff7135b-sin-ttulo.jpg\"   width=\"651\" height=\"1024\" loading=\"lazy\" decoding=\"async\" alt=\"Richard Gere con Jos\u00e9 Ballesta en Murcia\" fetchpriority=\"auto\" class=\"image ho-image\"\/>\u00a9 AytoMurciaRichard Gere con Jos\u00e9 Ballesta en Murcia<\/p>\n<p> <img src=\"https:\/\/www.europesays.com\/es\/wp-content\/uploads\/2025\/11\/b14ae70395e4-g625bxnxiaacez6.jpg\"   width=\"1024\" height=\"768\" loading=\"lazy\" decoding=\"async\" alt=\"Los Gere en el encendido del \u00e1rbol de Navidad de Murcia\" fetchpriority=\"auto\" class=\"image ho-image\"\/>\u00a9 AytoMurciaDesde el Ayuntamiento de Murcia han repartido varitas en forma de \u00e1rbol<\/p>\n<p> <img src=\"https:\/\/www.europesays.com\/es\/wp-content\/uploads\/2025\/11\/9a4ce14581c9-g63c0sexqaawcgq.jpg\"   width=\"1024\" height=\"768\" loading=\"lazy\" decoding=\"async\" alt=\"Actuaci\u00f3n previa a la llegada de los Gere a Murcia\" fetchpriority=\"auto\" class=\"image ho-image\"\/>\u00a9 AytoMurcia<\/p>\n<p> <img src=\"https:\/\/www.europesays.com\/es\/wp-content\/uploads\/2025\/11\/3c66ecec8495-g63c0vzwaaav2gc.jpg\"   width=\"1024\" height=\"768\" loading=\"lazy\" decoding=\"async\" alt=\"Actuaci\u00f3n previa a la llegada de los Gere a Murcia\" fetchpriority=\"auto\" class=\"image ho-image\"\/>\u00a9 AytoMurcia<\/p>\n<p id=\"eK5z1v6KhZ\" data-wc=\"84\">La an\u00e9cdota del d\u00eda ocurri\u00f3 durante el acto de colocaci\u00f3n de la primera piedra del citado hospital, cuando los asistentes confundieron a un hombre an\u00f3nimo con Richard Gere. El episodio tuvo lugar mientras el hombre, de cabello canoso, gafas, chaqueta oscura y camisa blanca, intentaba acceder al centro. En ese momento, los presentes creyeron que se trataba del actor y comenzaron a rodearlo, grab\u00e1ndole con sus m\u00f3viles e incluso pidi\u00e9ndole fotograf\u00edas. Un momento muy c\u00f3mico que r\u00e1pidamente se volvi\u00f3 viral en las redes sociales.<\/p>\n<p> <img src=\"https:\/\/www.europesays.com\/es\/wp-content\/uploads\/2025\/11\/497d6230e35f-captura-de-pantalla-2025-11-28-203012.jpg\"   width=\"1024\" height=\"513\" loading=\"lazy\" decoding=\"async\" alt=\"El doble de Richard Gere en murcia\" fetchpriority=\"auto\" class=\"image ho-image\"\/>\u00a9 Redes Sociales<\/p>\n<p id=\"emCPABW1LfE\" data-wc=\"166\">Durante los \u00faltimos d\u00edas se hab\u00eda especulado sobre si<a class=\"hm-link ho-link\" href=\"https:\/\/www.hola.com\/actualidad\/20251017862128\/richard-gere-confiesa-he-aprendido-a-ser-mejor-padre-observando-a-mi-esposa\/\" data-mrf-recirculation=\"article-body-link\" rel=\"nofollow noopener\" target=\"_blank\">\u00a0el matrimonio ser\u00eda el encargado de encender el \u00e1rbol,<\/a> pero desde The Gere Foundation quisieron este jueves 27 de noviembre aclarar la situaci\u00f3n mediante un comunicado: \u00abViajamos a Murcia para apoyar el trabajo imprescindible de la Fundaci\u00f3n Aladina y acompa\u00f1ar el inicio de un proyecto muy especial (&#8230;) Ese es \u2014y siempre ha sido\u2014 el \u00fanico motivo de nuestra presencia all\u00ed. Nuestra prioridad est\u00e1 con los ni\u00f1os, sus familias y el trabajo tan necesario que realiza Aladina. Cualquier gesto adicional que podamos tener durante la visita ser\u00e1 siempre en honor a ellos, nunca como protagonistas y de forma totalmente desinteresada. Gracias por el cari\u00f1o y por ayudarnos a compartir el verdadero sentido de este viaje\u00bb. Unas palabras con las que dejan claro que su compromiso est\u00e1 centrado en la labor social y en el bienestar de los menores, subrayando que cualquier participaci\u00f3n medi\u00e1tica es secundaria frente al objetivo principal: acompa\u00f1ar y apoyar a quienes m\u00e1s lo necesitan.\u00a0<\/p>\n<p>El estreno de su documental<\/p>\n<p data-wc=\"132\" id=\"eaFnA10KmFG\">El 24 de noviembre, Richard y Alejandra Gere se desplazaron a los c\u00e9ntricos Cines Callao, en plena Gran V\u00eda madrile\u00f1a, para <strong>el estreno del documental<\/strong><strong><strong>\u00a0<\/strong>Lo que nadie quiere ver,<\/strong> un proyecto solidario impulsado por la pareja en colaboraci\u00f3n con la Fundaci\u00f3n Hogar S\u00ed, entidad que desde 1998 combate la exclusi\u00f3n social de las personas m\u00e1s desfavorecidas, especialmente de quienes carecen de hogar. El matrimonio quiso estar presente durante la proyecci\u00f3n, ya que este evento fue el fruto de meses de trabajo en el que ambos han estado involucrados, ya que la empresaria es embajadora y miembro del patronato de la citada entidad. Por su parte, Richard tambi\u00e9n est\u00e1 implicado en la causa, pues nunca le han cegado los focos de Hollywood y ha impulsado su activismo social por encima de todo.<\/p>\n<p> <img src=\"https:\/\/www.europesays.com\/es\/wp-content\/uploads\/2025\/11\/79e28fcb4421-gettyimages-2248277529.jpg\"   width=\"1024\" height=\"682\" loading=\"lazy\" decoding=\"async\" alt=\"Richard Gere y Alejandra Gere en la premiere de &quot;Lo Que Nadie Quiere Ver&quot; en Madrid.\" fetchpriority=\"auto\" class=\"image ho-image\"\/>\u00a9 Getty ImagesAlejandra Silva y Richard Gere en el estreno en Madrid de uno de sus proyectos m\u00e1s personales, el documental &#8216;Lo que nadie quiere ver&#8217;<\/p>\n","protected":false},"excerpt":{"rendered":"Tras su parada en Madrid, Richard Gere ya se encuentra en Murcia. A pesar de que se esperaba&hellip;\n","protected":false},"author":2,"featured_media":260901,"comment_status":"","ping_status":"","sticky":false,"template":"","format":"standard","meta":{"footnotes":""},"categories":[169],"tags":[517,26872,177,146,147,25,24,176,175,20279,23],"class_list":{"0":"post-260900","1":"post","2":"type-post","3":"status-publish","4":"format-standard","5":"has-post-thumbnail","7":"category-cine","8":"tag-actualidad","9":"tag-alejandra-gere","10":"tag-cine","11":"tag-entertainment","12":"tag-entretenimiento","13":"tag-es","14":"tag-espana","15":"tag-film","16":"tag-movies","17":"tag-richard-gere","18":"tag-spain"},"share_on_mastodon":{"url":"https:\/\/pubeurope.com\/@es\/115629177642903397","error":""},"_links":{"self":[{"href":"https:\/\/www.europesays.com\/es\/wp-json\/wp\/v2\/posts\/260900","targetHints":{"allow":["GET"]}}],"collection":[{"href":"https:\/\/www.europesays.com\/es\/wp-json\/wp\/v2\/posts"}],"about":[{"href":"https:\/\/www.europesays.com\/es\/wp-json\/wp\/v2\/types\/post"}],"author":[{"embeddable":true,"href":"https:\/\/www.europesays.com\/es\/wp-json\/wp\/v2\/users\/2"}],"replies":[{"embeddable":true,"href":"https:\/\/www.europesays.com\/es\/wp-json\/wp\/v2\/comments?post=260900"}],"version-history":[{"count":0,"href":"https:\/\/www.europesays.com\/es\/wp-json\/wp\/v2\/posts\/260900\/revisions"}],"wp:featuredmedia":[{"embeddable":true,"href":"https:\/\/www.europesays.com\/es\/wp-json\/wp\/v2\/media\/260901"}],"wp:attachment":[{"href":"https:\/\/www.europesays.com\/es\/wp-json\/wp\/v2\/media?parent=260900"}],"wp:term":[{"taxonomy":"category","embeddable":true,"href":"https:\/\/www.europesays.com\/es\/wp-json\/wp\/v2\/categories?post=260900"},{"taxonomy":"post_tag","embeddable":true,"href":"https:\/\/www.europesays.com\/es\/wp-json\/wp\/v2\/tags?post=260900"}],"curies":[{"name":"wp","href":"https:\/\/api.w.org\/{rel}","templated":true}]}}