{"id":260906,"date":"2025-11-28T20:21:09","date_gmt":"2025-11-28T20:21:09","guid":{"rendered":"https:\/\/www.europesays.com\/es\/260906\/"},"modified":"2025-11-28T20:21:09","modified_gmt":"2025-11-28T20:21:09","slug":"avance-del-capitulo-727-de-la-promesa-caras-nuevas","status":"publish","type":"post","link":"https:\/\/www.europesays.com\/es\/260906\/","title":{"rendered":"Avance del cap\u00edtulo 727 de &#8216;La Promesa&#8217;: Caras nuevas"},"content":{"rendered":"<p class=\"paragraph\"><a href=\"https:\/\/www.lavanguardia.com\/television\/20251127\/11310228\/avance-capitulo-726-promesa-enora-tono-prosiguen-investigaciones-cruzadas-mmn.html\" target=\"_blank\" rel=\"nofollow noopener\">La Promesa<\/a>ha vuelto un d\u00eda m\u00e1s a la peque\u00f1a pantalla con un episodio de lo m\u00e1s emocionante. En la \u00faltima entrega de la serie de <a href=\"https:\/\/www.lavanguardia.com\/series\/\" target=\"_blank\" rel=\"nofollow noopener\">La 1 de Televisi\u00f3n Espa\u00f1ola<\/a>,\u00a0Jacobo enfrenta a Martina sobre el futuro de su relaci\u00f3n, convencido de que ha llegado el momento de decidir si a\u00fan se quieren como antes o si deben tomar caminos separados.\u00a0<\/p>\n<p class=\"paragraph\">Lorenzo irrumpe sin permiso en la habitaci\u00f3n de \u00c1ngela, ignorando sus s\u00faplicas de que se retire, y su actitud intimidatoria deja claro que la joven y Curro se encuentran al borde de un precipicio tras no haber sido valientes en momentos decisivos que podr\u00edan haber cambiado su destino.<\/p>\n<p class=\"paragraph\">Lope y Vera acuden a la Guardia Civil para denunciar el robo de las recetas, pero se encuentran con la frustraci\u00f3n de no ser tomados en serio por las autoridades. Mar\u00eda Fern\u00e1ndez comunica a P\u00eda que ha decidido retractarse de la oferta de Samuel, dejando al sacerdote visiblemente desorientado.\u00a0<\/p>\n<p class=\"paragraph\">Enora y To\u00f1o investigan la inesperada participaci\u00f3n de don Lisandro en la empresa de don Lu\u00eds, aunque Enora rompe el acuerdo y contin\u00faa su pesquisa por su cuenta, lo que provoca el enfado de To\u00f1o y a\u00f1ade nuevas tensiones al entramado de secretos y desconfianzas que rodea a La Promesa.<\/p>\n<p>Avance del cap\u00edtulo 727<\/p>\n<p class=\"paragraph\">En el pr\u00f3ximo cap\u00edtulo de La Promesa,\u00a0Vera propone a Lope un plan para desenmascarar a Madame Cocotte, la misteriosa ladrona de recetas: recurrir a Petra, la persona que todo lo ve y todo lo sabe dentro de La Promesa.\u00a0<\/p>\n<p class=\"paragraph\">Curro reconoce que ha sido testarudo al intentar resolver solo la situaci\u00f3n con Lorenzo y la inminente boda de \u00c1ngela, y en una conversaci\u00f3n con P\u00eda Adarre comprende que necesita pedir ayuda, aunque a\u00fan no se decide a qui\u00e9n recurrir.\u00a0<\/p>\n<p class=\"paragraph\">La vida en el palacio se complica a\u00fan m\u00e1s con el anuncio de Crist\u00f3bal Ballesteros, que presenta a los dos nuevos empleados del servicio, Felipe Hern\u00e1ndez y Carlo Castej\u00f3n, siendo este \u00faltimo el padre del hijo que Mar\u00eda Fern\u00e1ndez espera, lo que desestabiliza por completo a la sirvienta.<\/p>\n<p class=\"paragraph\">Jacobo se enfrenta a la tensi\u00f3n constante con Martina y le plantea directamente si desea continuar con los planes de boda, mientras protagoniza un enfrentamiento con Adriano por las tierras de La Promesa.\u00a0<\/p>\n<p class=\"paragraph\">Simona y Candela aprovechan el banquete organizado por Lorenzo para su boda con \u00c1ngela y solicitan a Teresa que Lope se reincorpore a las cocinas como refuerzo, viendo una oportunidad para que el joven recupere su lugar tras haber sido apartado por Ballesteros. En medio de todo, \u00c1ngela se derrumba ante Leocadia, suplic\u00e1ndole nuevamente que haga algo para impedir que la boda con Lorenzo se celebre, cada vez m\u00e1s cerca y amenazante.<\/p>\n","protected":false},"excerpt":{"rendered":"La Promesaha vuelto un d\u00eda m\u00e1s a la peque\u00f1a pantalla con un episodio de lo m\u00e1s emocionante. En&hellip;\n","protected":false},"author":2,"featured_media":260907,"comment_status":"","ping_status":"","sticky":false,"template":"","format":"standard","meta":{"footnotes":""},"categories":[91],"tags":[146,147,25,24,23],"class_list":{"0":"post-260906","1":"post","2":"type-post","3":"status-publish","4":"format-standard","5":"has-post-thumbnail","7":"category-entretenimiento","8":"tag-entertainment","9":"tag-entretenimiento","10":"tag-es","11":"tag-espana","12":"tag-spain"},"share_on_mastodon":{"url":"https:\/\/pubeurope.com\/@es\/115629187815872321","error":""},"_links":{"self":[{"href":"https:\/\/www.europesays.com\/es\/wp-json\/wp\/v2\/posts\/260906","targetHints":{"allow":["GET"]}}],"collection":[{"href":"https:\/\/www.europesays.com\/es\/wp-json\/wp\/v2\/posts"}],"about":[{"href":"https:\/\/www.europesays.com\/es\/wp-json\/wp\/v2\/types\/post"}],"author":[{"embeddable":true,"href":"https:\/\/www.europesays.com\/es\/wp-json\/wp\/v2\/users\/2"}],"replies":[{"embeddable":true,"href":"https:\/\/www.europesays.com\/es\/wp-json\/wp\/v2\/comments?post=260906"}],"version-history":[{"count":0,"href":"https:\/\/www.europesays.com\/es\/wp-json\/wp\/v2\/posts\/260906\/revisions"}],"wp:featuredmedia":[{"embeddable":true,"href":"https:\/\/www.europesays.com\/es\/wp-json\/wp\/v2\/media\/260907"}],"wp:attachment":[{"href":"https:\/\/www.europesays.com\/es\/wp-json\/wp\/v2\/media?parent=260906"}],"wp:term":[{"taxonomy":"category","embeddable":true,"href":"https:\/\/www.europesays.com\/es\/wp-json\/wp\/v2\/categories?post=260906"},{"taxonomy":"post_tag","embeddable":true,"href":"https:\/\/www.europesays.com\/es\/wp-json\/wp\/v2\/tags?post=260906"}],"curies":[{"name":"wp","href":"https:\/\/api.w.org\/{rel}","templated":true}]}}