{"id":260912,"date":"2025-11-28T20:24:12","date_gmt":"2025-11-28T20:24:12","guid":{"rendered":"https:\/\/www.europesays.com\/es\/260912\/"},"modified":"2025-11-28T20:24:12","modified_gmt":"2025-11-28T20:24:12","slug":"cae-el-hombre-tras-el-presidente-zelenski-a-raiz-del-mayor-escandalo-de-corrupcion-durante-la-guerra","status":"publish","type":"post","link":"https:\/\/www.europesays.com\/es\/260912\/","title":{"rendered":"Cae el hombre tras el presidente Zelenski a ra\u00edz del mayor esc\u00e1ndalo de corrupci\u00f3n durante la guerra"},"content":{"rendered":"<p class=\"L6-news-detail__text\"><b>Ha ca\u00eddo la mano derecha de Zelenski<\/b>. \u00abLa Oficina del Presidente de Ucrania ser\u00e1 reiniciada. El jefe de la Oficina, Andr\u00ed Yermak, ha presentado su renuncia\u00bb, ha anunciado el propio presidente ucraniano despu\u00e9s de que<b><a title=\" las autoridades anticorrupci\u00f3n del pa\u00eds registraran esta ma\u00f1ana el apartamento y la oficina de Yermak\" href=\"https:\/\/www.lasexta.com\/noticias\/internacional\/anticorrupcion-efectua-registros-andri-yermak-mano-derecha-zelenski-segunda-persona-mas-poderosa-gobierno-ucraniano_20251128692953ae9261f37ec733c453.html\" target=\"_blank\" rel=\"nofollow noopener\"> las autoridades anticorrupci\u00f3n del pa\u00eds registraran esta ma\u00f1ana el apartamento y la oficina de Yermak<\/a><\/b> en el marco de una investigaci\u00f3n.<\/p>\n<p class=\"L6-news-detail__text\">Yermak <b>era su jefe de gabinete y hombre de confianza<\/b>, el que lo ha acompa\u00f1ado en todos los actos y visitas oficiales desde que empez\u00f3 la guerra. \u00abEstamos avanzando hacia la paz justa y duradera\u00bb. Sin saberlo, estas palabras de Yermak en Ginebra han sido una de las \u00faltimas que ha pronunciado como jefe de gabinete de Zelenski. E, incluso, hace diez d\u00edas se le vio junto a Felipe VI en su visita a Espa\u00f1a.<\/p>\n<p class=\"L6-news-detail__text\">\u00abNo quiero que nadie tenga ninguna duda sobre Ucrania\u00bb, ha dicho Zelenski en un discurso a la naci\u00f3n en el que ha anunciado una remodelaci\u00f3n de la oficina presidencial. El presidente ucraniano ha agregado que este s\u00e1bado mantendr\u00e1 consultas con posibles sustitutos. Yermak estaba considerado<b> el hombre m\u00e1s poderoso del pa\u00eds despu\u00e9s del propio Zelenski<\/b>, al que algunos de sus colaboradores m\u00e1s cercanos y diputados de su propio partido hab\u00edan pedido el cese de su jefe de gabinete.<\/p>\n<p class=\"L6-news-detail__text\">Medios ucranianos han asegurado que los registros de las autoridades anticorrupci\u00f3n a Yermak est\u00e1n relacionados con su <b>posible implicaci\u00f3n en la supuesta trama de comisiones a contratistas de la empresa p\u00fablica de energ\u00eda at\u00f3mica ucraniana<\/b> expuesta este mes. La trama estar\u00eda liderada por un exsocio empresarial de Zelenski y habr\u00eda contado con la participaci\u00f3n de varios ministros.<\/p>\n<p class=\"L6-news-detail__text\">Zelenski ha anunciado tambi\u00e9n en su discurso a la naci\u00f3n de este viernes que el jefe del Estado Mayor, Andr\u00ed Gnatov, y el secretario del Consejo para la Seguridad Nacional de Ucrania, Rustem Um\u00e9rov, seguir\u00e1n integrando la delegaci\u00f3n ucraniana en la reuni\u00f3n para avanzar hacia un final negociado de la guerra prevista para \u00abel futuro m\u00e1s pr\u00f3ximo\u00bb con emisarios de Estados Unidos. En la delegaci\u00f3n -que<b> hasta ahora estaba encabezada por Yermak<\/b>&#8211; habr\u00e1 tambi\u00e9n representantes del Ministerio de Exteriores y de los servicios de inteligencia ucranianos, ha agregado Zelenski.<\/p>\n<p>El hombre junto a Zelenski en las fotograf\u00edas<\/p>\n<p class=\"L6-news-detail__text\">Yermak es ese hombre alto y corpulento que aparece en pr\u00e1cticamente todas las fotos del presidente ucraniano en los innumerables actos y viajes oficiales que ha efectuado el l\u00edder de Kyiv desde que Rusia comenzara hace casi cuatro a\u00f1os su invasi\u00f3n de Ucrania. Vestido en la primera fase del conflicto con ropa verde oliva que m\u00e1s tarde cambiar\u00eda por los trajes y las corbatas que luce ahora era, sobre el papel, el jefe de gabinete de Zelenski.<\/p>\n<p class=\"L6-news-detail__text\">Pero<b> las funciones que desempe\u00f1aba iban m\u00e1s all\u00e1 de lo que se espera del cargo<\/b>, lo que ha llevado a este exabogado y productor de cine, que de joven se abri\u00f3 camino como chico para todo de una discoteca frecuentada por oligarcas, a ser considerado el primer ministro de facto, el ministro de Exteriores y la \u00fanica persona capaz de influir en el presidente ucraniano.<\/p>\n<p class=\"L6-news-detail__text\">El registro de su vivienda y despacho ha obligado a Zelenski a prescindir finalmente de quien ha sido durante toda la guerra su hombre de la m\u00e1xima confianza.<\/p>\n<p class=\"L6-news-detail__text\">Entre los logros que avalaban a Yermak destaca haber negociado en 2019, cuando ya asesoraba a Zelenski pero a\u00fan no se hab\u00eda convertido en su sombra ni su jefe de gabinete, <b>un intercambio de prisioneros con Rusia<\/b> en el que regresaron m\u00e1s de treinta ucranianos capturados por los rebeldes prorrusos en el Donb\u00e1s.<\/p>\n<p class=\"L6-news-detail__text\">Su hoja de servicios no logr\u00f3 convencer, sin embargo, a gran parte de los ucranianos. Conscientes de las dificultades de cambiar de presidente en plena ley marcial, la mayor parte de los cr\u00edticos de Zelenski evitaban pedir su marcha y se conformaban con exigirle el cese de su mano derecha, que hoy se ha consumado.<\/p>\n<p class=\"L6-news-detail__text\"><b>A la espera de que se conozca si Yermak acaba siendo imputado, Zelenski ha decidido soltar lastr<\/b>e para no comprometer m\u00e1s su imagen dentro y fuera del pa\u00eds, en medio de unas negociaciones de paz con EEUU decisivas para el futuro de Ucrania. Yermak se hab\u00eda convertido en un s\u00edmbolo del estilo de gesti\u00f3n que, al menos hasta ahora, ha caracterizado a Zelenski.<\/p>\n<p class=\"L6-news-detail__text\"><b><a title=\"*Sigue a laSexta en Google. Toda la actualidad y el mejor contenido aqu\u00ed.\" href=\"https:\/\/profile.google.com\/cp\/CgkvbS8wZG5xejA\" target=\"_blank\" rel=\"nofollow noopener\">*Sigue a laSexta en Google. Toda la actualidad y el mejor contenido aqu\u00ed.<\/a><\/b><\/p>\n<p class=\"L6-support-news-video__title\">\u00daltima hora<\/p>\n<p>            <a href=\"https:\/\/www.lasexta.com\/noticias\/nacional\/abalos-koldo-supremo-directo-exministro-mano-derecha-enfrentan-entrar-prision_202511276927f84e55584d48fb5f025c.html\" class=\"L6-news__link\" rel=\"nofollow noopener\" target=\"_blank\"><br \/>\n                \u00daltima hora tras la prisi\u00f3n a \u00c1balos y Koldo, en directo | \u00c1balos y Koldo estar\u00e1n juntos en el m\u00f3dulo 13 de Soto del Real<\/p>\n<p class=\"recirculation-video-desc\">Los detalles El exministro Jos\u00e9 Luis \u00c1balos y su exasesor Koldo Garc\u00eda estar\u00e1n juntos en el m\u00f3dulo 13 de la prisi\u00f3n Soto del Real. Precisamente, el mismo m\u00f3dulo en el que estuvieron Cerd\u00e1n y Aldama.<\/p>\n<p>            <\/a><\/p>\n","protected":false},"excerpt":{"rendered":"Ha ca\u00eddo la mano derecha de Zelenski. \u00abLa Oficina del Presidente de Ucrania ser\u00e1 reiniciada. El jefe de&hellip;\n","protected":false},"author":2,"featured_media":260913,"comment_status":"","ping_status":"","sticky":false,"template":"","format":"standard","meta":{"footnotes":""},"categories":[42],"tags":[17,18,13,14,11,61,62,63,64,19,20,9,10,15,16,12,21,22,65,66,67],"class_list":{"0":"post-260912","1":"post","2":"type-post","3":"status-publish","4":"format-standard","5":"has-post-thumbnail","7":"category-internacional","8":"tag-breaking-news","9":"tag-breakingnews","10":"tag-featured-news","11":"tag-featurednews","12":"tag-headlines","13":"tag-internacional","14":"tag-international","15":"tag-international-news","16":"tag-internationalnews","17":"tag-latest-news","18":"tag-latestnews","19":"tag-news","20":"tag-noticias","21":"tag-noticias-destacadas","22":"tag-noticiasdestacadas","23":"tag-titulares","24":"tag-ultimas-noticias","25":"tag-ultimasnoticias","26":"tag-world","27":"tag-world-news","28":"tag-worldnews"},"share_on_mastodon":{"url":"https:\/\/pubeurope.com\/@es\/115629199664082311","error":""},"_links":{"self":[{"href":"https:\/\/www.europesays.com\/es\/wp-json\/wp\/v2\/posts\/260912","targetHints":{"allow":["GET"]}}],"collection":[{"href":"https:\/\/www.europesays.com\/es\/wp-json\/wp\/v2\/posts"}],"about":[{"href":"https:\/\/www.europesays.com\/es\/wp-json\/wp\/v2\/types\/post"}],"author":[{"embeddable":true,"href":"https:\/\/www.europesays.com\/es\/wp-json\/wp\/v2\/users\/2"}],"replies":[{"embeddable":true,"href":"https:\/\/www.europesays.com\/es\/wp-json\/wp\/v2\/comments?post=260912"}],"version-history":[{"count":0,"href":"https:\/\/www.europesays.com\/es\/wp-json\/wp\/v2\/posts\/260912\/revisions"}],"wp:featuredmedia":[{"embeddable":true,"href":"https:\/\/www.europesays.com\/es\/wp-json\/wp\/v2\/media\/260913"}],"wp:attachment":[{"href":"https:\/\/www.europesays.com\/es\/wp-json\/wp\/v2\/media?parent=260912"}],"wp:term":[{"taxonomy":"category","embeddable":true,"href":"https:\/\/www.europesays.com\/es\/wp-json\/wp\/v2\/categories?post=260912"},{"taxonomy":"post_tag","embeddable":true,"href":"https:\/\/www.europesays.com\/es\/wp-json\/wp\/v2\/tags?post=260912"}],"curies":[{"name":"wp","href":"https:\/\/api.w.org\/{rel}","templated":true}]}}