{"id":260914,"date":"2025-11-28T20:25:13","date_gmt":"2025-11-28T20:25:13","guid":{"rendered":"https:\/\/www.europesays.com\/es\/260914\/"},"modified":"2025-11-28T20:25:13","modified_gmt":"2025-11-28T20:25:13","slug":"agencia-espanola-de-seguridad-alimentaria-y-nutricion-11","status":"publish","type":"post","link":"https:\/\/www.europesays.com\/es\/260914\/","title":{"rendered":"Agencia Espa\u00f1ola de Seguridad Alimentaria y Nutrici\u00f3n"},"content":{"rendered":"<p align=\"right\">Fecha y hora: 28\/11\/2025 \u00a015:00<\/p>\n<tr>\n<td style=\" background-color: #D8D8D8; width: 100%;\">\n<p>\n                                        <b>La Agencia Espa\u00f1ola de Seguridad Alimentaria y Nutrici\u00f3n (AESAN) ha sido informada por la Comunidad Valenciana a trav\u00e9s del Sistema Coordinado de Intercambio R\u00e1pido de Informaci\u00f3n (SCIRI), de la posible presencia de part\u00edculas met\u00e1licas en bocaditos de la marca Snatt\u00b4s con fecha de caducidad 07\/11\/2026.<\/b>\n                                    <\/p>\n<p>\n                                        <b>Se recomienda a las personas que tengan en su domicilio los productos incluidos en esta alerta se abstengan de consumirlos.<\/b>\n                                    <\/p>\n<\/td>\n<\/tr>\n<p>La Agencia Espa\u00f1ola de Seguridad Alimentaria y Nutrici\u00f3n ha tenido conocimiento a trav\u00e9s del Sistema Coordinado de Intercambio R\u00e1pido de Informaci\u00f3n (SCIRI), de una notificaci\u00f3n de alerta trasladada por las autoridades sanitarias de la Comunidad Valenciana relativa a la posible presencia de part\u00edculas met\u00e1licas en bocaditos de tomate y or\u00e9gano.<\/p>\n<p>La informaci\u00f3n que aqu\u00ed se incluye es resultante del autocontrol de la propia empresa, que ha comunicado la incidencia a las autoridades competentes, en cumplimiento de la legislaci\u00f3n y a fin de no poner a disposici\u00f3n de la poblaci\u00f3n alimentos no seguros.<\/p>\n<p>Los datos del producto implicado son:<\/p>\n<ul>\n<li>Nombre del producto: Bocaditos tomate &amp; or\u00e9gano<\/li>\n<li>Nombre de marca: Snatt\u00b4s<\/li>\n<li>Aspecto del producto: Envasado en bolsa<\/li>\n<li>N\u00famero de lote: 68708<\/li>\n<li>Fecha de caducidad: 07\/11\/26<\/li>\n<li>C\u00f3digo de barras: 8413164023198<\/li>\n<li>Peso de unidad: 80 g<\/li>\n<li>Temperatura: Ambiente<\/li>\n<\/ul>\n<p>Se adjuntan im\u00e1genes disponibles.<\/p>\n<p>\n                        <img decoding=\"async\" alt=\"Producto alertado\" src=\"https:\/\/www.europesays.com\/es\/wp-content\/uploads\/2025\/11\/snack_tomate_28112025.png\"\/><\/p>\n<p>Seg\u00fan la informaci\u00f3n disponible, la distribuci\u00f3n ha sido a las comunidades aut\u00f3nomas de Andaluc\u00eda, Cantabria, Catalu\u00f1a, Castilla la Mancha y Comunidad Valenciana.<\/p>\n<p>Esta informaci\u00f3n ha sido trasladada a las autoridades competentes de las comunidades aut\u00f3nomas a trav\u00e9s del Sistema Coordinado de Intercambio R\u00e1pido de Informaci\u00f3n (SCIRI), con el objeto de que se verifique la retirada de los productos afectados de los canales de comercializaci\u00f3n.<\/p>\n<p>Se recomienda a las personas que tengan en su domicilio productos afectados por esta alerta, se abstengan de consumirlos<\/p>\n<p class=\"all\">\n                        <a href=\"https:\/\/www.aesan.gob.es\/AECOSAN\/web\/seguridad_alimentaria\/alertas_alimentarias\/listado\/aecosan_listado_alertas_alimentarias.htm\" rel=\"nofollow noopener\" target=\"_blank\"> Ver todas las Alertas Alimentarias de Al\u00e9rgenos<\/a>\n                    <\/p>\n","protected":false},"excerpt":{"rendered":"Fecha y hora: 28\/11\/2025 \u00a015:00 La Agencia Espa\u00f1ola de Seguridad Alimentaria y Nutrici\u00f3n (AESAN) ha sido informada por&hellip;\n","protected":false},"author":2,"featured_media":260915,"comment_status":"","ping_status":"","sticky":false,"template":"","format":"standard","meta":{"footnotes":""},"categories":[8],"tags":[17,18,25,24,13,14,11,19,20,9,10,15,16,23,12,21,22],"class_list":{"0":"post-260914","1":"post","2":"type-post","3":"status-publish","4":"format-standard","5":"has-post-thumbnail","7":"category-espana","8":"tag-breaking-news","9":"tag-breakingnews","10":"tag-es","11":"tag-espana","12":"tag-featured-news","13":"tag-featurednews","14":"tag-headlines","15":"tag-latest-news","16":"tag-latestnews","17":"tag-news","18":"tag-noticias","19":"tag-noticias-destacadas","20":"tag-noticiasdestacadas","21":"tag-spain","22":"tag-titulares","23":"tag-ultimas-noticias","24":"tag-ultimasnoticias"},"share_on_mastodon":{"url":"https:\/\/pubeurope.com\/@es\/115629203893897682","error":""},"_links":{"self":[{"href":"https:\/\/www.europesays.com\/es\/wp-json\/wp\/v2\/posts\/260914","targetHints":{"allow":["GET"]}}],"collection":[{"href":"https:\/\/www.europesays.com\/es\/wp-json\/wp\/v2\/posts"}],"about":[{"href":"https:\/\/www.europesays.com\/es\/wp-json\/wp\/v2\/types\/post"}],"author":[{"embeddable":true,"href":"https:\/\/www.europesays.com\/es\/wp-json\/wp\/v2\/users\/2"}],"replies":[{"embeddable":true,"href":"https:\/\/www.europesays.com\/es\/wp-json\/wp\/v2\/comments?post=260914"}],"version-history":[{"count":0,"href":"https:\/\/www.europesays.com\/es\/wp-json\/wp\/v2\/posts\/260914\/revisions"}],"wp:featuredmedia":[{"embeddable":true,"href":"https:\/\/www.europesays.com\/es\/wp-json\/wp\/v2\/media\/260915"}],"wp:attachment":[{"href":"https:\/\/www.europesays.com\/es\/wp-json\/wp\/v2\/media?parent=260914"}],"wp:term":[{"taxonomy":"category","embeddable":true,"href":"https:\/\/www.europesays.com\/es\/wp-json\/wp\/v2\/categories?post=260914"},{"taxonomy":"post_tag","embeddable":true,"href":"https:\/\/www.europesays.com\/es\/wp-json\/wp\/v2\/tags?post=260914"}],"curies":[{"name":"wp","href":"https:\/\/api.w.org\/{rel}","templated":true}]}}