{"id":260916,"date":"2025-11-28T20:26:16","date_gmt":"2025-11-28T20:26:16","guid":{"rendered":"https:\/\/www.europesays.com\/es\/260916\/"},"modified":"2025-11-28T20:26:16","modified_gmt":"2025-11-28T20:26:16","slug":"sanidad-alerta-ante-la-epidemia-de-gripe-y-pedira-a-las-comunidades-el-uso-obligatorio-de-mascarilla-en-centros-de-salud-y-mayores","status":"publish","type":"post","link":"https:\/\/www.europesays.com\/es\/260916\/","title":{"rendered":"Sanidad alerta ante la epidemia de gripe y pedir\u00e1 a las Comunidades el uso obligatorio de mascarilla en centros de salud y mayores"},"content":{"rendered":"<p class=\"c-paragraph\">La <a href=\"https:\/\/www.20minutos.es\/tags\/autores\/monica-garcia.html\" title=\"M\u00f3nica Garc\u00eda\" rel=\"nofollow noopener\" target=\"_blank\">ministra de Sanidad, M\u00f3nica Garc\u00eda<\/a>, ha asegurado este viernes haber recibido el compromiso de las comunidades para apoyar el protocolo com\u00fan de actuaciones frente a la <a href=\"https:\/\/www.20minutos.es\/tags\/temas\/gripe.html\" title=\"Gripe\" rel=\"nofollow noopener\" target=\"_blank\">gripe<\/a> el pr\u00f3ximo 3 de diciembre que recupera, entre otras medidas,<b> el uso obligatorio de mascarilla en hospitales<\/b> en situaci\u00f3n de m\u00e1ximo riesgo.<\/p>\n<p class=\"c-paragraph\">En la rueda de prensa posterior al Consejo Interterritorial, la ministra ha confiado en que los consejeros del <a href=\"https:\/\/www.20minutos.es\/tags\/temas\/partido-popular.html\" title=\"Partido-popular\" rel=\"nofollow noopener\" target=\"_blank\">Partido Popular<\/a> \u00abno van a anteponer este a\u00f1o, una vez m\u00e1s, sus intereses pol\u00edticos por encima de la salud de la poblaci\u00f3n\u00bb como ya hicieron la temporada pasada al vetar el plan com\u00fan que consensuaron los t\u00e9cnicos del Ministerio y las comunidades, ha dicho.<\/p>\n<p class=\"c-paragraph\">La Comisi\u00f3n de Salud P\u00fablica dar\u00e1 el veredicto final en su reuni\u00f3n del pr\u00f3ximo 3 de diciembre sobre el protocolo que, en esencia, <b>es el mismo que se elabor\u00f3 para la temporada pasada<\/b> y al que en estos meses se le han introducido peque\u00f1as modificaciones a instancias de las comunidades, por ejemplo de metodolog\u00eda, que no afectan al sentido de las medidas.<\/p>\n<p class=\"c-paragraph\">Mantiene as\u00ed, por ejemplo, el <b>endurecimiento gradual del uso de mascarilla en espacios sanitarios<\/b> y sociosanitarios, que pasar\u00e1 de recomendada a obligatoria en los niveles m\u00e1ximos de riesgo, algo que la ministra ha defendido firmemente: \u00abYo lo siento mucho, pero a partir de ahora el que tenga s\u00edntomas de catarro se deber\u00eda poner, de manera responsable, una mascarilla\u00bb.<\/p>\n<p class=\"c-paragraph\">\u00abEsto es muy muy sencillo, lo voy a contar como ministra: llegas a un centro sanitario, te pones la mascarilla, sales del centro sanitario, te la quitas, y as\u00ed proteges a los pacientes, proteges a los profesionales y te proteges a ti mismo\u00bb, ha resumido.<\/p>\n<p>El protocolo se adaptar\u00e1 a cada comunidad<\/p>\n<p class=\"c-paragraph\">No obstante, ha querido matizar que <b>el protocolo es flexible,<\/b> en funci\u00f3n de la situaci\u00f3n epidemiol\u00f3gica de cada comunidad, de modo que ha querido dejar claro que \u00abel uso de la mascarilla ser\u00e1 una recomendaci\u00f3n o ser\u00e1 una obligaci\u00f3n en funci\u00f3n del escenario que cada una vaya adquiriendo\u00bb.<\/p>\n<p class=\"c-paragraph\">\u00abSi estamos en un escenario de m\u00e1ximo riesgo, en el que la mascarilla, seg\u00fan el protocolo, tiene que ser obligatoria, por ejemplo, para ir a <b>centros de salud, a hospitales o a residencias de mayores <\/b>o por parte de profesionales sanitarios, entiendo que las comunidades no se van a negar a seguir ese protocolo\u00bb, ha se\u00f1alado.<\/p>\n<p class=\"c-paragraph\">En cualquier caso, adem\u00e1s, se trata de un protocolo que ya algunas comunidades han procedido a implantar, <a href=\"https:\/\/www.20minutos.es\/aragon\/azcon-anuncia-mascarillas-obligatorias-centros-sanitarios-aragon-para-frenar-gripe-es-un-problema-serio_6902549_0.html\" title=\"Arag\u00f3n contempla el regreso de las mascarillas en centros sanitarios para frenar la gripe: &quot;Es un problema serio&quot;\" rel=\"nofollow noopener\" target=\"_blank\">como ha sido recientemente Arag\u00f3n<\/a>, que ha abierto la puerta a la mascarilla obligatoria en sus centros sanitarios.<\/p>\n<p class=\"c-paragraph\">Sanidad cree que es ahora el momento de establecer este plan com\u00fan antes de que <a href=\"https:\/\/www.20minutos.es\/nacional\/gripe-ya-es-epidemia-espana-se-ceba-con-los-ninos-1-4-anos-entre-los-que-se-doblan-los-contagios-una-semana_6903569_0.html\" title=\"La gripe ya es &quot;epidemia&quot; en Espa\u00f1a y se ceba sobre todo con los ni\u00f1os de 1 a 4 a\u00f1os que duplican los contagios en una semana\" rel=\"nofollow noopener\" target=\"_blank\">la curva de la gripe, que ya ha entrado en la fase de epidemia<\/a>, y otros virus respiratorios en circulaci\u00f3n -la covid-19 y el sincitial respiratorio- siga subiendo y acabe colapsando el sistema como ocurre todos los inviernos.<\/p>\n<p class=\"c-paragraph\">M\u00e1s a\u00fan cuando la temporada se ha precipitado respecto a otros a\u00f1os y parece m\u00e1s intensa que las anteriores: \u00abEs urgente y es importante, dado que <b>se ha adelantado la epidemia de la gripe<\/b>, que nos pongamos a trabajar al un\u00edsono para intentar minimizar los efectos\u00bb, ha incidido.<\/p>\n<p class=\"c-paragraph\">No obstante, ha reconocido que \u00abel hist\u00f3rico nos dice que l<b>os hospitales nunca est\u00e1n preparados\u00bb<\/b> para el incremento de contagios. \u00abEl sistema nunca est\u00e1 preparado para una epidemia en la que no hemos actuado, esto es una ense\u00f1anza de primer orden de la pandemia\u00bb.<\/p>\n<p class=\"c-paragraph\">Por ello, \u00abcuanto antes actuemos y cuanto antes pongamos las medidas de contenci\u00f3n, menor n\u00famero de ingresos y de colapso o saturaci\u00f3n de nuestro sistema sanitario\u00bb, ha recalcado.<\/p>\n","protected":false},"excerpt":{"rendered":"La ministra de Sanidad, M\u00f3nica Garc\u00eda, ha asegurado este viernes haber recibido el compromiso de las comunidades para&hellip;\n","protected":false},"author":2,"featured_media":260917,"comment_status":"","ping_status":"","sticky":false,"template":"","format":"standard","meta":{"footnotes":""},"categories":[5],"tags":[17,18,21303,25,24,13,14,7749,11,19,20,58057,9,10,15,16,14936,44430,1811,23,12,21,22,4220],"class_list":{"0":"post-260916","1":"post","2":"type-post","3":"status-publish","4":"format-standard","5":"has-post-thumbnail","7":"category-titulares","8":"tag-breaking-news","9":"tag-breakingnews","10":"tag-epidemia","11":"tag-es","12":"tag-espana","13":"tag-featured-news","14":"tag-featurednews","15":"tag-gripe","16":"tag-headlines","17":"tag-latest-news","18":"tag-latestnews","19":"tag-mascarillas","20":"tag-news","21":"tag-noticias","22":"tag-noticias-destacadas","23":"tag-noticiasdestacadas","24":"tag-obligatorio","25":"tag-recuperara","26":"tag-sanidad","27":"tag-spain","28":"tag-titulares","29":"tag-ultimas-noticias","30":"tag-ultimasnoticias","31":"tag-uso"},"share_on_mastodon":{"url":"https:\/\/pubeurope.com\/@es\/115629207301057035","error":""},"_links":{"self":[{"href":"https:\/\/www.europesays.com\/es\/wp-json\/wp\/v2\/posts\/260916","targetHints":{"allow":["GET"]}}],"collection":[{"href":"https:\/\/www.europesays.com\/es\/wp-json\/wp\/v2\/posts"}],"about":[{"href":"https:\/\/www.europesays.com\/es\/wp-json\/wp\/v2\/types\/post"}],"author":[{"embeddable":true,"href":"https:\/\/www.europesays.com\/es\/wp-json\/wp\/v2\/users\/2"}],"replies":[{"embeddable":true,"href":"https:\/\/www.europesays.com\/es\/wp-json\/wp\/v2\/comments?post=260916"}],"version-history":[{"count":0,"href":"https:\/\/www.europesays.com\/es\/wp-json\/wp\/v2\/posts\/260916\/revisions"}],"wp:featuredmedia":[{"embeddable":true,"href":"https:\/\/www.europesays.com\/es\/wp-json\/wp\/v2\/media\/260917"}],"wp:attachment":[{"href":"https:\/\/www.europesays.com\/es\/wp-json\/wp\/v2\/media?parent=260916"}],"wp:term":[{"taxonomy":"category","embeddable":true,"href":"https:\/\/www.europesays.com\/es\/wp-json\/wp\/v2\/categories?post=260916"},{"taxonomy":"post_tag","embeddable":true,"href":"https:\/\/www.europesays.com\/es\/wp-json\/wp\/v2\/tags?post=260916"}],"curies":[{"name":"wp","href":"https:\/\/api.w.org\/{rel}","templated":true}]}}