{"id":260920,"date":"2025-11-28T20:32:09","date_gmt":"2025-11-28T20:32:09","guid":{"rendered":"https:\/\/www.europesays.com\/es\/260920\/"},"modified":"2025-11-28T20:32:09","modified_gmt":"2025-11-28T20:32:09","slug":"premios-btt-y-trail-soria-la-diputacion-reparte-12-600e","status":"publish","type":"post","link":"https:\/\/www.europesays.com\/es\/260920\/","title":{"rendered":"Premios BTT y Trail Soria: la Diputaci\u00f3n reparte 12.600\u20ac"},"content":{"rendered":"<p class=\"prip\">El Palacio Provincial ha acogido esta tarde la ceremonia de clausura y entrega de premios de la primera edici\u00f3n de los Circuitos Provinciales de BTT y Trail Running <strong>\u2018Soria puro ox\u00edgeno\u2019<\/strong>. El acto, presidido por Benito Serrano junto al diputado de Deportes, Sergio Fr\u00edas, ha servido para reconocer el rendimiento de los <strong>22 atletas ganadores<\/strong> que han completado el calendario de competici\u00f3n a lo largo de 2025.<\/p>\n<p>La instituci\u00f3n provincial ha destinado una partida total de <strong>12.600 euros<\/strong> para estos galardones, que buscan premiar no solo los resultados deportivos, sino tambi\u00e9n la constancia y el compromiso de los participantes con el entorno natural soriano. Durante el evento, tambi\u00e9n se ha puesto en valor el trabajo fundamental de los <strong>clubes y entidades organizadoras<\/strong> que hacen posible el desarrollo de estas pruebas en el medio rural.<\/p>\n<p>\u00abGracias al trabajo y la constancia demostrada a lo largo del a\u00f1o, estas carreras sit\u00faan a la provincia de Soria en el mapa nacional del turismo deportivo y de naturaleza, convirtiendo a nuestros pueblos en referentes para numerosos deportistas\u00bb, <strong>destac\u00f3 Benito Serrano<\/strong> durante su intervenci\u00f3n ante los asistentes, entre los que se encontraban familiares, voluntarios y organizadores.<\/p>\n<p>\u00bfQui\u00e9nes son los ganadores de 2025?<\/p>\n<p>El palmar\u00e9s de esta primera edici\u00f3n refleja el alto nivel competitivo de la provincia. En la modalidad de <strong>BTT<\/strong>, los premios se han distribuido en diferentes categor\u00edas, destacando \u00d3scar Aguilera y Celia de Pedro en la categor\u00eda s\u00e9nior.<\/p>\n<p>El cuadro de honor en <strong>bicicleta de monta\u00f1a<\/strong> es el siguiente:<\/p>\n<ul>\n<li><strong>Categor\u00eda s\u00e9nior masculina:<\/strong> \u00d3scar Aguilera Royo (1.000 \u20ac), Sergio Aroz Alonso (500 \u20ac) y Jos\u00e9 Lastra Bah\u00f3n (250 \u20ac). Adri\u00e1n Gallego Gallego ha sido el primer soriano (500 \u20ac).<\/li>\n<p>&#13;<\/p>\n<li><strong>Categor\u00eda s\u00e9nior femenina:<\/strong> Celia de Pedro Asenjo (1.000 \u20ac).<\/li>\n<p>&#13;<\/p>\n<li><strong>Categor\u00eda m\u00e1ster masculina:<\/strong> Dario Angulo Garc\u00eda (500 \u20ac), Jorge Parra Garc\u00eda (250 \u20ac) y Jes\u00fas Mart\u00ednez Fr\u00edas (150 \u20ac). Rafael San Quirico Ramos recibe el premio al primer soriano (500 \u20ac).<\/li>\n<p>&#13;<\/p>\n<li><strong>Categor\u00eda m\u00e1ster femenina:<\/strong> Naty Larriba Mar\u00edn (500 \u20ac).<\/li>\n<p>&#13;\n<\/ul>\n<p>Por su parte, en la modalidad de <strong>Trail Running<\/strong>, Jord\u00e1n L\u00e1zaro y Bego\u00f1a Pe\u00f1a se han alzado con los primeros puestos de la clasificaci\u00f3n general:<\/p>\n<ul>\n<li><strong>Categor\u00eda s\u00e9nior masculina:<\/strong> Jord\u00e1n L\u00e1zaro Utrilla (1.000 \u20ac), Fernando Bocigas Mart\u00edn (500 \u20ac) y Rafael Pardo Hernando (250 \u20ac). El reconocimiento al primer soriano ha sido para Edgar Val Cant\u00f3n (500 \u20ac).<\/li>\n<p>&#13;<\/p>\n<li><strong>Categor\u00eda s\u00e9nior femenina:<\/strong> Bego\u00f1a Pe\u00f1a Aylagas (1.000 \u20ac).<\/li>\n<p>&#13;<\/p>\n<li><strong>Categor\u00eda m\u00e1ster masculina:<\/strong> C\u00e9sar Giaquinta Miech (500 \u20ac), Josu\u00e9 Pardo P\u00e9rez (250 \u20ac) y Rub\u00e9n Pe\u00f1aranda Esteban (150 \u20ac). Denys Oriol Casaled Marcos ha sido el primer soriano (500 \u20ac).<\/li>\n<p>&#13;<\/p>\n<li><strong>Categor\u00eda m\u00e1ster femenina:<\/strong> Ana Garc\u00eda Miguel (500 \u20ac) y Virginia Quelcca Mamani (250 \u20ac). Laura Gallardo Garc\u00eda ha obtenido el premio a la primera soriana (500 \u20ac).<\/li>\n<p>&#13;\n<\/ul>\n<p>\u00bfQu\u00e9 pruebas han formado parte del circuito?<\/p>\n<p>El \u00e9xito de esta iniciativa radica en la diversidad de paisajes y terrenos que ofrecen las pruebas seleccionadas. El calendario de <strong>Trail Running<\/strong> ha incluido competiciones emblem\u00e1ticas como el Desaf\u00edo Urbi\u00f3n, la Subida al Palillo, el Kil\u00f3metro Vertical Neveros, el Cerco a los 7 Infantes, Soria Puro Ox\u00edgeno (Quintana Redonda), Arganza Trail, Traves\u00eda Alto Duero, Tierra de Frontera y el Trail del Jal\u00f3n.<\/p>\n<p>En cuanto al circuito de <strong>BTT<\/strong>, los ciclistas han recorrido la provincia a trav\u00e9s de marchas como el Desaf\u00edo BTT Manzanas de Soria, La Garre\u00f1a Ped\u00e1nea, San Leonardo Bike Race, BTT Golmayo, BTT Memorial Iv\u00e1n Herrero, Sendas del Duero, 7 Muros Pozalmuro y Tronchaberezos.<\/p>\n<p>Un impulso al turismo activo<\/p>\n<p>M\u00e1s all\u00e1 de la competici\u00f3n, la Diputaci\u00f3n de Soria concibe este proyecto como una herramienta estrat\u00e9gica para la <strong>dinamizaci\u00f3n del territorio<\/strong>. Las pruebas, que discurren por sierras, ca\u00f1ones, pinares y cascos urbanos, fomentan un modelo de turismo sostenible y respetuoso con el medio ambiente.<\/p>\n<p>El presidente provincial subray\u00f3 la importancia del <strong>ambiente de convivencia<\/strong> que se genera en cada jornada, reuniendo a vecinos y visitantes en torno a los valores del deporte. Con la consolidaci\u00f3n de estos circuitos, la instituci\u00f3n reafirma su compromiso de mantener viva la actividad en los pueblos a trav\u00e9s del deporte al aire libre.<\/p>\n","protected":false},"excerpt":{"rendered":"El Palacio Provincial ha acogido esta tarde la ceremonia de clausura y entrega de premios de la primera&hellip;\n","protected":false},"author":2,"featured_media":260921,"comment_status":"","ping_status":"","sticky":false,"template":"","format":"standard","meta":{"footnotes":""},"categories":[273],"tags":[65161,313,56319,312,168,7821,25,24,1557,6611,16335,23,167,18042],"class_list":{"0":"post-260920","1":"post","2":"type-post","3":"status-publish","4":"format-standard","5":"has-post-thumbnail","7":"category-ciclismo","8":"tag-12-600","9":"tag-ciclismo","10":"tag-circuitos","11":"tag-cycling","12":"tag-deportes","13":"tag-diputacion","14":"tag-es","15":"tag-espana","16":"tag-euros","17":"tag-ganadores","18":"tag-premia","19":"tag-spain","20":"tag-sports","21":"tag-trail"},"share_on_mastodon":{"url":"https:\/\/pubeurope.com\/@es\/115629230846297195","error":""},"_links":{"self":[{"href":"https:\/\/www.europesays.com\/es\/wp-json\/wp\/v2\/posts\/260920","targetHints":{"allow":["GET"]}}],"collection":[{"href":"https:\/\/www.europesays.com\/es\/wp-json\/wp\/v2\/posts"}],"about":[{"href":"https:\/\/www.europesays.com\/es\/wp-json\/wp\/v2\/types\/post"}],"author":[{"embeddable":true,"href":"https:\/\/www.europesays.com\/es\/wp-json\/wp\/v2\/users\/2"}],"replies":[{"embeddable":true,"href":"https:\/\/www.europesays.com\/es\/wp-json\/wp\/v2\/comments?post=260920"}],"version-history":[{"count":0,"href":"https:\/\/www.europesays.com\/es\/wp-json\/wp\/v2\/posts\/260920\/revisions"}],"wp:featuredmedia":[{"embeddable":true,"href":"https:\/\/www.europesays.com\/es\/wp-json\/wp\/v2\/media\/260921"}],"wp:attachment":[{"href":"https:\/\/www.europesays.com\/es\/wp-json\/wp\/v2\/media?parent=260920"}],"wp:term":[{"taxonomy":"category","embeddable":true,"href":"https:\/\/www.europesays.com\/es\/wp-json\/wp\/v2\/categories?post=260920"},{"taxonomy":"post_tag","embeddable":true,"href":"https:\/\/www.europesays.com\/es\/wp-json\/wp\/v2\/tags?post=260920"}],"curies":[{"name":"wp","href":"https:\/\/api.w.org\/{rel}","templated":true}]}}