{"id":260922,"date":"2025-11-28T20:34:13","date_gmt":"2025-11-28T20:34:13","guid":{"rendered":"https:\/\/www.europesays.com\/es\/260922\/"},"modified":"2025-11-28T20:34:13","modified_gmt":"2025-11-28T20:34:13","slug":"las-dudas-de-lebron-as-com","status":"publish","type":"post","link":"https:\/\/www.europesays.com\/es\/260922\/","title":{"rendered":"Las dudas de LeBron &#8211; AS.com"},"content":{"rendered":"<p class=\"\">LeBron James est\u00e1 inmerso en su 23\u00aa temporada en la NBA, lo que le convierte de forma oficial en el jugador que m\u00e1s ha disputado de la historia en solitario, dejando atr\u00e1s a Vince Carter. <b>Camino de los 41 a\u00f1os, que cumplir\u00e1 el pr\u00f3ximo 30 de diciembre<\/b>, la estrella sigue en una forma envidiable para su edad, lo que le convierte en uno de los deportistas con mejor nivel en esta longevidad de todos los tiempos. Sigue batiendo r\u00e9cords, sigue a un gran nivel y sigue jugando al baloncesto, esquivando de todas las formas posibles e imaginables <a href=\"https:\/\/as.com\/baloncesto\/nba\/lebron-james-y-la-increible-capacidad-para-vacilar-al-mundo-entero-f202510-n\/\" target=\"_self\" rel=\"nofollow noopener\" title=\"https:\/\/as.com\/baloncesto\/nba\/lebron-james-y-la-increible-capacidad-para-vacilar-al-mundo-entero-f202510-n\/\"><b>una retirada que nunca llega a pesar de los amagos<\/b><\/a> y sin ser para nada un estorbo, sino un jugador que aporta m\u00e1s que la mayor\u00eda y que tiene una sapiencia y un conocimiento del juego como pocos antes que \u00e9l. Generacional y \u00fanico, se mire por donde se mire.<\/p>\n<p class=\"\">Ahora bien, todo llega y LeBron tiene ahora dos vertientes abiertas: por un lado, diversas fuentes han asegurado que la estrella todav\u00eda no tiene claro si esta ser\u00e1 o no su \u00faltima temporada en activo. <b>En alg\u00fan momento tendr\u00e1 lugar el final del camino<\/b> y parece que el Rey no descarta decir adi\u00f3s al finalizar el curso baloncest\u00edstico 2025-26 de la NBA. Eso s\u00ed, todav\u00eda no hay nada oficial y hay una cosa que debe ser tenida en cuenta: ser\u00eda muy raro, teniendo en cuenta la personalidad y el historial de James, que decidiera decir adi\u00f3s sin su particular farewell tour, <b>esa gira de despedida en la que ser\u00eda ovacionado all\u00e1 donde pasara<\/b>. Pero este es su \u00faltimo a\u00f1o de contrato (cobrar\u00e1 m\u00e1s de 50 millones de d\u00f3lares) y nadie sabe nada de su futuro. Ah\u00ed queda eso.<\/p>\n<p class=\"\">Por otro, las dudas de LeBron (y de su eterno entorno, que aparece hasta en la sopa) consiste en los descansos. La estrella se perdi\u00f3 los primeros 14 partidos de regular season por problemas f\u00edsicos <b>y sin empezar en la jornada inaugural por primera vez en su carrera<\/b>. A los Lakers les quedan 65 partidos por delante. Y James deber\u00e1 disputar al menos 62 de ellos para ser elegible para los premios de final de temporada seg\u00fan lo establecido en el \u00faltimo convenio. Es decir, s\u00f3lo se puede permitir tres ausencias m\u00e1s. Algo que no afecta al All Star, pero s\u00ed a todo lo dem\u00e1s. Mientras hablamos de un jugador que <b>el a\u00f1o pasado entr\u00f3 en el Segundo Mejor Quinteto y que qued\u00f3 sexto en las votaciones para el MVP<\/b>, disputando la friolera de 70 encuentros con 40 primaveras. Casi nada. <\/p>\n<p>Noticias relacionadas<\/p>\n<p class=\"\">Ahora bien, el Rey tendr\u00e1 que sopesar. Las distinciones son el pan de cada d\u00eda de la NBA, pero seguramente ni llegando a la m\u00e1gica cifra de 65 asaltos optar\u00eda a nada, <b>aunque promedia 17,7 puntos,5 rebotes y 8,7 asistencias<\/b> y en el \u00faltimo partido de los Lakers se fue a un 25+6+6 y su nivel podr\u00eda ir en ascenso. Pero LeBron podr\u00eda optar, si es que evita lesiones, por descansar para llegar fresco a los playoffs. Al fin y al cabo, <a href=\"https:\/\/as.com\/baloncesto\/nba\/los-lakers-de-luka-doncic-y-si-si-f202511-n\/\" target=\"_self\" rel=\"nofollow noopener\" title=\"https:\/\/as.com\/baloncesto\/nba\/los-lakers-de-luka-doncic-y-si-si-f202511-n\/\"><b>los angelinos est\u00e1n 13-4, segundos de la Conferencia Oeste<\/b><\/a>, invictos en la NBA Cup (y clasificados para los cuartos de final) y con motivos para ser optimistas, algo que suelen ser casi por tradici\u00f3n. \u00bfQu\u00e9 har\u00e1 entonces la estrella? Veremos. Quiz\u00e1 descanse para estar bien al final. O no. Con \u00e9l, nunca se sabe. O quiz\u00e1 se acabe retirando. <b>El debate interno es consigo mismo<\/b>. Son, en \u00faltima instancia, las dudas de LeBron.<\/p>\n<p class=\"\"><b>\u00a1Tus opiniones importan!<\/b> Comenta en los art\u00edculos y suscr\u00edbete gratis a nuestra <a href=\"https:\/\/asfan.as.com\/newsletters\/\" target=\"_blank\" rel=\"nofollow noopener\" title=\"https:\/\/asfan.as.com\/newsletters\/\">newsletter<\/a> y a las alertas informativas en la <a href=\"https:\/\/as.com\/aplicacion-de-as-n\/\" target=\"_blank\" rel=\"nofollow noopener\" title=\"https:\/\/as.com\/aplicacion-de-as-n\/\">App<\/a> o el canal de <a href=\"https:\/\/www.whatsapp.com\/channel\/0029VaAasdA7j6g745nz9M10\" target=\"_blank\" rel=\"nofollow noopener\" title=\"https:\/\/www.whatsapp.com\/channel\/0029VaAasdA7j6g745nz9M10\">WhatsApp<\/a>. \u00bfBuscas licenciar contenido? Haz clic <a href=\"https:\/\/profesional.elpais.com\/soluciones-sindicacion?utm_medium=interno&amp;utm_source=crosslinking&amp;utm_campaign=sindicacion_as_pie_articulos\" target=\"_blank\" rel=\"nofollow noopener\" title=\"https:\/\/profesional.elpais.com\/soluciones-sindicacion?utm_medium=interno&amp;utm_source=crosslinking&amp;utm_campaign=sindicacion_as_pie_articulos\">aqu\u00ed<\/a><\/p>\n","protected":false},"excerpt":{"rendered":"LeBron James est\u00e1 inmerso en su 23\u00aa temporada en la NBA, lo que le convierte de forma oficial&hellip;\n","protected":false},"author":2,"featured_media":260923,"comment_status":"","ping_status":"","sticky":false,"template":"","format":"standard","meta":{"footnotes":""},"categories":[269],"tags":[299,298,168,25,24,23,167],"class_list":{"0":"post-260922","1":"post","2":"type-post","3":"status-publish","4":"format-standard","5":"has-post-thumbnail","7":"category-baloncesto","8":"tag-baloncesto","9":"tag-basketball","10":"tag-deportes","11":"tag-es","12":"tag-espana","13":"tag-spain","14":"tag-sports"},"share_on_mastodon":{"url":"https:\/\/pubeurope.com\/@es\/115629238828671616","error":""},"_links":{"self":[{"href":"https:\/\/www.europesays.com\/es\/wp-json\/wp\/v2\/posts\/260922","targetHints":{"allow":["GET"]}}],"collection":[{"href":"https:\/\/www.europesays.com\/es\/wp-json\/wp\/v2\/posts"}],"about":[{"href":"https:\/\/www.europesays.com\/es\/wp-json\/wp\/v2\/types\/post"}],"author":[{"embeddable":true,"href":"https:\/\/www.europesays.com\/es\/wp-json\/wp\/v2\/users\/2"}],"replies":[{"embeddable":true,"href":"https:\/\/www.europesays.com\/es\/wp-json\/wp\/v2\/comments?post=260922"}],"version-history":[{"count":0,"href":"https:\/\/www.europesays.com\/es\/wp-json\/wp\/v2\/posts\/260922\/revisions"}],"wp:featuredmedia":[{"embeddable":true,"href":"https:\/\/www.europesays.com\/es\/wp-json\/wp\/v2\/media\/260923"}],"wp:attachment":[{"href":"https:\/\/www.europesays.com\/es\/wp-json\/wp\/v2\/media?parent=260922"}],"wp:term":[{"taxonomy":"category","embeddable":true,"href":"https:\/\/www.europesays.com\/es\/wp-json\/wp\/v2\/categories?post=260922"},{"taxonomy":"post_tag","embeddable":true,"href":"https:\/\/www.europesays.com\/es\/wp-json\/wp\/v2\/tags?post=260922"}],"curies":[{"name":"wp","href":"https:\/\/api.w.org\/{rel}","templated":true}]}}