{"id":260924,"date":"2025-11-28T20:35:08","date_gmt":"2025-11-28T20:35:08","guid":{"rendered":"https:\/\/www.europesays.com\/es\/260924\/"},"modified":"2025-11-28T20:35:08","modified_gmt":"2025-11-28T20:35:08","slug":"laporta-estalla-contra-el-real-madrid-todos-los-detalles","status":"publish","type":"post","link":"https:\/\/www.europesays.com\/es\/260924\/","title":{"rendered":"Laporta estalla contra el Real Madrid: todos los detalles"},"content":{"rendered":"<p data-gtm-element-container=\"modulo-texto-link\" class=\"paragraph\"><strong>Joan Laporta <\/strong>aprovech\u00f3 un acto en <strong>Andorra <\/strong>para lanzar una respuesta firme a las palabras de <strong>Florentino P\u00e9rez <\/strong>en la <strong>Asamblea de Compromisarios <\/strong>del <strong>Real Madrid<\/strong>. El presidente azulgrana introdujo el concepto de \u00ab<strong>Barcelonitis<\/strong>\u201d para denunciar la constante referencia al <strong>Bar\u00e7a <\/strong>desde el club blanco y acus\u00f3 al <strong>Madrid <\/strong>de temer un nuevo periodo de esplendor cul\u00e9.\u00a0<\/p>\n<p data-gtm-element-container=\"modulo-texto-link\" class=\"paragraph\">Laporta defendi\u00f3 que no permitir\u00e1 que se ensucie la imagen del <strong>Bar\u00e7a <\/strong>y se\u00f1al\u00f3 directamente a <strong>Real Madrid TV <\/strong>y a los expresidentes del <strong>Comit\u00e9 T\u00e9cnico de \u00c1rbitros <\/strong>con pasado madridista en el marco del caso <strong>Negreira<\/strong>.<\/p>\n<p data-gtm-element-container=\"modulo-texto-link\" class=\"paragraph\">El mandatario cul\u00e9 tambi\u00e9n critic\u00f3 varias decisiones arbitrales recientes, como las del <strong>Elche<\/strong>\u2013<strong>Real Madrid<\/strong>, donde asegur\u00f3 que el <strong>Bar\u00e7a <\/strong>\u201cdeber\u00eda ser l\u00edder\u201d, y lanz\u00f3 un mensaje en defensa de <strong>Javier Tebas<\/strong>.\u00a0<\/p>\n<p data-gtm-element-container=\"modulo-texto-link\" class=\"paragraph\"><strong>Laporta <\/strong>sospecha que detr\u00e1s de las cr\u00edticas de <strong>Florentino <\/strong>al presidente de <strong>LaLiga <\/strong>hay una intenci\u00f3n de reemplazarlo por alguien \u201cm\u00e1s acorde\u201d a los intereses del club blanco.\u00a0<\/p>\n<p data-gtm-element-container=\"modulo-texto-link\" class=\"paragraph\">Sus declaraciones, firmes y pronunciadas en un tono inusualmente pausado, suponen un punto de inflexi\u00f3n y una defensa del barcelonismo que, seg\u00fan \u00e9l mismo, \u201chac\u00eda tiempo que el club necesitaba\u201d.<\/p>\n","protected":false},"excerpt":{"rendered":"Joan Laporta aprovech\u00f3 un acto en Andorra para lanzar una respuesta firme a las palabras de Florentino P\u00e9rez&hellip;\n","protected":false},"author":2,"featured_media":260925,"comment_status":"","ping_status":"","sticky":false,"template":"","format":"standard","meta":{"footnotes":""},"categories":[268],"tags":[168,25,24,280,282,281,23,167],"class_list":{"0":"post-260924","1":"post","2":"type-post","3":"status-publish","4":"format-standard","5":"has-post-thumbnail","7":"category-futbol","8":"tag-deportes","9":"tag-es","10":"tag-espana","11":"tag-football","12":"tag-futbol","13":"tag-soccer","14":"tag-spain","15":"tag-sports"},"share_on_mastodon":{"url":"https:\/\/pubeurope.com\/@es\/115629242917611241","error":""},"_links":{"self":[{"href":"https:\/\/www.europesays.com\/es\/wp-json\/wp\/v2\/posts\/260924","targetHints":{"allow":["GET"]}}],"collection":[{"href":"https:\/\/www.europesays.com\/es\/wp-json\/wp\/v2\/posts"}],"about":[{"href":"https:\/\/www.europesays.com\/es\/wp-json\/wp\/v2\/types\/post"}],"author":[{"embeddable":true,"href":"https:\/\/www.europesays.com\/es\/wp-json\/wp\/v2\/users\/2"}],"replies":[{"embeddable":true,"href":"https:\/\/www.europesays.com\/es\/wp-json\/wp\/v2\/comments?post=260924"}],"version-history":[{"count":0,"href":"https:\/\/www.europesays.com\/es\/wp-json\/wp\/v2\/posts\/260924\/revisions"}],"wp:featuredmedia":[{"embeddable":true,"href":"https:\/\/www.europesays.com\/es\/wp-json\/wp\/v2\/media\/260925"}],"wp:attachment":[{"href":"https:\/\/www.europesays.com\/es\/wp-json\/wp\/v2\/media?parent=260924"}],"wp:term":[{"taxonomy":"category","embeddable":true,"href":"https:\/\/www.europesays.com\/es\/wp-json\/wp\/v2\/categories?post=260924"},{"taxonomy":"post_tag","embeddable":true,"href":"https:\/\/www.europesays.com\/es\/wp-json\/wp\/v2\/tags?post=260924"}],"curies":[{"name":"wp","href":"https:\/\/api.w.org\/{rel}","templated":true}]}}