{"id":260926,"date":"2025-11-28T20:36:12","date_gmt":"2025-11-28T20:36:12","guid":{"rendered":"https:\/\/www.europesays.com\/es\/260926\/"},"modified":"2025-11-28T20:36:12","modified_gmt":"2025-11-28T20:36:12","slug":"rtve-saca-a-la-luz-el-sustituto-de-futuro-imperfecto-tras-la-baja-de-andreu-buenafuente","status":"publish","type":"post","link":"https:\/\/www.europesays.com\/es\/260926\/","title":{"rendered":"RTVE saca a la luz el sustituto de \u2018Futuro imperfecto\u2019 tras la baja de Andreu Buenafuente"},"content":{"rendered":"<p class=\"\"><b>Andreu Buenafuente<\/b> se ha convertido en uno de los grandes protagonistas de la televisi\u00f3n en las \u00faltimas semanas. Dar\u00e1 las <b>Campanadas <\/b>junto a su mujer, la actriz y humorista <b>Silvia Abril <\/b>en RTVE.<\/p>\n<p class=\"\">Pero la cosa no qued\u00f3 ah\u00ed, pues<b> solo unos d\u00edas despu\u00e9s, el presentador comunic\u00f3, por medio de un mensaje desde RTVE, que iba a pasar por un par\u00f3n temporal<\/b> por una baja m\u00e9dica a causa de la acumulaci\u00f3n de trabajo.<\/p>\n<p class=\"\">Un anuncio que ha llevado a RTVE a tener que tomar medidas con respecto a su parrilla televisiva, y es que deben rellenar el hueco que deja \u2018Futuro imperfecto\u2019, que este jueves, 27 de noviembre, emiti\u00f3 una selecci\u00f3n de sus mejores momentos.<\/p>\n<p>Cambio radical para la pr\u00f3xima semana<\/p>\n<p class=\"\">Pese a que este jueves no han hecho cambios, desde la cadena p\u00fablica s\u00ed que han anunciado qu\u00e9 programa ser\u00e1 el encargado de sustituir al que presenta Andreu Buenafuente en La 1.<\/p>\n<p class=\"\">A trav\u00e9s de sus redes sociales y de sus canales en televisi\u00f3n, <b>han anunciado el estreno de \u2018Dra. Fabiola Jones\u2019<\/b>, que se encargar\u00e1 de dar el pistoletazo de salida al proyecto el pr\u00f3ximo <b>jueves, 4 de diciembre<\/b>, despu\u00e9s de \u2018La Revuelta\u2019.<\/p>\n<p class=\"\">Un cambio que ya indica que la baja temporal de Buenafuente no ser\u00e1 algo a corto plazo, sino que podr\u00eda reaparecer directamente a finales de este 2025, precisamente con el programa especial de las Campanadas.<\/p>\n<p>Noticias relacionadas<a href=\"https:\/\/as.com\/tikitakas\/television\/la-sorpresiva-reflexion-de-jorge-ponce-y-broncano-sobre-espana-en-la-revuelta-6-o-7-millones-de-tontos-f202511-n\/\" class=\"s_m_w\" title=\"El colaborador y el presentador del espacio estrella de la cadena p\u00fablica mantuvieron una curiosa conversaci\u00f3n en pleno directo.\" data-tb-link=\"\" rel=\"nofollow noopener\" target=\"_blank\"><img decoding=\"async\" src=\"https:\/\/www.europesays.com\/es\/wp-content\/uploads\/2025\/11\/1764362170_950_FIR33A5GFFGZLJEZTYNI4CNYVU.jpg\" alt=\"La sorpresiva reflexi\u00f3n de Jorge Ponce y Broncano sobre Espa\u00f1a en \u2018La Revuelta\u2019: \u201c6 o 7 millones de tontos\u201d\" class=\"\" height=\"9\" width=\"16\"   loading=\"lazy\" data-tb-thumbnail=\"\"\/><\/a><a href=\"https:\/\/as.com\/tikitakas\/television\/la-peticion-de-broncano-y-lalachus-a-tve-en-la-revuelta-hay-que-hacerlo-f202511-n\/\" class=\"s_m_w\" title=\"El presentador y la colaboradora han compartido su propuesta a la cadena p\u00fablica pidiendo el regreso de un programa m\u00edtico.\" data-tb-link=\"\" rel=\"nofollow noopener\" target=\"_blank\"><img decoding=\"async\" src=\"https:\/\/www.europesays.com\/es\/wp-content\/uploads\/2025\/11\/1764362172_714_XOVM6NV4MVBJ3AFV25DG6QU57Q.png\" alt=\"La petici\u00f3n de Broncano y Lalachus a TVE en \u2018La Revuelta\u2019: \u201cHay que hacerlo\u201d\" class=\"\" height=\"9\" width=\"16\"   loading=\"lazy\" data-tb-thumbnail=\"\"\/><\/a><\/p>\n<p class=\"\">En su lugar, estar\u00e1<b> \u2018Dra. Fabiola Jones\u2019, que aportar\u00e1 \u201cuna mirada \u00fanica\u201d sobre lo que es la vida en la sabana africana<\/b>, y que est\u00e1 presentado por la veterinaria espa\u00f1ola Fabiola Quesada, que vive en \u00c1frica, y que est\u00e1 producido por Warner Bros ITVP.<\/p>\n<p class=\"\"><b>\u00a1Tus opiniones importan!<\/b> Comenta en los art\u00edculos y suscr\u00edbete gratis a nuestra <a href=\"https:\/\/asfan.as.com\/newsletters\/\" target=\"_blank\" rel=\"nofollow noopener\" title=\"https:\/\/asfan.as.com\/newsletters\/\">newsletter<\/a> y a las alertas informativas en la <a href=\"https:\/\/as.com\/aplicacion-de-as-n\/\" target=\"_blank\" rel=\"nofollow noopener\" title=\"https:\/\/as.com\/aplicacion-de-as-n\/\">App<\/a> o el canal de <a href=\"https:\/\/www.whatsapp.com\/channel\/0029VaAasdA7j6g745nz9M10\" target=\"_blank\" rel=\"nofollow noopener\" title=\"https:\/\/www.whatsapp.com\/channel\/0029VaAasdA7j6g745nz9M10\">WhatsApp<\/a>. \u00bfBuscas licenciar contenido? Haz clic <a href=\"https:\/\/profesional.elpais.com\/landing-sindicacion?utm_medium=interno&amp;utm_source=crosslinking&amp;utm_campaign=sindicacion_as_pie_articulos\" target=\"_blank\" rel=\"nofollow noopener\" title=\"https:\/\/profesional.elpais.com\/landing-sindicacion?utm_medium=interno&amp;utm_source=crosslinking&amp;utm_campaign=sindicacion_as_pie_articulos\">aqu\u00ed<\/a><\/p>\n","protected":false},"excerpt":{"rendered":"Andreu Buenafuente se ha convertido en uno de los grandes protagonistas de la televisi\u00f3n en las \u00faltimas semanas.&hellip;\n","protected":false},"author":2,"featured_media":260927,"comment_status":"","ping_status":"","sticky":false,"template":"","format":"standard","meta":{"footnotes":""},"categories":[174],"tags":[255,146,147,25,24,256,23],"class_list":{"0":"post-260926","1":"post","2":"type-post","3":"status-publish","4":"format-standard","5":"has-post-thumbnail","7":"category-famosos","8":"tag-celebrities","9":"tag-entertainment","10":"tag-entretenimiento","11":"tag-es","12":"tag-espana","13":"tag-famosos","14":"tag-spain"},"share_on_mastodon":{"url":"https:\/\/pubeurope.com\/@es\/115629247228357495","error":""},"_links":{"self":[{"href":"https:\/\/www.europesays.com\/es\/wp-json\/wp\/v2\/posts\/260926","targetHints":{"allow":["GET"]}}],"collection":[{"href":"https:\/\/www.europesays.com\/es\/wp-json\/wp\/v2\/posts"}],"about":[{"href":"https:\/\/www.europesays.com\/es\/wp-json\/wp\/v2\/types\/post"}],"author":[{"embeddable":true,"href":"https:\/\/www.europesays.com\/es\/wp-json\/wp\/v2\/users\/2"}],"replies":[{"embeddable":true,"href":"https:\/\/www.europesays.com\/es\/wp-json\/wp\/v2\/comments?post=260926"}],"version-history":[{"count":0,"href":"https:\/\/www.europesays.com\/es\/wp-json\/wp\/v2\/posts\/260926\/revisions"}],"wp:featuredmedia":[{"embeddable":true,"href":"https:\/\/www.europesays.com\/es\/wp-json\/wp\/v2\/media\/260927"}],"wp:attachment":[{"href":"https:\/\/www.europesays.com\/es\/wp-json\/wp\/v2\/media?parent=260926"}],"wp:term":[{"taxonomy":"category","embeddable":true,"href":"https:\/\/www.europesays.com\/es\/wp-json\/wp\/v2\/categories?post=260926"},{"taxonomy":"post_tag","embeddable":true,"href":"https:\/\/www.europesays.com\/es\/wp-json\/wp\/v2\/tags?post=260926"}],"curies":[{"name":"wp","href":"https:\/\/api.w.org\/{rel}","templated":true}]}}