{"id":260928,"date":"2025-11-28T20:37:12","date_gmt":"2025-11-28T20:37:12","guid":{"rendered":"https:\/\/www.europesays.com\/es\/260928\/"},"modified":"2025-11-28T20:37:12","modified_gmt":"2025-11-28T20:37:12","slug":"lo-esta-disfrutando-y-sacando-muy-buenas-notas","status":"publish","type":"post","link":"https:\/\/www.europesays.com\/es\/260928\/","title":{"rendered":"\u00bbLo est\u00e1 disfrutando y sacando muy buenas notas\u00bb"},"content":{"rendered":"<p class=\"HOLA-TEMAS_5--TEXTO-1er-PARRAFO\" id=\"ev-2mFYgSre9\" data-wc=\"117\">El\u00a0<strong>Museo Carmen Thyssen de Barcelona est\u00e1 cada d\u00eda m\u00e1s cerca<\/strong>. Y el antiguo cine Comedia, que se convertir\u00e1 en su sede a partir de 2028, vivi\u00f3 la pasada semana una<strong>\u00a0jornada hist\u00f3rica con la celebraci\u00f3n de su primera intervenci\u00f3n art\u00edstica ef\u00edmera<\/strong>, en la que m\u00e1s de 90 estudiantes de escuelas de arte y dise\u00f1o de la Ciudad Condal transformaron las 500 butacas de la sala en una obra colectiva, s\u00edmbolo del nacimiento creativo de la futura pinacoteca, que se proyecta como un espacio de di\u00e1logo, creaci\u00f3n y vanguardia cultural en la capital catalana. La <a class=\"hm-link ho-link\" href=\"https:\/\/www.hola.com\/actualidad\/20251120868609\/carmen-thyssen-reaparece-barcelona-hija-polemica-titulo-museo-arte-contemporaneo\/\" data-mrf-recirculation=\"article-body-link\" rel=\"nofollow noopener\" target=\"_blank\">baronesa Thyssen presidi\u00f3 el acto central junto a su hija, Carmen Thyssen<\/a><strong>, que contin\u00faa su legado<\/strong> y para ello se est\u00e1 formando.\u00a0<\/p>\n<p class=\"HOLA-TEMAS_5--TEXTO-1er-PARRAFO\" id=\"enl-JDvGIja\" data-wc=\"182\">Ambas recorrieron el espacio, conversaron con los estudiantes y subrayaron la importancia de apoyar a las nuevas generaciones, algo de lo que ya nos hab\u00eda hablado Carmen, de 19 a\u00f1os, <strong>cuando el pasado septiembre recibi\u00f3 el premio Gen H de \u00a1HOLA! como nueva generaci\u00f3n en el mundo del arte<\/strong>. \u00abMe gustar\u00eda impulsar un proyecto cultural que acerque el arte a mi generaci\u00f3n de una forma abierta\u00bb, aseguraba. La baronesa insisti\u00f3 en que el futuro museo no solo pondr\u00e1 en valor el arte catal\u00e1n del XIX y XX, sino que tambi\u00e9n ser\u00e1 plataforma para los artistas actuales y emergentes. Su hija, emocionada, agradeci\u00f3 la experiencia y asegur\u00f3 sentirse identificada con la energ\u00eda de los j\u00f3venes, reafirmando su compromiso de continuar el legado familiar y de impulsar un museo abierto a nuevos talentos. El acto se convirti\u00f3 tambi\u00e9n en <a class=\"hm-link ho-link\" href=\"https:\/\/www.hola.com\/actualidad\/20251120868531\/carmen-cervera-desmiente-haber-perdido-titulo-baronesa-thyssen\/\" data-mrf-recirculation=\"article-body-link\" rel=\"nofollow noopener\" target=\"_blank\">la primera aparici\u00f3n p\u00fablica de Tita Cervera tras aclarar en El Mundo que no ha renunciado a su t\u00edtulo nobiliario ni al apellido de su marido<\/a>, tras la publicaci\u00f3n de la noticia de que esto habr\u00eda sucedido con el objetivo de obtener la nacionalidad andorrana.<\/p>\n<p>  <img src=\"https:\/\/www.europesays.com\/es\/wp-content\/uploads\/2025\/11\/61867df0eb9d-dsc04415cut.jpg\"   width=\"1080\" height=\"1800\" loading=\"lazy\" decoding=\"async\" alt=\"Tita Cervera junto a su hija, Carmen, en un encuentro lleno de arte celebrado en el antiguo cine Comedia, futura sede del Museo Carmen Thyssen de Barcelona\" fetchpriority=\"auto\" class=\"image ho-image\"\/>\u00a9 Miquel CollLa baronesa y su hija Carmen en el patio de butacas, convertido en una instalaci\u00f3n art\u00edstica               <\/p>\n<p>En el a\u00f1o 92<\/p>\n<p class=\"HOLA-TEMAS_5a--TEXTO-NORMAL\" id=\"en8F2SGvPHg9\" data-wc=\"150\">Hablamos con la baronesa de esta \u00faltima pol\u00e9mica que rodea su vida y del orgullo de que su hija Carmen contin\u00fae su legado: \u00ab<strong>\u00bfQu\u00e9 tiene que ver la nacionalidad de un pa\u00eds para que no sea legal que yo est\u00e9 casada con mi marido?\u00a0<\/strong>Pero, por favor\u2026 Y adem\u00e1s nos casamos en Inglaterra y tengo todos los documentos\u00bb, nos asegura. \u00abSi me hiciera ciudadana andorrana, \u00bfqu\u00e9 tiene que ver si soy o no baronesa Thyssen? <strong>Mi nombre es baronesa Thyssen<\/strong>\u00ab. Tita subraya as\u00ed que su condici\u00f3n de baronesa deriva de su matrimonio celebrado en Gran Breta\u00f1a y que nada tiene que ver con la documentaci\u00f3n suiza que mantuvo durante a\u00f1os. \u00abEs disparatado ligar un pasaporte a un matrimonio \u2014explica\u2014. <a class=\"hm-link ho-link\" href=\"https:\/\/www.hola.com\/actualidad\/20250131810101\/baronesa-thyssen-estrella-arte-vida-como-fuese-libro-pelicula\/\" data-mrf-recirculation=\"article-body-link\" rel=\"nofollow noopener\" target=\"_blank\">Mi marido se muri\u00f3 siendo yo su mujer y no me he vuelto a casar; ese sigue siendo mi t\u00edtulo<\/a>\u00ab, cuando se han cumplido 23 a\u00f1os de la muerte del bar\u00f3n.\u00a0<\/p>\n<blockquote class=\"ho-bl-1081603 -no-figcaption\" cite=\"\">\n<p id=\"eUjAQy3UCgn\">\u00abCarmen est\u00e1 muy contenta estudiando Derecho en Barcelona. Es realmente un campo que le gusta, lo est\u00e1 disfrutando y sacando muy buenas notas\u00bb<\/p>\n<\/blockquote>\n<p>  <img src=\"https:\/\/www.europesays.com\/es\/wp-content\/uploads\/2025\/11\/e1f19d7325cd-dsc04240.jpg\"   width=\"1920\" height=\"1080\" loading=\"lazy\" decoding=\"async\" alt=\"Carmen Thyssen, firmando en el encuentro en el antiguo cine Comedia, futura sede del Museo Carmen Thyssen de Barcelona\" fetchpriority=\"auto\" class=\"image ho-image\"\/>\u00a9 Miquel CollEl antiguo cine Comedia, que se convertir\u00e1 en el nuevo Museo Carmen Thyssen de Barcelona a partir de 2028, celebr\u00f3 su primera intervenci\u00f3n art\u00edstica ef\u00edmera, en la que m\u00e1s de 90 estudiantes de escuelas de arte y dise\u00f1o de la Ciudad Condal transformaron las 500 butacas de la sala en una obra colectiva. La baronesa Thsyssen, acompa\u00f1ada de su hija Carmen, presidi\u00f3 el acto     <\/p>\n<p class=\"HOLA-TEMAS_5a--TEXTO-NORMAL\" id=\"erzdOnwiX2\" data-wc=\"152\">\u00abS\u00ed, me siento <strong>muy feliz en Andorra. Es un pa\u00eds estupendo<\/strong>, donde hay mucha seguridad y la gente es muy agradable. <strong>Me hice residente en el a\u00f1o 92 junto con mi marido.\u00a0<\/strong>\u00c9ramos entonces residentes en Inglaterra, pero fuimos a visitar a mi hermano, que viv\u00eda all\u00ed, y a Heini le encant\u00f3. Nos compramos un terreno y, mientras nos hac\u00edamos una casa, ten\u00edamos un apartamento grande. As\u00ed que <a class=\"hm-link ho-link\" href=\"https:\/\/www.hola.com\/actualidad\/20250108739183\/carmen-sabina-mellizas-baronesa-thyssen-primera-entrevista-tras-cumplir-18-anyos\/\" data-mrf-recirculation=\"article-body-link\" rel=\"nofollow noopener\" target=\"_blank\">conozco el principado desde hace muchos a\u00f1os. Y me siento muy orgullosa tambi\u00e9n del Museo Thyssen en Andorra<\/a>, y ahora hay en marcha uno mucho mayor, cuya <strong>inauguraci\u00f3n est\u00e1 prevista para noviembre del pr\u00f3ximo a\u00f1o\u00bb<\/strong>. La baronesa est\u00e1 muy orgullosa de su hija Carmen, que, tras un cambio de rumbo, comenz\u00f3 Derecho el pasado septiembre: \u00abEst\u00e1 muy contenta con la carrera de Derecho en Barcelona.<strong>\u00a0Est\u00e1 estudiando mucho y sacando muy buenas notas<\/strong>. Es realmente un campo que le gusta y lo est\u00e1 disfrutando\u00bb.<\/p>\n<p>  <img src=\"https:\/\/www.europesays.com\/es\/wp-content\/uploads\/2025\/11\/ff7c9b3f942f-dsc04246.jpg\"   width=\"1920\" height=\"1080\" loading=\"lazy\" decoding=\"async\" alt=\"Tita Cervera, firmando en el encuentro en el antiguo cine Comedia, futura sede del Museo Carmen Thyssen de Barcelona\" fetchpriority=\"auto\" class=\"image ho-image\"\/>\u00a9 Miquel CollTanto la baronesa como su hija firmaron el \u00ablibro de visitas\u00bb del futuro museo<\/p>\n<p>  <img src=\"https:\/\/www.europesays.com\/es\/wp-content\/uploads\/2025\/11\/9888590ea5c2-dsc03710cut.jpg\"   width=\"1920\" height=\"1080\" loading=\"lazy\" decoding=\"async\" alt=\"Tita Cervera y su hija, Carmen Thyssen, en el encuentro art\u00edstico celebrado en el antiguo cine Comedia, futura sede del Museo Carmen Thyssen de Barcelona\" fetchpriority=\"auto\" class=\"image ho-image\"\/>\u00a9 Miquel CollLa baronesa y Carmen junto a algunos de los artistas que estuvieron<\/p>\n<p class=\"HOLA-TEMAS_5a--TEXTO-NORMAL\" id=\"e85YM531h8\" data-wc=\"65\">De hecho, <a class=\"hm-link ho-link\" href=\"https:\/\/www.hola.com\/actualidad\/20250111740298\/carmen-thyssen-hija-baronesa-parecido-forma-ser\/\" data-mrf-recirculation=\"article-body-link\" rel=\"nofollow noopener\" target=\"_blank\">la propia Carmen nos confesaba, en una entrevista,<\/a> que \u00ablo que m\u00e1s me gusta es poder combinar mis intereses personales con lo que estudio, en un ambiente que me reta y me impulsa a seguir creciendo tanto a nivel acad\u00e9mico como personal\u00bb. Y esta es una nueva etapa que, por supuesto, ha significado \u00abun cambio importante, pero siempre me han gustado los retos\u00bb.<\/p>\n<p class=\"HOLA-TEMAS_5a--TEXTO-NORMAL\" id=\"eEXAbtDd67\" data-wc=\"49\">Si hay algo que echa de menos es \u00abla calidez de casa\u00bb. Sin embargo, la distancia se hace llevadera porque, como nos desvelaba entonces, \u00abhablo con mi madre y Sabina diariamente, las llamo siempre que puedo. Son un gran apoyo y sus consejos siempre me ayudan a mantenerme enfocada\u00bb.<\/p>\n<p class=\"HOLA-TEMAS_5a--TEXTO-NORMAL\" id=\"e30ya8KrsZ\" data-wc=\"55\">Adem\u00e1s, como cualquier universitaria, ha podido conocer a \u00abpersonas muy interesantes, cada una con historias y perspectivas diferentes. La amistad es algo que valoro much\u00edsimo, porque rodearte de gente con buena energ\u00eda y valores hace que todo sea m\u00e1s aut\u00e9ntico y especial. Esas conexiones son las que le dan un significado diferente a esta etapa\u00bb.\u00a0<\/p>\n<p class=\"HOLA-TEMAS_5a--TEXTO-NORMAL\" id=\"eH7X_dX2GPBe\" data-wc=\"63\">En el <strong>cine Comedia, madre e hija estuvieron acompa\u00f1adas tambi\u00e9n de Guillermo Cervera<\/strong>, sobrino de Tita y conservador de su colecci\u00f3n, y otros rostros conocidos, como <strong>Judith Masc\u00f3<\/strong>, el pintor <strong>Guillermo Lorca,<\/strong> el ilustrador y dise\u00f1ador <strong>Jordi Labanda<\/strong>, la chef con estrellas Michelin<strong>\u00a0Carme Ruscalleda<\/strong> junto a su hijo<strong>\u00a0Ra\u00fcl Balam<\/strong>, el dise\u00f1ado<strong>r Javier Mariscal\u00a0<\/strong>o el bailar\u00edn argentino<strong>\u00a0Julio Bocca<\/strong>, entre otros.\u00a0<\/p>\n","protected":false},"excerpt":{"rendered":"El\u00a0Museo Carmen Thyssen de Barcelona est\u00e1 cada d\u00eda m\u00e1s cerca. Y el antiguo cine Comedia, que se convertir\u00e1&hellip;\n","protected":false},"author":2,"featured_media":260929,"comment_status":"","ping_status":"","sticky":false,"template":"","format":"standard","meta":{"footnotes":""},"categories":[173],"tags":[3900,517,229,233,231,230,46993,3899,232,234,146,147,25,24,23],"class_list":{"0":"post-260928","1":"post","2":"type-post","3":"status-publish","4":"format-standard","5":"has-post-thumbnail","7":"category-arte-y-diseno","8":"tag-hola","9":"tag-actualidad","10":"tag-arte","11":"tag-arte-y-diseno","12":"tag-arts","13":"tag-arts-and-design","14":"tag-baronesa-thyssen","15":"tag-contenido-sensible","16":"tag-design","17":"tag-diseno","18":"tag-entertainment","19":"tag-entretenimiento","20":"tag-es","21":"tag-espana","22":"tag-spain"},"share_on_mastodon":{"url":"https:\/\/pubeurope.com\/@es\/115629251237120013","error":""},"_links":{"self":[{"href":"https:\/\/www.europesays.com\/es\/wp-json\/wp\/v2\/posts\/260928","targetHints":{"allow":["GET"]}}],"collection":[{"href":"https:\/\/www.europesays.com\/es\/wp-json\/wp\/v2\/posts"}],"about":[{"href":"https:\/\/www.europesays.com\/es\/wp-json\/wp\/v2\/types\/post"}],"author":[{"embeddable":true,"href":"https:\/\/www.europesays.com\/es\/wp-json\/wp\/v2\/users\/2"}],"replies":[{"embeddable":true,"href":"https:\/\/www.europesays.com\/es\/wp-json\/wp\/v2\/comments?post=260928"}],"version-history":[{"count":0,"href":"https:\/\/www.europesays.com\/es\/wp-json\/wp\/v2\/posts\/260928\/revisions"}],"wp:featuredmedia":[{"embeddable":true,"href":"https:\/\/www.europesays.com\/es\/wp-json\/wp\/v2\/media\/260929"}],"wp:attachment":[{"href":"https:\/\/www.europesays.com\/es\/wp-json\/wp\/v2\/media?parent=260928"}],"wp:term":[{"taxonomy":"category","embeddable":true,"href":"https:\/\/www.europesays.com\/es\/wp-json\/wp\/v2\/categories?post=260928"},{"taxonomy":"post_tag","embeddable":true,"href":"https:\/\/www.europesays.com\/es\/wp-json\/wp\/v2\/tags?post=260928"}],"curies":[{"name":"wp","href":"https:\/\/api.w.org\/{rel}","templated":true}]}}