{"id":260935,"date":"2025-11-28T20:42:12","date_gmt":"2025-11-28T20:42:12","guid":{"rendered":"https:\/\/www.europesays.com\/es\/260935\/"},"modified":"2025-11-28T20:42:12","modified_gmt":"2025-11-28T20:42:12","slug":"derrota-ante-el-barcelona-en-la-liga-u","status":"publish","type":"post","link":"https:\/\/www.europesays.com\/es\/260935\/","title":{"rendered":"Derrota ante el Barcelona en la Liga U"},"content":{"rendered":"<p>El <b>Real Madrid<\/b> no pudo llevarse el triunfo en el Cl\u00e1sico disputado en la <b>Ciudad Real Madrid,<\/b> correspondiente a la octava jornada de la <b>Liga U<\/b>. El Barcelona consigui\u00f3 establecer una ventaja de 16 puntos en un primer cuarto que finaliz\u00f3 12-28. El encuentro lleg\u00f3 al descanso con un resultado de 27-49.<\/p>\n<p>Nuestro filial trat\u00f3 de darle la vuelta al marcador tras la reanudaci\u00f3n. <b><a href=\"https:\/\/www.realmadrid.com\/es-ES\/baloncesto\/cantera\/liga-u\/egor-amosov-liga-u\" rel=\"nofollow noopener\" target=\"_blank\">Egor<\/a><\/b>, que fue el m\u00e1s destacado de los de <b>Javier Ju\u00e1rez<\/b> con 17 puntos, complet\u00f3 un gran tercer cuarto, pero el Barcelona se mantuvo por delante (50-76). Finalmente, el conjunto visitante certific\u00f3 la victoria en el \u00faltimo periodo (69-93). Los madridistas se medir\u00e1n en el pr\u00f3ximo encuentro liguero al Valencia Basket.<\/p>\n<p><b>FICHA T\u00c9CNICA<\/b><\/p>\n<p><b>69-Real Madrid:<\/b> Gunars (0), Hugo Alonso (1), Ilia (14), Diosdado (8) y Egor (17) -cinco inicial-Gabriel (0), Ignacio (6), \u00d6mer (2), Andrej (9), Rodrigo (0), Ousmane (6) y Osa (6).<\/p>\n<p><b>93-Bar\u00e7a Atl\u00e8tic<\/b>: S. Keita (11), Daniel Gonz\u00e1lez (3), Oriol Filb\u00e0 (4), Kusturica (7) y Dabone (16) -cinco inicial- Kon\u00e9 (14), M. Keita (9), Montaner (0), Nil Poza (0), Ferreras (0), Biel Puig (0) y Boumtje (29).<\/p>\n","protected":false},"excerpt":{"rendered":"El Real Madrid no pudo llevarse el triunfo en el Cl\u00e1sico disputado en la Ciudad Real Madrid, correspondiente&hellip;\n","protected":false},"author":2,"featured_media":260936,"comment_status":"","ping_status":"","sticky":false,"template":"","format":"standard","meta":{"footnotes":""},"categories":[93],"tags":[168,25,24,23,167],"class_list":{"0":"post-260935","1":"post","2":"type-post","3":"status-publish","4":"format-standard","5":"has-post-thumbnail","7":"category-deportes","8":"tag-deportes","9":"tag-es","10":"tag-espana","11":"tag-spain","12":"tag-sports"},"share_on_mastodon":{"url":"https:\/\/pubeurope.com\/@es\/115629270323123475","error":""},"_links":{"self":[{"href":"https:\/\/www.europesays.com\/es\/wp-json\/wp\/v2\/posts\/260935","targetHints":{"allow":["GET"]}}],"collection":[{"href":"https:\/\/www.europesays.com\/es\/wp-json\/wp\/v2\/posts"}],"about":[{"href":"https:\/\/www.europesays.com\/es\/wp-json\/wp\/v2\/types\/post"}],"author":[{"embeddable":true,"href":"https:\/\/www.europesays.com\/es\/wp-json\/wp\/v2\/users\/2"}],"replies":[{"embeddable":true,"href":"https:\/\/www.europesays.com\/es\/wp-json\/wp\/v2\/comments?post=260935"}],"version-history":[{"count":0,"href":"https:\/\/www.europesays.com\/es\/wp-json\/wp\/v2\/posts\/260935\/revisions"}],"wp:featuredmedia":[{"embeddable":true,"href":"https:\/\/www.europesays.com\/es\/wp-json\/wp\/v2\/media\/260936"}],"wp:attachment":[{"href":"https:\/\/www.europesays.com\/es\/wp-json\/wp\/v2\/media?parent=260935"}],"wp:term":[{"taxonomy":"category","embeddable":true,"href":"https:\/\/www.europesays.com\/es\/wp-json\/wp\/v2\/categories?post=260935"},{"taxonomy":"post_tag","embeddable":true,"href":"https:\/\/www.europesays.com\/es\/wp-json\/wp\/v2\/tags?post=260935"}],"curies":[{"name":"wp","href":"https:\/\/api.w.org\/{rel}","templated":true}]}}