{"id":260939,"date":"2025-11-28T20:44:10","date_gmt":"2025-11-28T20:44:10","guid":{"rendered":"https:\/\/www.europesays.com\/es\/260939\/"},"modified":"2025-11-28T20:44:10","modified_gmt":"2025-11-28T20:44:10","slug":"relaciones-al-limite-y-dos-nuevas-incorporaciones","status":"publish","type":"post","link":"https:\/\/www.europesays.com\/es\/260939\/","title":{"rendered":"Relaciones al l\u00edmite y dos nuevas incorporaciones"},"content":{"rendered":"<p data-gtm-element-container=\"modulo-texto-link\" class=\"paragraph\">\u201c1913. El mundo entero est\u00e1 al borde del abismo, pero hay remansos de paz aislados de los conflictos. Como el Palacio La Promesa, en el valle de Los Pedroches, propiedad de los Marqueses de Luj\u00e1n, uno de los mayores terratenientes del pa\u00eds. \u00bfPuede el amor aplacar la sed de venganza? \u00bfPodr\u00edas olvidar a los que hundieron tu vida? \u00bfA los asesinos de tu madre? \u00bfA los que hicieron desaparecer a tu hermano?\u201d, reza la sinopsis de La Promesa, cuyos tres pilares prominentes son \u201cuna mujer, una venganza y una gran historia de amor\u201d.<\/p>\n<p data-gtm-element-container=\"modulo-texto-link\" class=\"paragraph\">La producci\u00f3n de Televisi\u00f3n Espa\u00f1ola, estrenada en <a href=\"https:\/\/www.lavanguardia.com\/television\/programacion-tv\/la-1\" target=\"_blank\" rel=\"noopener noreferrer nofollow\">La 1<\/a> en 2022, se ha convertido en una pieza imprescindible de las tardes del canal. De lunes a viernes, a las 18:35, los espectadores pueden adentrarse en un sinf\u00edn de tramas, traiciones, romances y tragedias que cada semana se multiplican o agravan de forma impredecible. Este viernes se ha emitido el episodio n\u00famero 726 de la serie, tom\u00e1ndose un descanso hasta el pr\u00f3ximo lunes, 1 de diciembre. El \u00faltimo mes de 2025 arrancar\u00e1 con emociones fuertes y tensiones cada vez m\u00e1s al l\u00edmite.<\/p>\n<p>                <img loading=\"lazy\" decoding=\"async\" data-full-src=\"https:\/\/www.lavanguardia.com\/uploads\/2025\/11\/21\/6920b9e22cf4c.jpeg\" alt=\"Avance 'La Promesa'\" width=\"449\" height=\"299\" src=\"https:\/\/www.europesays.com\/es\/wp-content\/uploads\/2025\/11\/1764362649_148_6920b9e22cf4c.jpeg\" class=\"lazy\"\/><\/p>\n<p class=\"caption-title \">Avance de &#8216;La Promesa&#8217;<\/p>\n<p>                    @lapromesa_tve<\/p>\n<p data-gtm-element-container=\"modulo-texto-link\" class=\"paragraph\">Uno de los puntos cr\u00edticos del pr\u00f3ximo episodio ser\u00e1 el debut de dos nuevos personajes: Felipe Hern\u00e1ndez y Carlo Castej\u00f3n. Crist\u00f3bal, mayordomo de La Promesa, los ha contratado para que se incorporen al servicio de la finca. Esto supone un tremendo vuelco en la vida de Mar\u00eda Fern\u00e1ndez, y es que el segundo es el padre de la criatura que la sirvienta espera. A nivel de relaciones, la de Jacobo y Martina sigue en un constante tira y afloja a pesar de que su boda est\u00e9 marcada en el calendario.<\/p>\n<p>        Lee tambi\u00e9n<\/p>\n<p>    Manuel L\u00f3pez Chicano<\/p>\n<p>             <img loading=\"lazy\" decoding=\"async\" data-full-src=\"https:\/\/www.lavanguardia.com\/uploads\/2023\/08\/24\/64e7a66c02270.jpeg\" alt=\"La actriz Eva Isanta ('Aqu\u00ed no hay quien viva')\" width=\"104\" height=\"108\" src=\"https:\/\/www.europesays.com\/es\/wp-content\/uploads\/2025\/11\/64e7a66c02270.r_d.767-311.jpeg\" class=\"lazy\"\/><\/p>\n<p data-gtm-element-container=\"modulo-texto-link\" class=\"paragraph\">El joven, harto de esta tirantez, llegar\u00e1 a preguntarle si quiere seguir adelante con los planes nupciales. Por si eso no fuera suficiente, tambi\u00e9n se ver\u00e1 involucrado en un enfrentamiento con Adriano por las tierras de La Promesa. Otra boda, la de Lorenzo y \u00c1ngela, genera problemas debido al ostentoso banquete que ha ordenado el novio. Simona y Candela se aliar\u00e1n para realizarle una petici\u00f3n a Teresa: incorporar a Lope como refuerzo, y as\u00ed devolverse a las cocinas despu\u00e9s de que Crist\u00f3bal lo apartara.<\/p>\n<p>                <img loading=\"lazy\" decoding=\"async\" data-full-src=\"https:\/\/www.lavanguardia.com\/uploads\/2025\/11\/28\/6929eace41d73.jpeg\" alt=\"Avance del cap\u00edtulo 727 de 'La Promesa'\" width=\"449\" height=\"299\" src=\"https:\/\/www.europesays.com\/es\/wp-content\/uploads\/2025\/11\/1764362650_423_6929eace41d73.jpeg\" class=\"lazy\"\/><\/p>\n<p class=\"caption-title \">Avance de &#8216;La Promesa&#8217;<\/p>\n<p>                    @lapromesa_tve<\/p>\n<p>Tramas cruzadas<\/p>\n<p data-gtm-element-container=\"modulo-texto-link\" class=\"paragraph\">Por su parte, la novia sigue con su misi\u00f3n de detener el enlace, suplic\u00e1ndole a Leocadia que interfiera. La se\u00f1ora de Figueroa se encuentra en una situaci\u00f3n comprometida, y es que si la ceremonia se echa atr\u00e1s, Lorenzo delatar\u00eda que asesin\u00f3 a Jana. Un elemento que tambi\u00e9n reconcome a Curro. A pesar de creer que podr\u00eda arreglarlo todo \u00e9l solo, acaba convenci\u00e9ndose de que necesita ayuda tras una conversaci\u00f3n con P\u00eda Adarre. Sin embargo, \u00bfa qui\u00e9n se la pedir\u00e1?<\/p>\n<p>        Lee tambi\u00e9n<\/p>\n<p>    Anna Barraza L\u00f3pez<\/p>\n<p>             <img loading=\"lazy\" decoding=\"async\" data-full-src=\"https:\/\/www.lavanguardia.com\/uploads\/2025\/11\/28\/6929e67584b32.jpeg\" alt=\"El d\u00fao Sonia y Selena\" width=\"104\" height=\"108\" src=\"https:\/\/www.europesays.com\/es\/wp-content\/uploads\/2025\/11\/6929e67584b32.jpeg\" class=\"lazy\"\/><\/p>\n<p data-gtm-element-container=\"modulo-texto-link\" class=\"paragraph\">Por su parte, Vera se encuentra enfrascada en otro asunto de vital importancia: descubrir la identidad de Madame Cocotte, la ladrona de recetas. La doncella ha recurrido a Lope para tratar de averiguarlo, pero su plan pasa por solicitar ayuda a la persona que conoce todo lo que pasa o deja de pasar en La Promesa: Petra.<\/p>\n","protected":false},"excerpt":{"rendered":"\u201c1913. El mundo entero est\u00e1 al borde del abismo, pero hay remansos de paz aislados de los conflictos.&hellip;\n","protected":false},"author":2,"featured_media":168102,"comment_status":"","ping_status":"","sticky":false,"template":"","format":"standard","meta":{"footnotes":""},"categories":[91],"tags":[146,147,25,24,23],"class_list":{"0":"post-260939","1":"post","2":"type-post","3":"status-publish","4":"format-standard","5":"has-post-thumbnail","7":"category-entretenimiento","8":"tag-entertainment","9":"tag-entretenimiento","10":"tag-es","11":"tag-espana","12":"tag-spain"},"share_on_mastodon":{"url":"https:\/\/pubeurope.com\/@es\/115629278683823665","error":""},"_links":{"self":[{"href":"https:\/\/www.europesays.com\/es\/wp-json\/wp\/v2\/posts\/260939","targetHints":{"allow":["GET"]}}],"collection":[{"href":"https:\/\/www.europesays.com\/es\/wp-json\/wp\/v2\/posts"}],"about":[{"href":"https:\/\/www.europesays.com\/es\/wp-json\/wp\/v2\/types\/post"}],"author":[{"embeddable":true,"href":"https:\/\/www.europesays.com\/es\/wp-json\/wp\/v2\/users\/2"}],"replies":[{"embeddable":true,"href":"https:\/\/www.europesays.com\/es\/wp-json\/wp\/v2\/comments?post=260939"}],"version-history":[{"count":0,"href":"https:\/\/www.europesays.com\/es\/wp-json\/wp\/v2\/posts\/260939\/revisions"}],"wp:featuredmedia":[{"embeddable":true,"href":"https:\/\/www.europesays.com\/es\/wp-json\/wp\/v2\/media\/168102"}],"wp:attachment":[{"href":"https:\/\/www.europesays.com\/es\/wp-json\/wp\/v2\/media?parent=260939"}],"wp:term":[{"taxonomy":"category","embeddable":true,"href":"https:\/\/www.europesays.com\/es\/wp-json\/wp\/v2\/categories?post=260939"},{"taxonomy":"post_tag","embeddable":true,"href":"https:\/\/www.europesays.com\/es\/wp-json\/wp\/v2\/tags?post=260939"}],"curies":[{"name":"wp","href":"https:\/\/api.w.org\/{rel}","templated":true}]}}