{"id":260954,"date":"2025-11-28T20:57:15","date_gmt":"2025-11-28T20:57:15","guid":{"rendered":"https:\/\/www.europesays.com\/es\/260954\/"},"modified":"2025-11-28T20:57:15","modified_gmt":"2025-11-28T20:57:15","slug":"shermadini-se-retira-de-la-seleccion-georgiana","status":"publish","type":"post","link":"https:\/\/www.europesays.com\/es\/260954\/","title":{"rendered":"Shermadini se retira de la selecci\u00f3n georgiana"},"content":{"rendered":"<p><strong>Por Dimitris Minaretzis\/<a href=\"https:\/\/www.eurohoops.net\/es\/fiba-world-cup-es\/1900440\/shermadini-se-retira-de-la-seleccion-georgiana\/maillot:info@eurohops.net\" rel=\"nofollow noopener\" target=\"_blank\"> info@eurohoops.net<\/a><\/strong><\/p>\n<p>Antes de su \u00faltimo partido en casa con la selecci\u00f3n nacional de Georgia, Giorgi Shermadini fue homenajeado por la Federaci\u00f3n Georgiana de Baloncesto y disfrut\u00f3 de una c\u00e1lida despedida en el Tbilisi Arena.<\/p>\n<p>El partido del martes contra Ucrania, que el equipo dirigido por Aleksandar Dzikic finalmente perdi\u00f3 por 79-92, fue el \u00faltimo partido en casa para el p\u00edvot de 36 a\u00f1os. A pesar de que inicialmente\u00a0 decidi\u00f3 retirarse a nivel internacional tras el reciente EuroBasket 2025, regres\u00f3 para dos partidos m\u00e1s en la ventana FIBA \u200b\u200ben curso y luego se retir\u00f3 oficialmente.<\/p>\n<p>Tras el emotivo reconocimiento de la GBF a su larga y exitosa carrera internacional, jug\u00f3 24:22 minutos en la primera jornada del Grupo A de los Clasificatorios Europeos al Mundial FIBA \u200b\u200b2027, anotando siete puntos, seis rebotes, tres robos y tres asistencias, hasta que fue expulsado por faltas.<\/p>\n<blockquote class=\"twitter-tweet\" wp_automatic_readability=\"8.8251121076233\">\n<p dir=\"ltr\" lang=\"en\">Shermadini, a legend. \ud83c\uddec\ud83c\uddea<\/p>\n<p>Giorgi Shermadini was honored in his last home game for the Georgian national team.<a href=\"https:\/\/twitter.com\/hashtag\/FIBAWC?src=hash&amp;ref_src=twsrc%5Etfw\" rel=\"nofollow noopener\" target=\"_blank\">#FIBAWC<\/a> | <a href=\"https:\/\/twitter.com\/hashtag\/StepItUp?src=hash&amp;ref_src=twsrc%5Etfw\" rel=\"nofollow noopener\" target=\"_blank\">#StepItUp<\/a> <a href=\"https:\/\/t.co\/RUcXsjFMvx\" rel=\"nofollow\">pic.twitter.com\/RUcXsjFMvx<\/a><\/p>\n<p>\u2014 FIBA Basketball World Cup \ud83c\udfc6 (@FIBAWC) <a href=\"https:\/\/twitter.com\/FIBAWC\/status\/1994108649329844415?ref_src=twsrc%5Etfw\" rel=\"nofollow noopener\" target=\"_blank\">November 27, 2025<\/a><\/p>\n<\/blockquote>\n<p>De regreso a su casa en La Laguna, Tenerife, su \u00faltimo partido con la selecci\u00f3n absoluta ser\u00e1 el domingo, cuando Georgia se enfrente a Espa\u00f1a en el Santiago Mart\u00edn Arena de San Crist\u00f3bal de La Laguna.<\/p>\n<p>Al final del calendario de seis partidos, los tres primeros pa\u00edses pasar\u00e1n sus respectivas victorias y derrotas a un nuevo grupo, y los siguientes seis encuentros decidir\u00e1n tres plazas para el Mundial. Sin embargo, Shermadini no estar\u00e1 disponible despu\u00e9s de la segunda jornada.<\/p>\n<p>Desde la categor\u00eda juvenil, Shermadini pas\u00f3 de la segunda divisi\u00f3n del Campeonato Europeo Sub-16 de 2006 a las ediciones de 2007 y 2008 del Campeonato Europeo Sub-20. En la categor\u00eda absoluta, se abri\u00f3 camino hasta la hist\u00f3rica Copa Mundial FIBA \u200b\u200b2023 y varias ediciones del EuroBasket.<\/p>\n<p>    <script async src=\"https:\/\/platform.twitter.com\/widgets.js\" charset=\"utf-8\"><\/script><\/p>\n","protected":false},"excerpt":{"rendered":"Por Dimitris Minaretzis\/ info@eurohoops.net Antes de su \u00faltimo partido en casa con la selecci\u00f3n nacional de Georgia, Giorgi&hellip;\n","protected":false},"author":2,"featured_media":260955,"comment_status":"","ping_status":"","sticky":false,"template":"","format":"standard","meta":{"footnotes":""},"categories":[269],"tags":[299,298,168,25,24,23,167],"class_list":{"0":"post-260954","1":"post","2":"type-post","3":"status-publish","4":"format-standard","5":"has-post-thumbnail","7":"category-baloncesto","8":"tag-baloncesto","9":"tag-basketball","10":"tag-deportes","11":"tag-es","12":"tag-espana","13":"tag-spain","14":"tag-sports"},"share_on_mastodon":{"url":"https:\/\/pubeurope.com\/@es\/115629329223782726","error":""},"_links":{"self":[{"href":"https:\/\/www.europesays.com\/es\/wp-json\/wp\/v2\/posts\/260954","targetHints":{"allow":["GET"]}}],"collection":[{"href":"https:\/\/www.europesays.com\/es\/wp-json\/wp\/v2\/posts"}],"about":[{"href":"https:\/\/www.europesays.com\/es\/wp-json\/wp\/v2\/types\/post"}],"author":[{"embeddable":true,"href":"https:\/\/www.europesays.com\/es\/wp-json\/wp\/v2\/users\/2"}],"replies":[{"embeddable":true,"href":"https:\/\/www.europesays.com\/es\/wp-json\/wp\/v2\/comments?post=260954"}],"version-history":[{"count":0,"href":"https:\/\/www.europesays.com\/es\/wp-json\/wp\/v2\/posts\/260954\/revisions"}],"wp:featuredmedia":[{"embeddable":true,"href":"https:\/\/www.europesays.com\/es\/wp-json\/wp\/v2\/media\/260955"}],"wp:attachment":[{"href":"https:\/\/www.europesays.com\/es\/wp-json\/wp\/v2\/media?parent=260954"}],"wp:term":[{"taxonomy":"category","embeddable":true,"href":"https:\/\/www.europesays.com\/es\/wp-json\/wp\/v2\/categories?post=260954"},{"taxonomy":"post_tag","embeddable":true,"href":"https:\/\/www.europesays.com\/es\/wp-json\/wp\/v2\/tags?post=260954"}],"curies":[{"name":"wp","href":"https:\/\/api.w.org\/{rel}","templated":true}]}}