{"id":260956,"date":"2025-11-28T20:58:14","date_gmt":"2025-11-28T20:58:14","guid":{"rendered":"https:\/\/www.europesays.com\/es\/260956\/"},"modified":"2025-11-28T20:58:14","modified_gmt":"2025-11-28T20:58:14","slug":"el-barca-alaves-tendra-grada-visitante-y-gran-mosaico-de-celebracion","status":"publish","type":"post","link":"https:\/\/www.europesays.com\/es\/260956\/","title":{"rendered":"El Bar\u00e7a &#8211; Alav\u00e9s tendr\u00e1 grada visitante&#8230; y gran mosaico de celebraci\u00f3n"},"content":{"rendered":"<p data-mrf-recirculation=\"Links P\u00e1rrafos\" class=\"ue-c-article__paragraph paragraph ue-c-article--first-letter-highlighted\">El <strong>Barcelona<\/strong> est\u00e1 de celebraci\u00f3n. Ma\u00f1ana s\u00e1bado festejar\u00e1, en el encuentro contra el <strong>Alav\u00e9s<\/strong>, el 126 aniversario del club catal\u00e1n y, adem\u00e1s, <strong>LaLiga<\/strong> aprob\u00f3 hoy, tras visitar el <strong>Spotify Camp Nou<\/strong>, que haya grada visitante en este cruce.<\/p>\n<p data-mrf-recirculation=\"Links P\u00e1rrafos\" class=\"ue-c-article__paragraph paragraph\">Una comisi\u00f3n de <strong>LaLiga <\/strong>visit\u00f3 este viernes el remodelado feudo azulgrana. Tras la inspecci\u00f3n, los responsables del organismo nacional dieron su aprobaci\u00f3n para que en el encuentro de ma\u00f1ana contra el <strong>Alav\u00e9s<\/strong> haya afici\u00f3n visitante en las gradas del <strong>Spotify Camp Nou<\/strong>, que en esta fase tiene una capacidad de 45.000 asientos. La semana pasada, en el cruce contra el <strong>Athletic<\/strong>, en el primer encuentro de vuelta a casa de los cul\u00e9s, no hubo un sector destinado a los seguidores visitantes.\u00a0<\/p>\n<p data-mrf-recirculation=\"Links P\u00e1rrafos\" class=\"ue-c-article__paragraph paragraph\">El <strong>Bar\u00e7a<\/strong> ya ha comunicado al <strong>Alav\u00e9s <\/strong>que dispone de 470 localidades, ubicadas en segunda grader\u00eda.<\/p>\n<p>Mosaico gigante<\/p>\n<p data-mrf-recirculation=\"Links P\u00e1rrafos\" class=\"ue-c-article__paragraph paragraph\">El <strong>Bar\u00e7a <\/strong>ha organizado un mosaico gigante que se exhibir\u00e1 cuando suene el <strong>Cant del Bar\u00e7a,<\/strong> coincidiendo con la salida de los jugadores al terreno de juego. La gran imagen se extender\u00e1 por toda la grada que est\u00e1 actualmente operativa: tribuna, lateral y Gol Sur.<\/p>\n<p data-mrf-recirculation=\"Links P\u00e1rrafos\" class=\"ue-c-article__paragraph paragraph\">En este mosaico participar\u00e1n todos los espectadores que acudan este s\u00e1bado al partido en el<strong> Spotify Camp Nou<\/strong>, que cerrar\u00e1 de manera simb\u00f3lica los actos de celebraci\u00f3n del 125\u00ba aniversario de la instituci\u00f3n, que se han llevado a cabo durante el \u00faltimo a\u00f1o.<\/p>\n<p data-mrf-recirculation=\"Links P\u00e1rrafos\" class=\"ue-c-article__paragraph paragraph\">Adem\u00e1s del mosaico, e<strong>l Bar\u00e7a<\/strong> ha organizado otras actividades festivas, como la actuaci\u00f3n del <strong>DJ Jack Dafons<\/strong> y una carrera que tendr\u00e1 lugar en el descanso, en la que participar\u00e1n dos corp\u00f3reos (figuras de foam) por varias secciones de la grada con la imagen de la cabeza de la mascota CAT.<\/p>\n","protected":false},"excerpt":{"rendered":"El Barcelona est\u00e1 de celebraci\u00f3n. Ma\u00f1ana s\u00e1bado festejar\u00e1, en el encuentro contra el Alav\u00e9s, el 126 aniversario del&hellip;\n","protected":false},"author":2,"featured_media":260957,"comment_status":"","ping_status":"","sticky":false,"template":"","format":"standard","meta":{"footnotes":""},"categories":[268],"tags":[168,25,24,280,282,281,23,167],"class_list":{"0":"post-260956","1":"post","2":"type-post","3":"status-publish","4":"format-standard","5":"has-post-thumbnail","7":"category-futbol","8":"tag-deportes","9":"tag-es","10":"tag-espana","11":"tag-football","12":"tag-futbol","13":"tag-soccer","14":"tag-spain","15":"tag-sports"},"share_on_mastodon":{"url":"https:\/\/pubeurope.com\/@es\/115629333195588081","error":""},"_links":{"self":[{"href":"https:\/\/www.europesays.com\/es\/wp-json\/wp\/v2\/posts\/260956","targetHints":{"allow":["GET"]}}],"collection":[{"href":"https:\/\/www.europesays.com\/es\/wp-json\/wp\/v2\/posts"}],"about":[{"href":"https:\/\/www.europesays.com\/es\/wp-json\/wp\/v2\/types\/post"}],"author":[{"embeddable":true,"href":"https:\/\/www.europesays.com\/es\/wp-json\/wp\/v2\/users\/2"}],"replies":[{"embeddable":true,"href":"https:\/\/www.europesays.com\/es\/wp-json\/wp\/v2\/comments?post=260956"}],"version-history":[{"count":0,"href":"https:\/\/www.europesays.com\/es\/wp-json\/wp\/v2\/posts\/260956\/revisions"}],"wp:featuredmedia":[{"embeddable":true,"href":"https:\/\/www.europesays.com\/es\/wp-json\/wp\/v2\/media\/260957"}],"wp:attachment":[{"href":"https:\/\/www.europesays.com\/es\/wp-json\/wp\/v2\/media?parent=260956"}],"wp:term":[{"taxonomy":"category","embeddable":true,"href":"https:\/\/www.europesays.com\/es\/wp-json\/wp\/v2\/categories?post=260956"},{"taxonomy":"post_tag","embeddable":true,"href":"https:\/\/www.europesays.com\/es\/wp-json\/wp\/v2\/tags?post=260956"}],"curies":[{"name":"wp","href":"https:\/\/api.w.org\/{rel}","templated":true}]}}