{"id":260958,"date":"2025-11-28T20:59:10","date_gmt":"2025-11-28T20:59:10","guid":{"rendered":"https:\/\/www.europesays.com\/es\/260958\/"},"modified":"2025-11-28T20:59:10","modified_gmt":"2025-11-28T20:59:10","slug":"no-lo-entiendo-soy-igual-que-los-demas","status":"publish","type":"post","link":"https:\/\/www.europesays.com\/es\/260958\/","title":{"rendered":"No lo entiendo, soy igual que los dem\u00e1s"},"content":{"rendered":"<p><b>Aitana<\/b> tiene <b>10 a\u00f1os<\/b> y, aunque ella se siente una ni\u00f1a normal como cualquier otra, siente que todos la miran porque<b> le falta una pierna.<\/b> \u00abS\u00e9 que es un poco raro ver a alguien en silla de ruedas o qu ele falta una pierna, pero yo creo que tampoco es para tanto\u00bb, asegura.<\/p>\n<p>A los seis a\u00f1os sufri\u00f3 una<b> sepsis meningoc\u00f3cica <\/b>que deriv\u00f3 en meningitis bacteriana y sepsis, lo que provoc\u00f3 que le amputaran la pierna izquierda. Todo ocurri\u00f3 de un momento a otro, de hecho, al principio pensaban que era una gripe, hasta que comenz\u00f3 a dolerle la pierna y le salieron manchas por todo el cuerpo.<\/p>\n<p>\u00ab<b>Fue muy dif\u00edcil de llevar,<\/b> sobre todo con mucho miedo al futuro\u00bb, se\u00f1ala su madre, <b>\u00abla sociedad no est\u00e1 capacitada para ver ni\u00f1os como mi hija\u00bb.<\/b><\/p>\n<p>Aitana hace una vida completamente normal y nada se le pone por delante: <b>\u00abSoy igual que los dem\u00e1s\u00bb.<\/b> Sin embargo, en el colegio ha tenido que enfrentarse a muchas cr\u00edticas y comentarios de odio<b>. \u00abMe llamaban pierna patata\u00bb<\/b>, confiesa.<\/p>\n<p>Pese a todo, Aitana es muy positiva y tiene claro que nada le quitar\u00e1 la sonrisa. A su corta edad se ha convertido en un ejemplo para toda su familia. \u00a1No te pierdas su historia de superaci\u00f3n en el v\u00eddeo de arriba!<\/p>\n","protected":false},"excerpt":{"rendered":"Aitana tiene 10 a\u00f1os y, aunque ella se siente una ni\u00f1a normal como cualquier otra, siente que todos&hellip;\n","protected":false},"author":2,"featured_media":260959,"comment_status":"","ping_status":"","sticky":false,"template":"","format":"standard","meta":{"footnotes":""},"categories":[174],"tags":[255,146,147,25,24,256,23],"class_list":{"0":"post-260958","1":"post","2":"type-post","3":"status-publish","4":"format-standard","5":"has-post-thumbnail","7":"category-famosos","8":"tag-celebrities","9":"tag-entertainment","10":"tag-entretenimiento","11":"tag-es","12":"tag-espana","13":"tag-famosos","14":"tag-spain"},"share_on_mastodon":{"url":"https:\/\/pubeurope.com\/@es\/115629337313354337","error":""},"_links":{"self":[{"href":"https:\/\/www.europesays.com\/es\/wp-json\/wp\/v2\/posts\/260958","targetHints":{"allow":["GET"]}}],"collection":[{"href":"https:\/\/www.europesays.com\/es\/wp-json\/wp\/v2\/posts"}],"about":[{"href":"https:\/\/www.europesays.com\/es\/wp-json\/wp\/v2\/types\/post"}],"author":[{"embeddable":true,"href":"https:\/\/www.europesays.com\/es\/wp-json\/wp\/v2\/users\/2"}],"replies":[{"embeddable":true,"href":"https:\/\/www.europesays.com\/es\/wp-json\/wp\/v2\/comments?post=260958"}],"version-history":[{"count":0,"href":"https:\/\/www.europesays.com\/es\/wp-json\/wp\/v2\/posts\/260958\/revisions"}],"wp:featuredmedia":[{"embeddable":true,"href":"https:\/\/www.europesays.com\/es\/wp-json\/wp\/v2\/media\/260959"}],"wp:attachment":[{"href":"https:\/\/www.europesays.com\/es\/wp-json\/wp\/v2\/media?parent=260958"}],"wp:term":[{"taxonomy":"category","embeddable":true,"href":"https:\/\/www.europesays.com\/es\/wp-json\/wp\/v2\/categories?post=260958"},{"taxonomy":"post_tag","embeddable":true,"href":"https:\/\/www.europesays.com\/es\/wp-json\/wp\/v2\/tags?post=260958"}],"curies":[{"name":"wp","href":"https:\/\/api.w.org\/{rel}","templated":true}]}}