{"id":260967,"date":"2025-11-28T21:06:09","date_gmt":"2025-11-28T21:06:09","guid":{"rendered":"https:\/\/www.europesays.com\/es\/260967\/"},"modified":"2025-11-28T21:06:09","modified_gmt":"2025-11-28T21:06:09","slug":"alvaro-petrot-y-neto-en-el-once-del-elche-nyom-sancris-y-kiko-novedades-del-getafe","status":"publish","type":"post","link":"https:\/\/www.europesays.com\/es\/260967\/","title":{"rendered":"\u00c1lvaro, P\u00e9trot y Neto, en el once del Elche; Nyom, Sancris y Kiko, novedades del Getafe"},"content":{"rendered":"<p class=\"mb-4 text-lg md:leading-8 break-words\">Getafe (Madrid), 28 nov (EFE).- El Elche, con las novedades en su once de \u00c1lvaro Rodr\u00edguez, L\u00e9o Petrot y Martim Neto, se enfrentar\u00e1 en el Coliseum al Getafe, que tambi\u00e9n presenta tres caras nuevas respecto a su \u00faltimo encuentro: Allan Nyom, \u00c1lex Sancris y Kiko Femen\u00eda.<\/p>\n<p class=\"mb-4 text-lg md:leading-8 break-words\">\u00c9der Sarabia ha decidido hacer cambios respecto al equipo que empat\u00f3 2-2 ante el Real Madrid. En el lateral izquierdo, V\u00edctor Chust cede su puesto a Petrot, Marc Aguado estar\u00e1 en el banquillo y su hueco en el centro del campo lo ocupar\u00e1 Neto y arriba Rafa Mir sale y entra \u00c1lvaro, que marc\u00f3 uno de los goles del Elche la pasada jornada.<\/p>\n<p class=\"mb-4 text-lg md:leading-8 break-words\">El once del conjunto ilicitano lo forman: Pe\u00f1a; H\u00e9ctor Fort, \u00c1lvaro N\u00fa\u00f1ez, Affengrugger, Germ\u00e1n Valera, Petrot; Neto, Diangana, Aleix Febas; \u00c1lvaro y Andr\u00e9 Silva.<\/p>\n<p class=\"mb-4 text-lg md:leading-8 break-words\">En el Getafe, Bordal\u00e1s, con las bajas obligadas de Mario Mart\u00edn y de Abdel Abqar por sanci\u00f3n, ha decidido prescindir de una l\u00ednea de cinco defensas para jugar con cuatro cuyos laterales ser\u00e1n Kiko Femen\u00eda y Juan Iglesias, que se desplaza a la izquierda para sustituir a Diego Rico. Nyom jugar\u00e1 en la derecha y Sancris ser\u00e1 la tercera novedad en la izquierda.<\/p>\n<p class=\"mb-4 text-lg md:leading-8 break-words\">El once del Getafe es el formado por Soria; Kiko Femen\u00eda, Djen\u00e9, Duarte, Juan Iglesias; Nyom, Milla, Arambarri, Sancris; Mayoral y Liso.<\/p>\n<p class=\"mb-4 text-lg md:leading-8 break-words\">(c) Agencia EFE<\/p>\n","protected":false},"excerpt":{"rendered":"Getafe (Madrid), 28 nov (EFE).- El Elche, con las novedades en su once de \u00c1lvaro Rodr\u00edguez, L\u00e9o Petrot&hellip;\n","protected":false},"author":2,"featured_media":260968,"comment_status":"","ping_status":"","sticky":false,"template":"","format":"standard","meta":{"footnotes":""},"categories":[93],"tags":[65168,65166,65164,65163,168,30412,995,2006,25,24,13723,43117,20389,65165,8214,2992,65167,23,167],"class_list":{"0":"post-260967","1":"post","2":"type-post","3":"status-publish","4":"format-standard","5":"has-post-thumbnail","7":"category-deportes","8":"tag-abdel-abqar","9":"tag-aleix-febas","10":"tag-allan-nyom","11":"tag-alvaro-rodriguez","12":"tag-deportes","13":"tag-eder-sarabia","14":"tag-efe","15":"tag-elche","16":"tag-es","17":"tag-espana","18":"tag-getafe","19":"tag-juan-iglesias","20":"tag-kiko-femenia","21":"tag-marc-aguado","22":"tag-martim-neto","23":"tag-rafa-mir","24":"tag-sancris","25":"tag-spain","26":"tag-sports"},"share_on_mastodon":{"url":"https:\/\/pubeurope.com\/@es\/115629364760531767","error":""},"_links":{"self":[{"href":"https:\/\/www.europesays.com\/es\/wp-json\/wp\/v2\/posts\/260967","targetHints":{"allow":["GET"]}}],"collection":[{"href":"https:\/\/www.europesays.com\/es\/wp-json\/wp\/v2\/posts"}],"about":[{"href":"https:\/\/www.europesays.com\/es\/wp-json\/wp\/v2\/types\/post"}],"author":[{"embeddable":true,"href":"https:\/\/www.europesays.com\/es\/wp-json\/wp\/v2\/users\/2"}],"replies":[{"embeddable":true,"href":"https:\/\/www.europesays.com\/es\/wp-json\/wp\/v2\/comments?post=260967"}],"version-history":[{"count":0,"href":"https:\/\/www.europesays.com\/es\/wp-json\/wp\/v2\/posts\/260967\/revisions"}],"wp:featuredmedia":[{"embeddable":true,"href":"https:\/\/www.europesays.com\/es\/wp-json\/wp\/v2\/media\/260968"}],"wp:attachment":[{"href":"https:\/\/www.europesays.com\/es\/wp-json\/wp\/v2\/media?parent=260967"}],"wp:term":[{"taxonomy":"category","embeddable":true,"href":"https:\/\/www.europesays.com\/es\/wp-json\/wp\/v2\/categories?post=260967"},{"taxonomy":"post_tag","embeddable":true,"href":"https:\/\/www.europesays.com\/es\/wp-json\/wp\/v2\/tags?post=260967"}],"curies":[{"name":"wp","href":"https:\/\/api.w.org\/{rel}","templated":true}]}}